{"id":118613,"date":"2020-01-15T11:16:17","date_gmt":"2020-01-15T08:16:17","guid":{"rendered":"http:\/\/arantv.az\/?p=118613"},"modified":"2020-01-15T11:16:17","modified_gmt":"2020-01-15T08:16:17","slug":"nazirlikd%c9%99-bu-r%c9%99hb%c9%99r-v%c9%99zif%c9%99l%c9%99r-bosdur-isci-axtarilir","status":"publish","type":"post","link":"https:\/\/arantv.az\/?p=118613","title":{"rendered":"Nazirlikd\u0259 bu r\u0259hb\u0259r v\u0259zif\u0259l\u0259r bo\u015fdur &#8211; \u0130\u015f\u00e7i axtar\u0131l\u0131r"},"content":{"rendered":"<p>G\u00f6yg\u00f6l, Alt\u0131a\u011fac, Hirkan, Q\u0131z\u0131la\u011fac, \u015eahda\u011f, Samur-Yalama Milli Parklar\u0131na v\u0259 Kor\u00e7ay, Eldar \u015eam\u0131 D\u00f6vl\u0259t T\u0259bi\u0259t Qoruqlar\u0131na r\u0259hb\u0259r v\u0259zif\u0259l\u0259r\u0259 i\u015f\u0259 q\u0259bul \u00fczr\u0259 m\u00fcsabiq\u0259 elan edilib.<\/p>\n<p>M\u00fcsabiq\u0259d\u0259 ya\u015f\u0131 25-d\u0259n yuxar\u0131, ali t\u0259hsilli v\u0259 r\u0259hb\u0259r v\u0259zif\u0259d\u0259 \u0259n az\u0131 be\u015f\u00a0il i\u015f t\u0259cr\u00fcb\u0259si olan \u015f\u0259xsl\u0259r i\u015ftirak ed\u0259 bil\u0259r.<\/p>\n<p>Bunu jurnalistl\u0259r\u0259 a\u00e7\u0131qlamas\u0131nda Ekologiya v\u0259 T\u0259bii S\u0259rv\u0259tl\u0259r Nazirliyinin \u0130nsan Resurslar\u0131n\u0131n \u0130dar\u0259 Edilm\u0259si \u015f\u00f6b\u0259sinin m\u00fcdiri Orxan M\u0259h\u0259rr\u0259mli bildirib.<\/p>\n<div id=\"AdviadNativeVideo0\" class=\"AdviadNativeVideo\"><\/div>\n<p>O deyib ki, namiz\u0259dl\u0259rin se\u00e7imi Ekologiya v\u0259 T\u0259bii S\u0259rv\u0259tl\u0259r Nazirliyinin, \u0130DEA \u0130ctimai Birliyinin v\u0259 D\u00f6vl\u0259t Turizm Agentliyinin m\u00fct\u0259x\u0259ssisl\u0259rind\u0259n ibar\u0259t komissiya t\u0259r\u0259find\u0259n h\u0259yata ke\u00e7iril\u0259c\u0259k:<\/p>\n<p>\u201cM\u00fcsabiq\u0259d\u0259 i\u015ftirak ed\u0259c\u0259k namiz\u0259dl\u0259rd\u0259n idar\u0259etm\u0259 bacar\u0131\u011f\u0131, sah\u0259vi bilikl\u0259r, \u00fcmumi d\u00fcnyag\u00f6r\u00fc\u015f\u00fc, sah\u0259 \u00fczr\u0259 i\u015f t\u0259cr\u00fcb\u0259si, natiqlik, komp\u00fcter v\u0259 xarici dil bilikl\u0259ri t\u0259l\u0259b olunur. Se\u00e7iml\u0259r zaman\u0131 t\u0259bi\u0259t elml\u0259ri \u00fczr\u0259 elmi d\u0259r\u0259c\u0259si olan namiz\u0259dl\u0259r\u0259 \u00fcst\u00fcnl\u00fck veril\u0259c\u0259k.<\/p>\n<p>M\u00fcsabiq\u0259d\u0259 i\u015ftirak etm\u0259k ist\u0259y\u0259nl\u0259r s\u0259n\u0259dl\u0259rini (kadrlar\u0131n \u015f\u0259xsi u\u00e7ot v\u0259r\u0259q\u0259si, t\u0259rc\u00fcmeyi-hal v\u0259 ali t\u0259hsil haqq\u0131nda diplomun sur\u0259ti) 30 yanvar 2020-ci il tarixin\u0259d\u0259k Nazirliyin \u0130nsan Resurslar\u0131n\u0131n \u0130dar\u0259 Edilm\u0259si \u015f\u00f6b\u0259sin\u0259 t\u0259qdim etm\u0259lidirl\u0259r\u201d.<\/p>\n","protected":false},"excerpt":{"rendered":"<p>G\u00f6yg\u00f6l, Alt\u0131a\u011fac, Hirkan, Q\u0131z\u0131la\u011fac, \u015eahda\u011f, Samur-Yalama Milli Parklar\u0131na v\u0259 Kor\u00e7ay, Eldar \u015eam\u0131 D\u00f6vl\u0259t T\u0259bi\u0259t Qoruqlar\u0131na r\u0259hb\u0259r v\u0259zif\u0259l\u0259r\u0259 i\u015f\u0259 q\u0259bul \u00fczr\u0259 m\u00fcsabiq\u0259 elan edilib. M\u00fcsabiq\u0259d\u0259 ya\u015f\u0131 25-d\u0259n yuxar\u0131, ali t\u0259hsilli v\u0259 r\u0259hb\u0259r v\u0259zif\u0259d\u0259 \u0259n az\u0131 be\u015f\u00a0il i\u015f t\u0259cr\u00fcb\u0259si olan \u015f\u0259xsl\u0259r i\u015ftirak ed\u0259 bil\u0259r. Bunu jurnalistl\u0259r\u0259 a\u00e7\u0131qlamas\u0131nda Ekologiya v\u0259 T\u0259bii S\u0259rv\u0259tl\u0259r Nazirliyinin \u0130nsan Resurslar\u0131n\u0131n \u0130dar\u0259 Edilm\u0259si \u015f\u00f6b\u0259sinin m\u00fcdiri Orxan M\u0259h\u0259rr\u0259mli bildirib. O deyib ki, namiz\u0259dl\u0259rin se\u00e7imi Ekologiya v\u0259 T\u0259bii S\u0259rv\u0259tl\u0259r Nazirliyinin, \u0130DEA \u0130ctimai Birliyinin v\u0259 D\u00f6vl\u0259t Turizm Agentliyinin m\u00fct\u0259x\u0259ssisl\u0259rind\u0259n ibar\u0259t komissiya t\u0259r\u0259find\u0259n h\u0259yata ke\u00e7iril\u0259c\u0259k: \u201cM\u00fcsabiq\u0259d\u0259 i\u015ftirak ed\u0259c\u0259k namiz\u0259dl\u0259rd\u0259n idar\u0259etm\u0259 bacar\u0131\u011f\u0131, sah\u0259vi bilikl\u0259r,&hellip;<\/p>\n","protected":false},"author":2,"featured_media":118614,"comment_status":"closed","ping_status":"closed","sticky":false,"template":"","format":"standard","meta":{"om_disable_all_campaigns":false,"_monsterinsights_skip_tracking":false,"_monsterinsights_sitenote_active":false,"_monsterinsights_sitenote_note":"","_monsterinsights_sitenote_category":0},"categories":[1],"tags":[],"aioseo_notices":[],"gutentor_comment":0,"rttpg_featured_image_url":{"full":["https:\/\/arantv.az\/wp-content\/uploads\/2020\/01\/d2903751c790a252a6c3dbf78a6e3a13__1576045203.jpg",620,413,false],"landscape":["https:\/\/arantv.az\/wp-content\/uploads\/2020\/01\/d2903751c790a252a6c3dbf78a6e3a13__1576045203.jpg",620,413,false],"portraits":["https:\/\/arantv.az\/wp-content\/uploads\/2020\/01\/d2903751c790a252a6c3dbf78a6e3a13__1576045203.jpg",620,413,false],"thumbnail":["https:\/\/arantv.az\/wp-content\/uploads\/2020\/01\/d2903751c790a252a6c3dbf78a6e3a13__1576045203-150x150.jpg",150,150,true],"medium":["https:\/\/arantv.az\/wp-content\/uploads\/2020\/01\/d2903751c790a252a6c3dbf78a6e3a13__1576045203-300x200.jpg",300,200,true],"large":["https:\/\/arantv.az\/wp-content\/uploads\/2020\/01\/d2903751c790a252a6c3dbf78a6e3a13__1576045203.jpg",620,413,false],"1536x1536":["https:\/\/arantv.az\/wp-content\/uploads\/2020\/01\/d2903751c790a252a6c3dbf78a6e3a13__1576045203.jpg",620,413,false],"2048x2048":["https:\/\/arantv.az\/wp-content\/uploads\/2020\/01\/d2903751c790a252a6c3dbf78a6e3a13__1576045203.jpg",620,413,false],"post-thumbnail":["https:\/\/arantv.az\/wp-content\/uploads\/2020\/01\/d2903751c790a252a6c3dbf78a6e3a13__1576045203-240x172.jpg",240,172,true],"advps-thumb-one":["https:\/\/arantv.az\/wp-content\/uploads\/2020\/01\/d2903751c790a252a6c3dbf78a6e3a13__1576045203.jpg",620,413,false]},"rttpg_author":{"display_name":"V\u00fcsal Rafiqo\u011flu","author_link":"https:\/\/arantv.az\/?author=2"},"rttpg_comment":0,"rttpg_category":"<a href=\"https:\/\/arantv.az\/?cat=1\" rel=\"category\">C\u0259miyy\u0259t<\/a>","rttpg_excerpt":"G\u00f6yg\u00f6l, Alt\u0131a\u011fac, Hirkan, Q\u0131z\u0131la\u011fac, \u015eahda\u011f, Samur-Yalama Milli Parklar\u0131na v\u0259 Kor\u00e7ay, Eldar \u015eam\u0131 D\u00f6vl\u0259t T\u0259bi\u0259t Qoruqlar\u0131na r\u0259hb\u0259r v\u0259zif\u0259l\u0259r\u0259 i\u015f\u0259 q\u0259bul \u00fczr\u0259 m\u00fcsabiq\u0259 elan edilib. M\u00fcsabiq\u0259d\u0259 ya\u015f\u0131 25-d\u0259n yuxar\u0131, ali t\u0259hsilli v\u0259 r\u0259hb\u0259r v\u0259zif\u0259d\u0259 \u0259n az\u0131 be\u015f\u00a0il i\u015f t\u0259cr\u00fcb\u0259si olan \u015f\u0259xsl\u0259r i\u015ftirak ed\u0259 bil\u0259r. Bunu jurnalistl\u0259r\u0259 a\u00e7\u0131qlamas\u0131nda Ekologiya v\u0259 T\u0259bii S\u0259rv\u0259tl\u0259r Nazirliyinin \u0130nsan Resurslar\u0131n\u0131n \u0130dar\u0259 Edilm\u0259si \u015f\u00f6b\u0259sinin&hellip;","_links":{"self":[{"href":"https:\/\/arantv.az\/index.php?rest_route=\/wp\/v2\/posts\/118613"}],"collection":[{"href":"https:\/\/arantv.az\/index.php?rest_route=\/wp\/v2\/posts"}],"about":[{"href":"https:\/\/arantv.az\/index.php?rest_route=\/wp\/v2\/types\/post"}],"author":[{"embeddable":true,"href":"https:\/\/arantv.az\/index.php?rest_route=\/wp\/v2\/users\/2"}],"replies":[{"embeddable":true,"href":"https:\/\/arantv.az\/index.php?rest_route=%2Fwp%2Fv2%2Fcomments&post=118613"}],"version-history":[{"count":0,"href":"https:\/\/arantv.az\/index.php?rest_route=\/wp\/v2\/posts\/118613\/revisions"}],"wp:featuredmedia":[{"embeddable":true,"href":"https:\/\/arantv.az\/index.php?rest_route=\/wp\/v2\/media\/118614"}],"wp:attachment":[{"href":"https:\/\/arantv.az\/index.php?rest_route=%2Fwp%2Fv2%2Fmedia&parent=118613"}],"wp:term":[{"taxonomy":"category","embeddable":true,"href":"https:\/\/arantv.az\/index.php?rest_route=%2Fwp%2Fv2%2Fcategories&post=118613"},{"taxonomy":"post_tag","embeddable":true,"href":"https:\/\/arantv.az\/index.php?rest_route=%2Fwp%2Fv2%2Ftags&post=118613"}],"curies":[{"name":"wp","href":"https:\/\/api.w.org\/{rel}","templated":true}]}}