{"id":118626,"date":"2020-01-15T11:19:17","date_gmt":"2020-01-15T08:19:17","guid":{"rendered":"http:\/\/arantv.az\/?p=118626"},"modified":"2020-01-15T11:19:17","modified_gmt":"2020-01-15T08:19:17","slug":"h%c9%99bs-edil%c9%99n-sabiq-icra-bascisinin-oglu-isd%c9%99n-cixarildi","status":"publish","type":"post","link":"https:\/\/arantv.az\/?p=118626","title":{"rendered":"H\u0259bs edil\u0259n sabiq icra ba\u015f\u00e7\u0131s\u0131n\u0131n o\u011flu i\u015fd\u0259n \u00e7\u0131xar\u0131ld\u0131"},"content":{"rendered":"<p>A\u011fstafa \u0130cra Hakimiyy\u0259tin sabiq icra ba\u015f\u00e7\u0131s\u0131 Nizam\u0259ddin Quliyevin o\u011flu i\u015fd\u0259n \u00e7\u0131xar\u0131l\u0131b.<\/p>\n<p><b>ARANTV.AZ\u00a0<\/b> x\u0259b\u0259r verir ki, bu bar\u0259d\u0259 Ba\u015f prokurorun m\u00fcavini-Ba\u015f prokuror yan\u0131nda Korrupsiyaya qar\u015f\u0131 M\u00fcbariz\u0259 Ba\u015f \u0130dar\u0259sinin r\u0259isi Kamran \u018fliyev m\u0259lumat verib.<\/p>\n<div id=\"AdviadNativeVideo0\" class=\"AdviadNativeVideo\"><\/div>\n<p>O bildirib ki, bu m\u0259s\u0259l\u0259l\u0259r\u0259 q\u0259d\u0259r Nizam\u0259ddin Quliyevin o\u011flu Ramal Quliyev idar\u0259nin \u0259m\u0259kda\u015f\u0131 olub:<\/p>\n<p>\u201cRamal Quliyevin m\u00fcraci\u0259ti \u0259sas\u0131nda ba\u015f Prokurorun m\u00fcaviq \u0259mri il\u0259 tutdu\u011fu v\u0259zif\u0259d\u0259n azad olunub\u201d.Oxu.Az<\/p>\n","protected":false},"excerpt":{"rendered":"<p>A\u011fstafa \u0130cra Hakimiyy\u0259tin sabiq icra ba\u015f\u00e7\u0131s\u0131 Nizam\u0259ddin Quliyevin o\u011flu i\u015fd\u0259n \u00e7\u0131xar\u0131l\u0131b. ARANTV.AZ\u00a0 x\u0259b\u0259r verir ki, bu bar\u0259d\u0259 Ba\u015f prokurorun m\u00fcavini-Ba\u015f prokuror yan\u0131nda Korrupsiyaya qar\u015f\u0131 M\u00fcbariz\u0259 Ba\u015f \u0130dar\u0259sinin r\u0259isi Kamran \u018fliyev m\u0259lumat verib. O bildirib ki, bu m\u0259s\u0259l\u0259l\u0259r\u0259 q\u0259d\u0259r Nizam\u0259ddin Quliyevin o\u011flu Ramal Quliyev idar\u0259nin \u0259m\u0259kda\u015f\u0131 olub: \u201cRamal Quliyevin m\u00fcraci\u0259ti \u0259sas\u0131nda ba\u015f Prokurorun m\u00fcaviq \u0259mri il\u0259 tutdu\u011fu v\u0259zif\u0259d\u0259n azad olunub\u201d.Oxu.Az<\/p>\n","protected":false},"author":2,"featured_media":118627,"comment_status":"closed","ping_status":"closed","sticky":false,"template":"","format":"standard","meta":{"om_disable_all_campaigns":false,"_monsterinsights_skip_tracking":false,"_monsterinsights_sitenote_active":false,"_monsterinsights_sitenote_note":"","_monsterinsights_sitenote_category":0},"categories":[1],"tags":[],"aioseo_notices":[],"gutentor_comment":0,"rttpg_featured_image_url":{"full":["https:\/\/arantv.az\/wp-content\/uploads\/2020\/01\/FotoJet-7-1.jpg",620,435,false],"landscape":["https:\/\/arantv.az\/wp-content\/uploads\/2020\/01\/FotoJet-7-1.jpg",620,435,false],"portraits":["https:\/\/arantv.az\/wp-content\/uploads\/2020\/01\/FotoJet-7-1.jpg",620,435,false],"thumbnail":["https:\/\/arantv.az\/wp-content\/uploads\/2020\/01\/FotoJet-7-1-150x150.jpg",150,150,true],"medium":["https:\/\/arantv.az\/wp-content\/uploads\/2020\/01\/FotoJet-7-1-300x210.jpg",300,210,true],"large":["https:\/\/arantv.az\/wp-content\/uploads\/2020\/01\/FotoJet-7-1.jpg",620,435,false],"1536x1536":["https:\/\/arantv.az\/wp-content\/uploads\/2020\/01\/FotoJet-7-1.jpg",620,435,false],"2048x2048":["https:\/\/arantv.az\/wp-content\/uploads\/2020\/01\/FotoJet-7-1.jpg",620,435,false],"post-thumbnail":["https:\/\/arantv.az\/wp-content\/uploads\/2020\/01\/FotoJet-7-1-240x172.jpg",240,172,true],"advps-thumb-one":["https:\/\/arantv.az\/wp-content\/uploads\/2020\/01\/FotoJet-7-1.jpg",620,435,false]},"rttpg_author":{"display_name":"V\u00fcsal Rafiqo\u011flu","author_link":"https:\/\/arantv.az\/?author=2"},"rttpg_comment":0,"rttpg_category":"<a href=\"https:\/\/arantv.az\/?cat=1\" rel=\"category\">C\u0259miyy\u0259t<\/a>","rttpg_excerpt":"A\u011fstafa \u0130cra Hakimiyy\u0259tin sabiq icra ba\u015f\u00e7\u0131s\u0131 Nizam\u0259ddin Quliyevin o\u011flu i\u015fd\u0259n \u00e7\u0131xar\u0131l\u0131b. ARANTV.AZ\u00a0 x\u0259b\u0259r verir ki, bu bar\u0259d\u0259 Ba\u015f prokurorun m\u00fcavini-Ba\u015f prokuror yan\u0131nda Korrupsiyaya qar\u015f\u0131 M\u00fcbariz\u0259 Ba\u015f \u0130dar\u0259sinin r\u0259isi Kamran \u018fliyev m\u0259lumat verib. O bildirib ki, bu m\u0259s\u0259l\u0259l\u0259r\u0259 q\u0259d\u0259r Nizam\u0259ddin Quliyevin o\u011flu Ramal Quliyev idar\u0259nin \u0259m\u0259kda\u015f\u0131 olub: \u201cRamal Quliyevin m\u00fcraci\u0259ti \u0259sas\u0131nda ba\u015f Prokurorun m\u00fcaviq \u0259mri il\u0259&hellip;","_links":{"self":[{"href":"https:\/\/arantv.az\/index.php?rest_route=\/wp\/v2\/posts\/118626"}],"collection":[{"href":"https:\/\/arantv.az\/index.php?rest_route=\/wp\/v2\/posts"}],"about":[{"href":"https:\/\/arantv.az\/index.php?rest_route=\/wp\/v2\/types\/post"}],"author":[{"embeddable":true,"href":"https:\/\/arantv.az\/index.php?rest_route=\/wp\/v2\/users\/2"}],"replies":[{"embeddable":true,"href":"https:\/\/arantv.az\/index.php?rest_route=%2Fwp%2Fv2%2Fcomments&post=118626"}],"version-history":[{"count":0,"href":"https:\/\/arantv.az\/index.php?rest_route=\/wp\/v2\/posts\/118626\/revisions"}],"wp:featuredmedia":[{"embeddable":true,"href":"https:\/\/arantv.az\/index.php?rest_route=\/wp\/v2\/media\/118627"}],"wp:attachment":[{"href":"https:\/\/arantv.az\/index.php?rest_route=%2Fwp%2Fv2%2Fmedia&parent=118626"}],"wp:term":[{"taxonomy":"category","embeddable":true,"href":"https:\/\/arantv.az\/index.php?rest_route=%2Fwp%2Fv2%2Fcategories&post=118626"},{"taxonomy":"post_tag","embeddable":true,"href":"https:\/\/arantv.az\/index.php?rest_route=%2Fwp%2Fv2%2Ftags&post=118626"}],"curies":[{"name":"wp","href":"https:\/\/api.w.org\/{rel}","templated":true}]}}