{"id":118630,"date":"2020-01-15T11:21:05","date_gmt":"2020-01-15T08:21:05","guid":{"rendered":"http:\/\/arantv.az\/?p=118630"},"modified":"2020-01-15T11:21:05","modified_gmt":"2020-01-15T08:21:05","slug":"son-5-ild%c9%99-1445-n%c9%99f%c9%99r-avropa-olk%c9%99l%c9%99rind%c9%99n-az%c9%99rbaycana-qaytarilib","status":"publish","type":"post","link":"https:\/\/arantv.az\/?p=118630","title":{"rendered":"Son 5 ild\u0259 1445 n\u0259f\u0259r Avropa \u00f6lk\u0259l\u0259rind\u0259n Az\u0259rbaycana qaytar\u0131l\u0131b"},"content":{"rendered":"<blockquote><p><em><strong>2014-c\u00fc ild\u0259n bu g\u00fcn\u0259 q\u0259d\u0259r 1445 n\u0259f\u0259r Avropa \u00f6lk\u0259l\u0259rind\u0259n Az\u0259rbaycana geri qaytar\u0131l\u0131b.<\/strong><\/em><\/p><\/blockquote>\n<p><strong>ARANTV.AZ<\/strong>\u00a0\u00a0<a href=\"http:\/\/az.trend.az\/\" target=\"_blank\" rel=\"noopener\">Trend<\/a>-\u0259 istinad\u0259n bildirir ki, bunu D\u00f6vl\u0259t Miqrasiya Xidm\u0259tinin (DMX) r\u0259isi V\u00fcsal H\u00fcseynov bu g\u00fcn 2019-cu ilin yekunlar\u0131na dair ke\u00e7irdiyi m\u0259tbuat konfrans\u0131nda deyib.<\/p>\n<p>Onun s\u00f6zl\u0259rin\u0259 g\u00f6r\u0259, qaytar\u0131lan \u015f\u0259xsl\u0259rin b\u00f6y\u00fck \u0259ks\u0259riyy\u0259ti Almaniyada olan az\u0259rbaycanl\u0131lar olub.<\/p>\n<p>V.H\u00fcseynov qeyd edib ki, readmissiya olan \u015f\u0259xsl\u0259r, h\u0259m\u00e7inin Avstriya, Fransa, \u0130sve\u00e7, Bel\u00e7ika kimi Avropa \u00f6lk\u0259l\u0259rind\u0259n realla\u015f\u0131b:<\/p>\n<p>&#8220;Bu g\u00fcn\u0259 olan m\u0259lumata \u0259sas\u0259n, 1323 n\u0259f\u0259r \u015f\u0259xsin readmissiya olunmas\u0131 il\u0259 ba\u011fl\u0131 sor\u011fular daxil olub v\u0259 onlar m\u00fcsb\u0259t cavabland\u0131r\u0131l\u0131b. Lakin geri qaytar\u0131lmas\u0131 realla\u015fmay\u0131b. Ancaq onlar\u0131n da geri qaytar\u0131lmas\u0131 g\u00f6zl\u0259nilir. \u015e\u0259xsl\u0259r qaytar\u0131ld\u0131\u011f\u0131 t\u0259qdird\u0259 D\u00f6vl\u0259t Miqrasiya Xidm\u0259ti t\u0259r\u0259find\u0259n \u015f\u0259xsl\u0259rin v\u0259ziyy\u0259ti, orada hans\u0131 probleml\u0259rinin olmas\u0131 il\u0259 maraqlan\u0131l\u0131r. Miqrasiya Xidm\u0259ti yan\u0131nda reinteqrasiya i\u015f\u00e7i qrupu f\u0259aliyy\u0259t g\u00f6st\u0259rir. Orada m\u00fcxt\u0259lif qurumlar\u0131n n\u00fcmay\u0259nd\u0259l\u0259ri t\u0259msil olunur. Biz bu \u00e7\u0259r\u00e7iv\u0259d\u0259 DMX-d\u0259 fa\u0259liyy\u0259t g\u00f6st\u0259r\u0259n \u0130nteqrasiya \u0130\u015f\u00e7i Qrupu t\u0259r\u0259find\u0259n 57-58 \u015f\u0259xsin ehtiyaclar\u0131n\u0131 h\u0259yata ke\u00e7irmi\u015fik&#8221;.<\/p>\n","protected":false},"excerpt":{"rendered":"<p>2014-c\u00fc ild\u0259n bu g\u00fcn\u0259 q\u0259d\u0259r 1445 n\u0259f\u0259r Avropa \u00f6lk\u0259l\u0259rind\u0259n Az\u0259rbaycana geri qaytar\u0131l\u0131b. ARANTV.AZ\u00a0\u00a0Trend-\u0259 istinad\u0259n bildirir ki, bunu D\u00f6vl\u0259t Miqrasiya Xidm\u0259tinin (DMX) r\u0259isi V\u00fcsal H\u00fcseynov bu g\u00fcn 2019-cu ilin yekunlar\u0131na dair ke\u00e7irdiyi m\u0259tbuat konfrans\u0131nda deyib. Onun s\u00f6zl\u0259rin\u0259 g\u00f6r\u0259, qaytar\u0131lan \u015f\u0259xsl\u0259rin b\u00f6y\u00fck \u0259ks\u0259riyy\u0259ti Almaniyada olan az\u0259rbaycanl\u0131lar olub. V.H\u00fcseynov qeyd edib ki, readmissiya olan \u015f\u0259xsl\u0259r, h\u0259m\u00e7inin Avstriya, Fransa, \u0130sve\u00e7, Bel\u00e7ika kimi Avropa \u00f6lk\u0259l\u0259rind\u0259n realla\u015f\u0131b: &#8220;Bu g\u00fcn\u0259 olan m\u0259lumata \u0259sas\u0259n, 1323 n\u0259f\u0259r \u015f\u0259xsin readmissiya olunmas\u0131 il\u0259 ba\u011fl\u0131 sor\u011fular daxil olub v\u0259 onlar m\u00fcsb\u0259t cavabland\u0131r\u0131l\u0131b. Lakin geri qaytar\u0131lmas\u0131 realla\u015fmay\u0131b. Ancaq onlar\u0131n da geri qaytar\u0131lmas\u0131 g\u00f6zl\u0259nilir.&hellip;<\/p>\n","protected":false},"author":2,"featured_media":118631,"comment_status":"closed","ping_status":"closed","sticky":false,"template":"","format":"standard","meta":{"om_disable_all_campaigns":false,"_monsterinsights_skip_tracking":false,"_monsterinsights_sitenote_active":false,"_monsterinsights_sitenote_note":"","_monsterinsights_sitenote_category":0},"categories":[1],"tags":[],"aioseo_notices":[],"gutentor_comment":0,"rttpg_featured_image_url":{"full":["https:\/\/arantv.az\/wp-content\/uploads\/2020\/01\/aeroport_gozleme_yeri_01.jpg",482,361,false],"landscape":["https:\/\/arantv.az\/wp-content\/uploads\/2020\/01\/aeroport_gozleme_yeri_01.jpg",482,361,false],"portraits":["https:\/\/arantv.az\/wp-content\/uploads\/2020\/01\/aeroport_gozleme_yeri_01.jpg",482,361,false],"thumbnail":["https:\/\/arantv.az\/wp-content\/uploads\/2020\/01\/aeroport_gozleme_yeri_01-150x150.jpg",150,150,true],"medium":["https:\/\/arantv.az\/wp-content\/uploads\/2020\/01\/aeroport_gozleme_yeri_01-300x225.jpg",300,225,true],"large":["https:\/\/arantv.az\/wp-content\/uploads\/2020\/01\/aeroport_gozleme_yeri_01.jpg",482,361,false],"1536x1536":["https:\/\/arantv.az\/wp-content\/uploads\/2020\/01\/aeroport_gozleme_yeri_01.jpg",482,361,false],"2048x2048":["https:\/\/arantv.az\/wp-content\/uploads\/2020\/01\/aeroport_gozleme_yeri_01.jpg",482,361,false],"post-thumbnail":["https:\/\/arantv.az\/wp-content\/uploads\/2020\/01\/aeroport_gozleme_yeri_01-240x172.jpg",240,172,true],"advps-thumb-one":["https:\/\/arantv.az\/wp-content\/uploads\/2020\/01\/aeroport_gozleme_yeri_01.jpg",482,361,false]},"rttpg_author":{"display_name":"V\u00fcsal Rafiqo\u011flu","author_link":"https:\/\/arantv.az\/?author=2"},"rttpg_comment":0,"rttpg_category":"<a href=\"https:\/\/arantv.az\/?cat=1\" rel=\"category\">C\u0259miyy\u0259t<\/a>","rttpg_excerpt":"2014-c\u00fc ild\u0259n bu g\u00fcn\u0259 q\u0259d\u0259r 1445 n\u0259f\u0259r Avropa \u00f6lk\u0259l\u0259rind\u0259n Az\u0259rbaycana geri qaytar\u0131l\u0131b. ARANTV.AZ\u00a0\u00a0Trend-\u0259 istinad\u0259n bildirir ki, bunu D\u00f6vl\u0259t Miqrasiya Xidm\u0259tinin (DMX) r\u0259isi V\u00fcsal H\u00fcseynov bu g\u00fcn 2019-cu ilin yekunlar\u0131na dair ke\u00e7irdiyi m\u0259tbuat konfrans\u0131nda deyib. Onun s\u00f6zl\u0259rin\u0259 g\u00f6r\u0259, qaytar\u0131lan \u015f\u0259xsl\u0259rin b\u00f6y\u00fck \u0259ks\u0259riyy\u0259ti Almaniyada olan az\u0259rbaycanl\u0131lar olub. V.H\u00fcseynov qeyd edib ki, readmissiya olan \u015f\u0259xsl\u0259r, h\u0259m\u00e7inin Avstriya, Fransa,&hellip;","_links":{"self":[{"href":"https:\/\/arantv.az\/index.php?rest_route=\/wp\/v2\/posts\/118630"}],"collection":[{"href":"https:\/\/arantv.az\/index.php?rest_route=\/wp\/v2\/posts"}],"about":[{"href":"https:\/\/arantv.az\/index.php?rest_route=\/wp\/v2\/types\/post"}],"author":[{"embeddable":true,"href":"https:\/\/arantv.az\/index.php?rest_route=\/wp\/v2\/users\/2"}],"replies":[{"embeddable":true,"href":"https:\/\/arantv.az\/index.php?rest_route=%2Fwp%2Fv2%2Fcomments&post=118630"}],"version-history":[{"count":0,"href":"https:\/\/arantv.az\/index.php?rest_route=\/wp\/v2\/posts\/118630\/revisions"}],"wp:featuredmedia":[{"embeddable":true,"href":"https:\/\/arantv.az\/index.php?rest_route=\/wp\/v2\/media\/118631"}],"wp:attachment":[{"href":"https:\/\/arantv.az\/index.php?rest_route=%2Fwp%2Fv2%2Fmedia&parent=118630"}],"wp:term":[{"taxonomy":"category","embeddable":true,"href":"https:\/\/arantv.az\/index.php?rest_route=%2Fwp%2Fv2%2Fcategories&post=118630"},{"taxonomy":"post_tag","embeddable":true,"href":"https:\/\/arantv.az\/index.php?rest_route=%2Fwp%2Fv2%2Ftags&post=118630"}],"curies":[{"name":"wp","href":"https:\/\/api.w.org\/{rel}","templated":true}]}}