{"id":118654,"date":"2020-01-15T11:32:07","date_gmt":"2020-01-15T08:32:07","guid":{"rendered":"http:\/\/arantv.az\/?p=118654"},"modified":"2020-01-15T11:32:07","modified_gmt":"2020-01-15T08:32:07","slug":"az%c9%99rbaycanda-1376-kilometr-avtomobil-yolu-istifad%c9%99y%c9%99-verilib","status":"publish","type":"post","link":"https:\/\/arantv.az\/?p=118654","title":{"rendered":"Az\u0259rbaycanda 1376 kilometr avtomobil yolu istifad\u0259y\u0259 verilib"},"content":{"rendered":"<blockquote><p><em><strong>2019-cu ilin yekunlar\u0131na \u0259sas\u0259n Az\u0259rbaycanda 1376 kilometr\u0259d\u0259k avtomobil yolu t\u0259mir edilib v\u0259 istifad\u0259y\u0259 verilib.<\/strong><\/em><\/p><\/blockquote>\n<p><strong>ARANTV.AZ<\/strong>\u00a0\u00a0<a href=\"https:\/\/az.trend.az\/\" target=\"_blank\" rel=\"noopener\">Trend<\/a>-\u0259 istinad\u0259n x\u0259b\u0259r verir ki, bunu Avtomobil Yollar\u0131 D\u00f6vl\u0259t Agentliyinin \u0130dar\u0259 hey\u0259tinin s\u0259dri Saleh M\u0259mm\u0259dov m\u0259tbuat konfrans\u0131nda deyib.<\/p>\n<p>O bildirib ki, yollar\u0131n geni\u015fl\u0259nm\u0259si v\u0259 magistrallar\u0131n yarad\u0131lmas\u0131 y\u00fck avtomobill\u0259rinin s\u00fcr\u0259t h\u0259ddini 80 kilometr\/saata, minik ma\u015f\u0131nlar\u0131n\u0131n is\u0259 90-110 kilometr\/saatad\u0259k art\u0131rma\u011fa imkan verib.<\/p>\n<p>S.M\u0259mm\u0259dovun s\u00f6zl\u0259rin\u0259 g\u00f6r\u0259, y\u00fcks\u0259k keyfiyy\u0259tli v\u0259 t\u0259hl\u00fck\u0259siz yollar Az\u0259rbaycan\u0131n iqtisadi inki\u015faf\u0131 v\u0259 ictimai rifah\u0131n\u0131n vacib amilidir.<\/p>\n","protected":false},"excerpt":{"rendered":"<p>2019-cu ilin yekunlar\u0131na \u0259sas\u0259n Az\u0259rbaycanda 1376 kilometr\u0259d\u0259k avtomobil yolu t\u0259mir edilib v\u0259 istifad\u0259y\u0259 verilib. ARANTV.AZ\u00a0\u00a0Trend-\u0259 istinad\u0259n x\u0259b\u0259r verir ki, bunu Avtomobil Yollar\u0131 D\u00f6vl\u0259t Agentliyinin \u0130dar\u0259 hey\u0259tinin s\u0259dri Saleh M\u0259mm\u0259dov m\u0259tbuat konfrans\u0131nda deyib. O bildirib ki, yollar\u0131n geni\u015fl\u0259nm\u0259si v\u0259 magistrallar\u0131n yarad\u0131lmas\u0131 y\u00fck avtomobill\u0259rinin s\u00fcr\u0259t h\u0259ddini 80 kilometr\/saata, minik ma\u015f\u0131nlar\u0131n\u0131n is\u0259 90-110 kilometr\/saatad\u0259k art\u0131rma\u011fa imkan verib. S.M\u0259mm\u0259dovun s\u00f6zl\u0259rin\u0259 g\u00f6r\u0259, y\u00fcks\u0259k keyfiyy\u0259tli v\u0259 t\u0259hl\u00fck\u0259siz yollar Az\u0259rbaycan\u0131n iqtisadi inki\u015faf\u0131 v\u0259 ictimai rifah\u0131n\u0131n vacib amilidir.<\/p>\n","protected":false},"author":2,"featured_media":118655,"comment_status":"closed","ping_status":"closed","sticky":false,"template":"","format":"standard","meta":{"om_disable_all_campaigns":false,"_monsterinsights_skip_tracking":false,"_monsterinsights_sitenote_active":false,"_monsterinsights_sitenote_note":"","_monsterinsights_sitenote_category":0},"categories":[19],"tags":[],"aioseo_notices":[],"gutentor_comment":0,"rttpg_featured_image_url":{"full":["https:\/\/arantv.az\/wp-content\/uploads\/2020\/01\/818067.jpg",800,600,false],"landscape":["https:\/\/arantv.az\/wp-content\/uploads\/2020\/01\/818067.jpg",800,600,false],"portraits":["https:\/\/arantv.az\/wp-content\/uploads\/2020\/01\/818067.jpg",800,600,false],"thumbnail":["https:\/\/arantv.az\/wp-content\/uploads\/2020\/01\/818067-150x150.jpg",150,150,true],"medium":["https:\/\/arantv.az\/wp-content\/uploads\/2020\/01\/818067-300x225.jpg",300,225,true],"large":["https:\/\/arantv.az\/wp-content\/uploads\/2020\/01\/818067.jpg",640,480,false],"1536x1536":["https:\/\/arantv.az\/wp-content\/uploads\/2020\/01\/818067.jpg",800,600,false],"2048x2048":["https:\/\/arantv.az\/wp-content\/uploads\/2020\/01\/818067.jpg",800,600,false],"post-thumbnail":["https:\/\/arantv.az\/wp-content\/uploads\/2020\/01\/818067-240x172.jpg",240,172,true],"advps-thumb-one":["https:\/\/arantv.az\/wp-content\/uploads\/2020\/01\/818067.jpg",800,600,false]},"rttpg_author":{"display_name":"V\u00fcsal Rafiqo\u011flu","author_link":"https:\/\/arantv.az\/?author=2"},"rttpg_comment":0,"rttpg_category":"<a href=\"https:\/\/arantv.az\/?cat=19\" rel=\"category\">G\u00fcnd\u0259m<\/a>","rttpg_excerpt":"2019-cu ilin yekunlar\u0131na \u0259sas\u0259n Az\u0259rbaycanda 1376 kilometr\u0259d\u0259k avtomobil yolu t\u0259mir edilib v\u0259 istifad\u0259y\u0259 verilib. ARANTV.AZ\u00a0\u00a0Trend-\u0259 istinad\u0259n x\u0259b\u0259r verir ki, bunu Avtomobil Yollar\u0131 D\u00f6vl\u0259t Agentliyinin \u0130dar\u0259 hey\u0259tinin s\u0259dri Saleh M\u0259mm\u0259dov m\u0259tbuat konfrans\u0131nda deyib. O bildirib ki, yollar\u0131n geni\u015fl\u0259nm\u0259si v\u0259 magistrallar\u0131n yarad\u0131lmas\u0131 y\u00fck avtomobill\u0259rinin s\u00fcr\u0259t h\u0259ddini 80 kilometr\/saata, minik ma\u015f\u0131nlar\u0131n\u0131n is\u0259 90-110 kilometr\/saatad\u0259k art\u0131rma\u011fa imkan verib. S.M\u0259mm\u0259dovun&hellip;","_links":{"self":[{"href":"https:\/\/arantv.az\/index.php?rest_route=\/wp\/v2\/posts\/118654"}],"collection":[{"href":"https:\/\/arantv.az\/index.php?rest_route=\/wp\/v2\/posts"}],"about":[{"href":"https:\/\/arantv.az\/index.php?rest_route=\/wp\/v2\/types\/post"}],"author":[{"embeddable":true,"href":"https:\/\/arantv.az\/index.php?rest_route=\/wp\/v2\/users\/2"}],"replies":[{"embeddable":true,"href":"https:\/\/arantv.az\/index.php?rest_route=%2Fwp%2Fv2%2Fcomments&post=118654"}],"version-history":[{"count":0,"href":"https:\/\/arantv.az\/index.php?rest_route=\/wp\/v2\/posts\/118654\/revisions"}],"wp:featuredmedia":[{"embeddable":true,"href":"https:\/\/arantv.az\/index.php?rest_route=\/wp\/v2\/media\/118655"}],"wp:attachment":[{"href":"https:\/\/arantv.az\/index.php?rest_route=%2Fwp%2Fv2%2Fmedia&parent=118654"}],"wp:term":[{"taxonomy":"category","embeddable":true,"href":"https:\/\/arantv.az\/index.php?rest_route=%2Fwp%2Fv2%2Fcategories&post=118654"},{"taxonomy":"post_tag","embeddable":true,"href":"https:\/\/arantv.az\/index.php?rest_route=%2Fwp%2Fv2%2Ftags&post=118654"}],"curies":[{"name":"wp","href":"https:\/\/api.w.org\/{rel}","templated":true}]}}