{"id":118658,"date":"2020-01-15T11:33:28","date_gmt":"2020-01-15T08:33:28","guid":{"rendered":"http:\/\/arantv.az\/?p=118658"},"modified":"2020-01-15T11:33:28","modified_gmt":"2020-01-15T08:33:28","slug":"az%c9%99rbaycana-daxil-olan-%c9%99cn%c9%99bi-v%c9%99-v%c9%99t%c9%99ndasligi-olmayan-s%c9%99xsl%c9%99rin-sayi-artib","status":"publish","type":"post","link":"https:\/\/arantv.az\/?p=118658","title":{"rendered":"Az\u0259rbaycana daxil olan \u0259cn\u0259bi v\u0259 v\u0259t\u0259nda\u015fl\u0131\u011f\u0131 olmayan \u015f\u0259xsl\u0259rin say\u0131 art\u0131b"},"content":{"rendered":"<p><strong>D\u00f6vl\u0259t Miqrasiya Xidm\u0259tinin m\u0259rk\u0259zi aparat\u0131nda k\u00fctl\u0259vi informasiya vasit\u0259l\u0259ri v\u0259 qeyri-h\u00f6kum\u0259t t\u0259\u015fkilatlar\u0131 n\u00fcmay\u0259nd\u0259l\u0259rinin i\u015ftirak\u0131 il\u0259 2019-cu ilin yekunlar\u0131na h\u0259sr olunmu\u015f m\u0259tbuat konfrans\u0131 ke\u00e7irilib.<\/strong><\/p>\n<p><strong>ARANTV.AZ<\/strong>\u00a0\u00a0<a href=\"https:\/\/az.trend.az\/\" target=\"_blank\" rel=\"noopener\">Trend<\/a>-\u0259 istinad\u0259n x\u0259b\u0259r verir ki, t\u0259dbird\u0259 D\u00f6vl\u0259t Miqrasiya Xidm\u0259tinin r\u0259isi, III d\u0259r\u0259c\u0259li d\u00f6vl\u0259t miqrasiya xidm\u0259ti m\u00fc\u015faviri V\u00fcsal H\u00fcseynov \u00e7\u0131x\u0131\u015f ed\u0259r\u0259k miqrasiya sah\u0259sind\u0259 g\u00f6r\u00fcl\u0259n i\u015fl\u0259r, \u0259ld\u0259 olunan n\u0259tic\u0259l\u0259r v\u0259 statistik r\u0259q\u0259ml\u0259r bar\u0259d\u0259 \u0259trafl\u0131 m\u0259lumat verib. O, \u00e7\u0131x\u0131\u015f\u0131nda qeyd edib ki, \u00f6t\u0259n ild\u0259 d\u0259 \u00f6lk\u0259 r\u0259hb\u0259rliyi t\u0259r\u0259find\u0259n D\u00f6vl\u0259t Miqrasiya Xidm\u0259tinin qar\u015f\u0131s\u0131na qoyulan tap\u015f\u0131r\u0131qlar vaxt\u0131nda v\u0259 u\u011furla yerin\u0259 yetirilib:<\/p>\n<p>&#8220;\u015e\u0259ffafl\u0131\u011f\u0131n v\u0259 v\u0259t\u0259nda\u015f m\u0259mnunlu\u011funun art\u0131r\u0131lmas\u0131, qanunvericiliyin t\u0259kmill\u0259\u015fdirilm\u0259si &#8211; daha da sad\u0259l\u0259\u015fdirilm\u0259si, \u0259cn\u0259bil\u0259rin \u00f6z h\u00fcquqlar\u0131ndan s\u0259m\u0259r\u0259li istifad\u0259sin\u0259 \u015f\u0259rait yarad\u0131lmas\u0131, \u00f6lk\u0259d\u0259 miqrasiya prosesl\u0259rinin idar\u0259 edilm\u0259sind\u0259 innovasiyalar\u0131n t\u0259tbiqi istiqam\u0259tind\u0259 m\u00fch\u00fcm t\u0259dbirl\u0259r h\u0259yata ke\u00e7irilib, el\u0259c\u0259 d\u0259 yeni sosial layih\u0259l\u0259r realla\u015fd\u0131r\u0131l\u0131b&#8221;.<\/p>\n<p>V\u00fcsal H\u00fcseynov \u00f6t\u0259n ilin \u0259sas statistik m\u0259lumatlar\u0131n\u0131 a\u00e7\u0131qlay\u0131b v\u0259 bildirib ki, \u00fcmumilikd\u0259 Xidm\u0259t\u0259 edil\u0259n m\u00fcraci\u0259tl\u0259rd\u0259 art\u0131m dinamikas\u0131 m\u00fc\u015fahid\u0259 olunur: &#8220;\u00d6t\u0259n ilin m\u00fcvafiq d\u00f6vr\u00fc il\u0259 m\u00fcqayis\u0259d\u0259 2019-cu ild\u0259 \u00f6lk\u0259y\u0259 daxil olan \u0259cn\u0259bi v\u0259 v\u0259t\u0259nda\u015fl\u0131\u011f\u0131 olmayan \u015f\u0259xsl\u0259rin say\u0131nda 11 faiz, \u00f6lk\u0259d\u0259 m\u00fcv\u0259qq\u0259ti ya\u015fanlarda 10 faiz, i\u015f icaz\u0259si alanlarda 8 faiz art\u0131m m\u00fc\u015fahid\u0259 olunub. Bundan ba\u015fqa, qa\u00e7q\u0131n statusu \u00fc\u00e7\u00fcn m\u00fcraci\u0259tl\u0259rd\u0259 7 faiz art\u0131m qeyd\u0259 al\u0131n\u0131b&#8221;.<\/p>\n<p>H\u0259m\u00e7inin, vur\u011fulan\u0131b ki, \u0259cn\u0259bil\u0259rin \u00f6lk\u0259d\u0259 qanuni olmalar\u0131 v\u0259 ya\u015famalar\u0131 \u00fc\u00e7\u00fcn yarad\u0131lm\u0131\u015f \u015f\u0259rait, o c\u00fcml\u0259d\u0259n miqrasiya m\u0259s\u0259l\u0259l\u0259ri il\u0259 ba\u011fl\u0131 apar\u0131lan m\u0259lumatland\u0131rma i\u015fl\u0259ri n\u0259tic\u0259sind\u0259 ke\u00e7\u0259n il \u0259rzind\u0259 D\u00f6vl\u0259t Miqrasiya Xidm\u0259ti t\u0259r\u0259find\u0259n miqrasiya qanunvericiliyinin t\u0259l\u0259bl\u0259rinin pozulmas\u0131 il\u0259 ba\u011fl\u0131 q\u0259bul edilmi\u015f q\u0259rarlar\u0131n say\u0131nda 23 faiz azalma var.<\/p>\n<p>Xidm\u0259t r\u0259isi s\u00f6yl\u0259yib ki, 2019-cu il D\u00f6vl\u0259t Miqrasiya Xidm\u0259tinin f\u0259aliyy\u0259tind\u0259 ilk d\u0259f\u0259 olaraq sosial layih\u0259l\u0259rin icras\u0131 da prioritet olub. Miqrasiya M\u0259kt\u0259bi, \u0130nformasiya Texnologiyalar\u0131 M\u0259kt\u0259bi, &#8220;Miqrasiya k\u00f6n\u00fcll\u00fcl\u0259ri&#8221; \u0130ctimai Birliyi v\u0259 G\u0259nclik \u0130nki\u015faf Forumu g\u0259ncl\u0259rin miqrasiya sah\u0259sind\u0259 yeni bilik v\u0259 t\u0259cr\u00fcb\u0259 qazanmalar\u0131na t\u00f6hf\u0259 verib. H\u0259m\u00e7inin, g\u0259ncl\u0259r\u0259 xidm\u0259tin m\u00fcvafiq struktur b\u00f6lm\u0259l\u0259rind\u0259 t\u0259cr\u00fcb\u0259 ke\u00e7m\u0259k imkan\u0131 yarad\u0131l\u0131b.<\/p>\n<div>\n<div id=\"AdviadNativeVideo0\" class=\"AdviadNativeVideo\"><\/div>\n<\/div>\n<p>Qeyd edilib ki, 2019-ci ild\u0259n fasil\u0259siz i\u015f rejimin\u0259 ke\u00e7\u0259n &#8220;\u00c7a\u011fr\u0131 m\u0259rk\u0259zi&#8221; h\u0259ft\u0259nin h\u0259r g\u00fcn\u00fc 24 saat \u0259rzind\u0259 v\u0259t\u0259nda\u015flar t\u0259r\u0259find\u0259n edil\u0259n z\u0259ngl\u0259ri q\u0259bul edir. Bu m\u00fcdd\u0259t \u0259rzind\u0259 edil\u0259n z\u0259ngl\u0259rin say\u0131 110.268 olub.<\/p>\n<p>Xidm\u0259t r\u0259isi \u0259ld\u0259 olunan u\u011furlar\u0131 da t\u0259dbir i\u015ftirak\u00e7\u0131lar\u0131n\u0131n diqq\u0259tin\u0259 \u00e7atd\u0131r\u0131b. Bildirib ki, D\u00f6vl\u0259t Miqrasiya Xidm\u0259ti t\u0259r\u0259find\u0259n xidm\u0259t s\u0259viyy\u0259sinin y\u00fcks\u0259ldilm\u0259si istiqam\u0259tind\u0259 g\u00f6r\u00fcl\u0259n i\u015fl\u0259rin n\u0259tic\u0259si olaraq, &#8220;ASAN xidm\u0259t indeksi&#8221;ni t\u0259\u015fkil ed\u0259n meyarlar \u00fczr\u0259 qiym\u0259tl\u0259ndirilm\u0259nin yekunlar\u0131na g\u00f6r\u0259 D\u00f6vl\u0259t Miqrasiya Xidm\u0259ti son iki ild\u0259 \u0259n y\u00fcks\u0259k n\u0259tic\u0259ni g\u00f6st\u0259rib v\u0259 ilk s\u0131rada yer al\u0131b (68.98% v\u0259 83.81%).<\/p>\n<p>Xidm\u0259t r\u0259isi qar\u015f\u0131da g\u00f6r\u00fcl\u0259c\u0259k i\u015fl\u0259r bar\u0259d\u0259 d\u0259 \u0259trafl\u0131 m\u0259lumat verib v\u0259 sonda media n\u00fcmay\u0259nd\u0259l\u0259rinin suallar\u0131n\u0131 cavabland\u0131r\u0131b.<\/p>\n","protected":false},"excerpt":{"rendered":"<p>D\u00f6vl\u0259t Miqrasiya Xidm\u0259tinin m\u0259rk\u0259zi aparat\u0131nda k\u00fctl\u0259vi informasiya vasit\u0259l\u0259ri v\u0259 qeyri-h\u00f6kum\u0259t t\u0259\u015fkilatlar\u0131 n\u00fcmay\u0259nd\u0259l\u0259rinin i\u015ftirak\u0131 il\u0259 2019-cu ilin yekunlar\u0131na h\u0259sr olunmu\u015f m\u0259tbuat konfrans\u0131 ke\u00e7irilib. ARANTV.AZ\u00a0\u00a0Trend-\u0259 istinad\u0259n x\u0259b\u0259r verir ki, t\u0259dbird\u0259 D\u00f6vl\u0259t Miqrasiya Xidm\u0259tinin r\u0259isi, III d\u0259r\u0259c\u0259li d\u00f6vl\u0259t miqrasiya xidm\u0259ti m\u00fc\u015faviri V\u00fcsal H\u00fcseynov \u00e7\u0131x\u0131\u015f ed\u0259r\u0259k miqrasiya sah\u0259sind\u0259 g\u00f6r\u00fcl\u0259n i\u015fl\u0259r, \u0259ld\u0259 olunan n\u0259tic\u0259l\u0259r v\u0259 statistik r\u0259q\u0259ml\u0259r bar\u0259d\u0259 \u0259trafl\u0131 m\u0259lumat verib. O, \u00e7\u0131x\u0131\u015f\u0131nda qeyd edib ki, \u00f6t\u0259n ild\u0259 d\u0259 \u00f6lk\u0259 r\u0259hb\u0259rliyi t\u0259r\u0259find\u0259n D\u00f6vl\u0259t Miqrasiya Xidm\u0259tinin qar\u015f\u0131s\u0131na qoyulan tap\u015f\u0131r\u0131qlar vaxt\u0131nda v\u0259 u\u011furla yerin\u0259 yetirilib: &#8220;\u015e\u0259ffafl\u0131\u011f\u0131n v\u0259 v\u0259t\u0259nda\u015f m\u0259mnunlu\u011funun art\u0131r\u0131lmas\u0131, qanunvericiliyin t\u0259kmill\u0259\u015fdirilm\u0259si &#8211; daha da sad\u0259l\u0259\u015fdirilm\u0259si, \u0259cn\u0259bil\u0259rin&hellip;<\/p>\n","protected":false},"author":2,"featured_media":118659,"comment_status":"closed","ping_status":"closed","sticky":false,"template":"","format":"standard","meta":{"om_disable_all_campaigns":false,"_monsterinsights_skip_tracking":false,"_monsterinsights_sitenote_active":false,"_monsterinsights_sitenote_note":"","_monsterinsights_sitenote_category":0},"categories":[1],"tags":[],"aioseo_notices":[],"gutentor_comment":0,"rttpg_featured_image_url":{"full":["https:\/\/arantv.az\/wp-content\/uploads\/2020\/01\/818034.jpg",800,600,false],"landscape":["https:\/\/arantv.az\/wp-content\/uploads\/2020\/01\/818034.jpg",800,600,false],"portraits":["https:\/\/arantv.az\/wp-content\/uploads\/2020\/01\/818034.jpg",800,600,false],"thumbnail":["https:\/\/arantv.az\/wp-content\/uploads\/2020\/01\/818034-150x150.jpg",150,150,true],"medium":["https:\/\/arantv.az\/wp-content\/uploads\/2020\/01\/818034-300x225.jpg",300,225,true],"large":["https:\/\/arantv.az\/wp-content\/uploads\/2020\/01\/818034.jpg",640,480,false],"1536x1536":["https:\/\/arantv.az\/wp-content\/uploads\/2020\/01\/818034.jpg",800,600,false],"2048x2048":["https:\/\/arantv.az\/wp-content\/uploads\/2020\/01\/818034.jpg",800,600,false],"post-thumbnail":["https:\/\/arantv.az\/wp-content\/uploads\/2020\/01\/818034-240x172.jpg",240,172,true],"advps-thumb-one":["https:\/\/arantv.az\/wp-content\/uploads\/2020\/01\/818034.jpg",800,600,false]},"rttpg_author":{"display_name":"V\u00fcsal Rafiqo\u011flu","author_link":"https:\/\/arantv.az\/?author=2"},"rttpg_comment":0,"rttpg_category":"<a href=\"https:\/\/arantv.az\/?cat=1\" rel=\"category\">C\u0259miyy\u0259t<\/a>","rttpg_excerpt":"D\u00f6vl\u0259t Miqrasiya Xidm\u0259tinin m\u0259rk\u0259zi aparat\u0131nda k\u00fctl\u0259vi informasiya vasit\u0259l\u0259ri v\u0259 qeyri-h\u00f6kum\u0259t t\u0259\u015fkilatlar\u0131 n\u00fcmay\u0259nd\u0259l\u0259rinin i\u015ftirak\u0131 il\u0259 2019-cu ilin yekunlar\u0131na h\u0259sr olunmu\u015f m\u0259tbuat konfrans\u0131 ke\u00e7irilib. ARANTV.AZ\u00a0\u00a0Trend-\u0259 istinad\u0259n x\u0259b\u0259r verir ki, t\u0259dbird\u0259 D\u00f6vl\u0259t Miqrasiya Xidm\u0259tinin r\u0259isi, III d\u0259r\u0259c\u0259li d\u00f6vl\u0259t miqrasiya xidm\u0259ti m\u00fc\u015faviri V\u00fcsal H\u00fcseynov \u00e7\u0131x\u0131\u015f ed\u0259r\u0259k miqrasiya sah\u0259sind\u0259 g\u00f6r\u00fcl\u0259n i\u015fl\u0259r, \u0259ld\u0259 olunan n\u0259tic\u0259l\u0259r v\u0259 statistik r\u0259q\u0259ml\u0259r bar\u0259d\u0259 \u0259trafl\u0131 m\u0259lumat&hellip;","_links":{"self":[{"href":"https:\/\/arantv.az\/index.php?rest_route=\/wp\/v2\/posts\/118658"}],"collection":[{"href":"https:\/\/arantv.az\/index.php?rest_route=\/wp\/v2\/posts"}],"about":[{"href":"https:\/\/arantv.az\/index.php?rest_route=\/wp\/v2\/types\/post"}],"author":[{"embeddable":true,"href":"https:\/\/arantv.az\/index.php?rest_route=\/wp\/v2\/users\/2"}],"replies":[{"embeddable":true,"href":"https:\/\/arantv.az\/index.php?rest_route=%2Fwp%2Fv2%2Fcomments&post=118658"}],"version-history":[{"count":0,"href":"https:\/\/arantv.az\/index.php?rest_route=\/wp\/v2\/posts\/118658\/revisions"}],"wp:featuredmedia":[{"embeddable":true,"href":"https:\/\/arantv.az\/index.php?rest_route=\/wp\/v2\/media\/118659"}],"wp:attachment":[{"href":"https:\/\/arantv.az\/index.php?rest_route=%2Fwp%2Fv2%2Fmedia&parent=118658"}],"wp:term":[{"taxonomy":"category","embeddable":true,"href":"https:\/\/arantv.az\/index.php?rest_route=%2Fwp%2Fv2%2Fcategories&post=118658"},{"taxonomy":"post_tag","embeddable":true,"href":"https:\/\/arantv.az\/index.php?rest_route=%2Fwp%2Fv2%2Ftags&post=118658"}],"curies":[{"name":"wp","href":"https:\/\/api.w.org\/{rel}","templated":true}]}}