{"id":118670,"date":"2020-01-15T11:58:09","date_gmt":"2020-01-15T08:58:09","guid":{"rendered":"http:\/\/arantv.az\/?p=118670"},"modified":"2020-01-15T11:58:09","modified_gmt":"2020-01-15T08:58:09","slug":"az%c9%99rbaycanda-sukan-arxasinda-yatan-surucu-iki-n%c9%99f%c9%99ri-vurdu-biri-oldu-anbaan-video","status":"publish","type":"post","link":"https:\/\/arantv.az\/?p=118670","title":{"rendered":"Az\u0259rbaycanda s\u00fckan arxas\u0131nda yatan s\u00fcr\u00fcc\u00fc iki n\u0259f\u0259ri vurdu: Biri \u00f6ld\u00fc &#8211; ANBAAN V\u0130DEO"},"content":{"rendered":"<article class=\"news\">\n<div class=\"news-inner\">\n<p>S\u00fckan arxas\u0131nda yuxulayan s\u00fcr\u00fcc\u00fc a\u011f\u0131r q\u0259zaya s\u0259b\u0259b olub.<\/p>\n<p><strong>ARNTV.AZ<\/strong>\u00a0 x\u0259b\u0259r verir ki, hadis\u0259 rayon yollar\u0131n\u0131n birind\u0259 ba\u015f verib.<\/p>\n<div id=\"AdviadNativeVideo0\" class=\"AdviadNativeVideo\"><\/div>\n<p>Bel\u0259 ki, s\u0259ki il\u0259 h\u0259r\u0259k\u0259t ed\u0259n iki n\u0259f\u0259ri q\u0259fild\u0259n idar\u0259etm\u0259ni itir\u0259n \u201cMercedes&#8221;\u201d markal\u0131 avtomobilin s\u00fcr\u00fcc\u00fcs\u00fc vurub.<\/p>\n<p>Hadis\u0259 n\u0259tic\u0259sind\u0259 ya\u015fl\u0131 ki\u015fi yolun k\u0259nar\u0131na d\u00fc\u015f\u00fcb. \u018flind\u0259 qarp\u0131z aparan g\u0259nc is\u0259 z\u0259rb\u0259nin g\u00fcc\u00fcnd\u0259n yax\u0131nl\u0131qdak\u0131 kamera dir\u0259yin\u0259 d\u0259yib v\u0259 hadis\u0259 yerind\u0259c\u0259 ke\u00e7inib.\u00a0Avtosfer.az<\/p>\n<div><iframe loading=\"lazy\" src=\"https:\/\/player.baku.tv\/embed\/12992\" width=\"560\" height=\"315\" frameborder=\"0\" allowfullscreen=\"allowfullscreen\" data-mce-fragment=\"1\"><\/iframe><\/div>\n<\/div>\n<\/article>\n<h2 class=\"news-share-title\"><\/h2>\n","protected":false},"excerpt":{"rendered":"<p>S\u00fckan arxas\u0131nda yuxulayan s\u00fcr\u00fcc\u00fc a\u011f\u0131r q\u0259zaya s\u0259b\u0259b olub. ARNTV.AZ\u00a0 x\u0259b\u0259r verir ki, hadis\u0259 rayon yollar\u0131n\u0131n birind\u0259 ba\u015f verib. Bel\u0259 ki, s\u0259ki il\u0259 h\u0259r\u0259k\u0259t ed\u0259n iki n\u0259f\u0259ri q\u0259fild\u0259n idar\u0259etm\u0259ni itir\u0259n \u201cMercedes&#8221;\u201d markal\u0131 avtomobilin s\u00fcr\u00fcc\u00fcs\u00fc vurub. Hadis\u0259 n\u0259tic\u0259sind\u0259 ya\u015fl\u0131 ki\u015fi yolun k\u0259nar\u0131na d\u00fc\u015f\u00fcb. \u018flind\u0259 qarp\u0131z aparan g\u0259nc is\u0259 z\u0259rb\u0259nin g\u00fcc\u00fcnd\u0259n yax\u0131nl\u0131qdak\u0131 kamera dir\u0259yin\u0259 d\u0259yib v\u0259 hadis\u0259 yerind\u0259c\u0259 ke\u00e7inib.\u00a0Avtosfer.az<\/p>\n","protected":false},"author":2,"featured_media":118671,"comment_status":"closed","ping_status":"closed","sticky":false,"template":"","format":"standard","meta":{"om_disable_all_campaigns":false,"_monsterinsights_skip_tracking":false,"_monsterinsights_sitenote_active":false,"_monsterinsights_sitenote_note":"","_monsterinsights_sitenote_category":0},"categories":[1],"tags":[],"aioseo_notices":[],"gutentor_comment":0,"rttpg_featured_image_url":{"full":["https:\/\/arantv.az\/wp-content\/uploads\/2020\/01\/d5f7f38.jpg",620,340,false],"landscape":["https:\/\/arantv.az\/wp-content\/uploads\/2020\/01\/d5f7f38.jpg",620,340,false],"portraits":["https:\/\/arantv.az\/wp-content\/uploads\/2020\/01\/d5f7f38.jpg",620,340,false],"thumbnail":["https:\/\/arantv.az\/wp-content\/uploads\/2020\/01\/d5f7f38-150x150.jpg",150,150,true],"medium":["https:\/\/arantv.az\/wp-content\/uploads\/2020\/01\/d5f7f38-300x165.jpg",300,165,true],"large":["https:\/\/arantv.az\/wp-content\/uploads\/2020\/01\/d5f7f38.jpg",620,340,false],"1536x1536":["https:\/\/arantv.az\/wp-content\/uploads\/2020\/01\/d5f7f38.jpg",620,340,false],"2048x2048":["https:\/\/arantv.az\/wp-content\/uploads\/2020\/01\/d5f7f38.jpg",620,340,false],"post-thumbnail":["https:\/\/arantv.az\/wp-content\/uploads\/2020\/01\/d5f7f38-240x172.jpg",240,172,true],"advps-thumb-one":["https:\/\/arantv.az\/wp-content\/uploads\/2020\/01\/d5f7f38.jpg",620,340,false]},"rttpg_author":{"display_name":"V\u00fcsal Rafiqo\u011flu","author_link":"https:\/\/arantv.az\/?author=2"},"rttpg_comment":0,"rttpg_category":"<a href=\"https:\/\/arantv.az\/?cat=1\" rel=\"category\">C\u0259miyy\u0259t<\/a>","rttpg_excerpt":"S\u00fckan arxas\u0131nda yuxulayan s\u00fcr\u00fcc\u00fc a\u011f\u0131r q\u0259zaya s\u0259b\u0259b olub. ARNTV.AZ\u00a0 x\u0259b\u0259r verir ki, hadis\u0259 rayon yollar\u0131n\u0131n birind\u0259 ba\u015f verib. Bel\u0259 ki, s\u0259ki il\u0259 h\u0259r\u0259k\u0259t ed\u0259n iki n\u0259f\u0259ri q\u0259fild\u0259n idar\u0259etm\u0259ni itir\u0259n \u201cMercedes&#8221;\u201d markal\u0131 avtomobilin s\u00fcr\u00fcc\u00fcs\u00fc vurub. Hadis\u0259 n\u0259tic\u0259sind\u0259 ya\u015fl\u0131 ki\u015fi yolun k\u0259nar\u0131na d\u00fc\u015f\u00fcb. \u018flind\u0259 qarp\u0131z aparan g\u0259nc is\u0259 z\u0259rb\u0259nin g\u00fcc\u00fcnd\u0259n yax\u0131nl\u0131qdak\u0131 kamera dir\u0259yin\u0259 d\u0259yib v\u0259 hadis\u0259 yerind\u0259c\u0259&hellip;","_links":{"self":[{"href":"https:\/\/arantv.az\/index.php?rest_route=\/wp\/v2\/posts\/118670"}],"collection":[{"href":"https:\/\/arantv.az\/index.php?rest_route=\/wp\/v2\/posts"}],"about":[{"href":"https:\/\/arantv.az\/index.php?rest_route=\/wp\/v2\/types\/post"}],"author":[{"embeddable":true,"href":"https:\/\/arantv.az\/index.php?rest_route=\/wp\/v2\/users\/2"}],"replies":[{"embeddable":true,"href":"https:\/\/arantv.az\/index.php?rest_route=%2Fwp%2Fv2%2Fcomments&post=118670"}],"version-history":[{"count":0,"href":"https:\/\/arantv.az\/index.php?rest_route=\/wp\/v2\/posts\/118670\/revisions"}],"wp:featuredmedia":[{"embeddable":true,"href":"https:\/\/arantv.az\/index.php?rest_route=\/wp\/v2\/media\/118671"}],"wp:attachment":[{"href":"https:\/\/arantv.az\/index.php?rest_route=%2Fwp%2Fv2%2Fmedia&parent=118670"}],"wp:term":[{"taxonomy":"category","embeddable":true,"href":"https:\/\/arantv.az\/index.php?rest_route=%2Fwp%2Fv2%2Fcategories&post=118670"},{"taxonomy":"post_tag","embeddable":true,"href":"https:\/\/arantv.az\/index.php?rest_route=%2Fwp%2Fv2%2Ftags&post=118670"}],"curies":[{"name":"wp","href":"https:\/\/api.w.org\/{rel}","templated":true}]}}