{"id":118690,"date":"2020-01-15T12:36:45","date_gmt":"2020-01-15T09:36:45","guid":{"rendered":"http:\/\/arantv.az\/?p=118690"},"modified":"2020-01-15T12:36:45","modified_gmt":"2020-01-15T09:36:45","slug":"s%c9%99udiyy%c9%99-%c9%99r%c9%99bistani-oz-edam-rekordunu-t%c9%99z%c9%99l%c9%99di","status":"publish","type":"post","link":"https:\/\/arantv.az\/?p=118690","title":{"rendered":"S\u0259udiyy\u0259 \u018fr\u0259bistan\u0131 \u00f6z edam rekordunu t\u0259z\u0259l\u0259di"},"content":{"rendered":"<p>S\u0259udiyy\u0259 \u018fr\u0259bistan\u0131\u00a0edam rekordunu t\u0259z\u0259l\u0259yib.<\/p>\n<p>Haberler.com-un yayd\u0131\u011f\u0131 m\u0259lumata g\u00f6r\u0259, ke\u00e7\u0259n il edam olunanlar\u0131n say\u0131 184-\u0259 y\u00fcks\u0259lib.<\/p>\n<div id=\"AdviadNativeVideo0\" class=\"AdviadNativeVideo\"><\/div>\n<p>Bildirilib ki, edam edil\u0259nl\u0259rd\u0259n 90 n\u0259f\u0259ri xarici v\u0259t\u0259nda\u015f olub.<\/p>\n<p>Qeyd ed\u0259k ki, Camal Ka\u015f\u0131k\u00e7\u0131 cinay\u0259ti il\u0259 ba\u011fl\u0131 be\u015f n\u0259f\u0259r d\u0259 S\u0259udiyy\u0259 \u018fr\u0259bistan\u0131nda edam olunub.<\/p>\n<p>M\u0259lumat \u00fc\u00e7\u00fcn qeyd ed\u0259k ki, 2014-c\u00fc ild\u0259 S\u0259udiyy\u0259 \u018fr\u0259bistan\u0131nda 88 n\u0259f\u0259r, 2015-ci ild\u0259 is\u0259 157 n\u0259f\u0259r edam edilib. Bu r\u0259q\u0259m 2019-cu ild\u0259 184-\u0259 y\u00fcks\u0259lib. Bu il is\u0259 art\u0131q 4 n\u0259f\u0259r edam edilib.<\/p>\n","protected":false},"excerpt":{"rendered":"<p>S\u0259udiyy\u0259 \u018fr\u0259bistan\u0131\u00a0edam rekordunu t\u0259z\u0259l\u0259yib. Haberler.com-un yayd\u0131\u011f\u0131 m\u0259lumata g\u00f6r\u0259, ke\u00e7\u0259n il edam olunanlar\u0131n say\u0131 184-\u0259 y\u00fcks\u0259lib. Bildirilib ki, edam edil\u0259nl\u0259rd\u0259n 90 n\u0259f\u0259ri xarici v\u0259t\u0259nda\u015f olub. Qeyd ed\u0259k ki, Camal Ka\u015f\u0131k\u00e7\u0131 cinay\u0259ti il\u0259 ba\u011fl\u0131 be\u015f n\u0259f\u0259r d\u0259 S\u0259udiyy\u0259 \u018fr\u0259bistan\u0131nda edam olunub. M\u0259lumat \u00fc\u00e7\u00fcn qeyd ed\u0259k ki, 2014-c\u00fc ild\u0259 S\u0259udiyy\u0259 \u018fr\u0259bistan\u0131nda 88 n\u0259f\u0259r, 2015-ci ild\u0259 is\u0259 157 n\u0259f\u0259r edam edilib. Bu r\u0259q\u0259m 2019-cu ild\u0259 184-\u0259 y\u00fcks\u0259lib. Bu il is\u0259 art\u0131q 4 n\u0259f\u0259r edam edilib.<\/p>\n","protected":false},"author":2,"featured_media":118691,"comment_status":"closed","ping_status":"closed","sticky":false,"template":"","format":"standard","meta":{"om_disable_all_campaigns":false,"_monsterinsights_skip_tracking":false,"_monsterinsights_sitenote_active":false,"_monsterinsights_sitenote_note":"","_monsterinsights_sitenote_category":0},"categories":[7],"tags":[],"aioseo_notices":[],"gutentor_comment":0,"rttpg_featured_image_url":{"full":["https:\/\/arantv.az\/wp-content\/uploads\/2020\/01\/suudi-arabistan-da-2019-da-idam-rekoru-kirildi-12817828_5868_o.jpg",620,329,false],"landscape":["https:\/\/arantv.az\/wp-content\/uploads\/2020\/01\/suudi-arabistan-da-2019-da-idam-rekoru-kirildi-12817828_5868_o.jpg",620,329,false],"portraits":["https:\/\/arantv.az\/wp-content\/uploads\/2020\/01\/suudi-arabistan-da-2019-da-idam-rekoru-kirildi-12817828_5868_o.jpg",620,329,false],"thumbnail":["https:\/\/arantv.az\/wp-content\/uploads\/2020\/01\/suudi-arabistan-da-2019-da-idam-rekoru-kirildi-12817828_5868_o-150x150.jpg",150,150,true],"medium":["https:\/\/arantv.az\/wp-content\/uploads\/2020\/01\/suudi-arabistan-da-2019-da-idam-rekoru-kirildi-12817828_5868_o-300x159.jpg",300,159,true],"large":["https:\/\/arantv.az\/wp-content\/uploads\/2020\/01\/suudi-arabistan-da-2019-da-idam-rekoru-kirildi-12817828_5868_o.jpg",620,329,false],"1536x1536":["https:\/\/arantv.az\/wp-content\/uploads\/2020\/01\/suudi-arabistan-da-2019-da-idam-rekoru-kirildi-12817828_5868_o.jpg",620,329,false],"2048x2048":["https:\/\/arantv.az\/wp-content\/uploads\/2020\/01\/suudi-arabistan-da-2019-da-idam-rekoru-kirildi-12817828_5868_o.jpg",620,329,false],"post-thumbnail":["https:\/\/arantv.az\/wp-content\/uploads\/2020\/01\/suudi-arabistan-da-2019-da-idam-rekoru-kirildi-12817828_5868_o-240x172.jpg",240,172,true],"advps-thumb-one":["https:\/\/arantv.az\/wp-content\/uploads\/2020\/01\/suudi-arabistan-da-2019-da-idam-rekoru-kirildi-12817828_5868_o.jpg",620,329,false]},"rttpg_author":{"display_name":"V\u00fcsal Rafiqo\u011flu","author_link":"https:\/\/arantv.az\/?author=2"},"rttpg_comment":0,"rttpg_category":"<a href=\"https:\/\/arantv.az\/?cat=7\" rel=\"category\">D\u00fcnya<\/a>","rttpg_excerpt":"S\u0259udiyy\u0259 \u018fr\u0259bistan\u0131\u00a0edam rekordunu t\u0259z\u0259l\u0259yib. Haberler.com-un yayd\u0131\u011f\u0131 m\u0259lumata g\u00f6r\u0259, ke\u00e7\u0259n il edam olunanlar\u0131n say\u0131 184-\u0259 y\u00fcks\u0259lib. Bildirilib ki, edam edil\u0259nl\u0259rd\u0259n 90 n\u0259f\u0259ri xarici v\u0259t\u0259nda\u015f olub. Qeyd ed\u0259k ki, Camal Ka\u015f\u0131k\u00e7\u0131 cinay\u0259ti il\u0259 ba\u011fl\u0131 be\u015f n\u0259f\u0259r d\u0259 S\u0259udiyy\u0259 \u018fr\u0259bistan\u0131nda edam olunub. M\u0259lumat \u00fc\u00e7\u00fcn qeyd ed\u0259k ki, 2014-c\u00fc ild\u0259 S\u0259udiyy\u0259 \u018fr\u0259bistan\u0131nda 88 n\u0259f\u0259r, 2015-ci ild\u0259 is\u0259 157 n\u0259f\u0259r&hellip;","_links":{"self":[{"href":"https:\/\/arantv.az\/index.php?rest_route=\/wp\/v2\/posts\/118690"}],"collection":[{"href":"https:\/\/arantv.az\/index.php?rest_route=\/wp\/v2\/posts"}],"about":[{"href":"https:\/\/arantv.az\/index.php?rest_route=\/wp\/v2\/types\/post"}],"author":[{"embeddable":true,"href":"https:\/\/arantv.az\/index.php?rest_route=\/wp\/v2\/users\/2"}],"replies":[{"embeddable":true,"href":"https:\/\/arantv.az\/index.php?rest_route=%2Fwp%2Fv2%2Fcomments&post=118690"}],"version-history":[{"count":0,"href":"https:\/\/arantv.az\/index.php?rest_route=\/wp\/v2\/posts\/118690\/revisions"}],"wp:featuredmedia":[{"embeddable":true,"href":"https:\/\/arantv.az\/index.php?rest_route=\/wp\/v2\/media\/118691"}],"wp:attachment":[{"href":"https:\/\/arantv.az\/index.php?rest_route=%2Fwp%2Fv2%2Fmedia&parent=118690"}],"wp:term":[{"taxonomy":"category","embeddable":true,"href":"https:\/\/arantv.az\/index.php?rest_route=%2Fwp%2Fv2%2Fcategories&post=118690"},{"taxonomy":"post_tag","embeddable":true,"href":"https:\/\/arantv.az\/index.php?rest_route=%2Fwp%2Fv2%2Ftags&post=118690"}],"curies":[{"name":"wp","href":"https:\/\/api.w.org\/{rel}","templated":true}]}}