{"id":118702,"date":"2020-01-15T13:03:50","date_gmt":"2020-01-15T10:03:50","guid":{"rendered":"http:\/\/arantv.az\/?p=118702"},"modified":"2020-01-15T13:03:50","modified_gmt":"2020-01-15T10:03:50","slug":"kamran-%c9%99liyev-prezidentin-gost%c9%99risl%c9%99rin%c9%99-uygun-olaraq-korrupsiya-il%c9%99-mubariz%c9%99-t%c9%99dbirl%c9%99ri-gucl%c9%99n%c9%99c%c9%99k","status":"publish","type":"post","link":"https:\/\/arantv.az\/?p=118702","title":{"rendered":"Kamran \u018fliyev: Prezidentin g\u00f6st\u0259ri\u015fl\u0259rin\u0259 uy\u011fun olaraq korrupsiya il\u0259 m\u00fcbariz\u0259 t\u0259dbirl\u0259ri g\u00fccl\u0259n\u0259c\u0259k"},"content":{"rendered":"<p>Prezidentin siyasi irad\u0259sin\u0259 uy\u011fun olaraq 2019-cu ild\u0259 d\u0259 korrupsiyaya qar\u015f\u0131 m\u00fcbariz\u0259 sah\u0259sind\u0259 beyn\u0259lxalq standartlara cavab ver\u0259n institusional, qanunvericilik v\u0259 inzibati t\u0259dbirl\u0259r u\u011furla davam etdirilib.<\/p>\n<p><b>ARANTV.AZ\u00a0<\/b> x\u0259b\u0259r verir ki, bunu Ba\u015f prokurorun m\u00fcavini &#8211; Ba\u015f prokuror yan\u0131nda Korrupsiyaya qar\u015f\u0131 M\u00fcbariz\u0259 Ba\u015f \u0130dar\u0259sinin r\u0259isi Kamran \u018fliyev 2019-cu ilin yekunlar\u0131na dair ke\u00e7iril\u0259n m\u0259tbuat konfrans\u0131nda deyib.<\/p>\n<p>O bildirib ki, Az\u0259rbaycan Respublikas\u0131n\u0131n Prezidenti c\u0259nab \u0130lham \u018fliyevin r\u0259hb\u0259rliyi il\u0259 u\u011furla h\u0259yata ke\u00e7iril\u0259n strateji d\u00f6vl\u0259t kursunun t\u0259tbiqi ard\u0131c\u0131l tarixi s\u0131naqlardan \u00e7\u0131xmaqla \u0259vv\u0259lki ill\u0259rd\u0259 oldu\u011fu kimi, 2019-cu ild\u0259 d\u0259 milli maraq v\u0259 m\u0259nafel\u0259rimizin qarant\u0131 olub:<\/p>\n<p>\u201cBu d\u00f6vl\u0259t idar\u0259\u00e7iliyind\u0259 formala\u015fd\u0131r\u0131lm\u0131\u015f m\u00fcsb\u0259t t\u0259cr\u00fcb\u0259dir. Bu t\u0259cr\u00fcb\u0259nin fonunda \u00f6t\u0259n il Az\u0259rbaycan\u0131n ictimai-siyasi xronikas\u0131 \u0259sas\u0259n \u00fc\u00e7 istiqam\u0259t \u00fczr\u0259 &#8211; iqtisadi, sosial v\u0259 h\u00fcquqi sah\u0259d\u0259 apar\u0131lan k\u00f6kl\u00fc islahatlarla s\u0259ciyy\u0259l\u0259nmi\u015f, v\u0259t\u0259nda\u015f rifah\u0131n\u0131n daha da y\u00fcs\u0259ldilm\u0259sin\u0259 hesablanm\u0131\u015f bu siyas\u0259t \u00f6lk\u0259mizin beyn\u0259lxalq arenadak\u0131 f\u0259al v\u0259 n\u00fcfuzlu m\u00f6vqeyi il\u0259 u\u011furlu v\u0259hd\u0259t t\u0259\u015fkil edib.<\/p>\n<p>\u0130qtisadi sferada sistemli olaraq ger\u00e7\u0259kl\u0259\u015fdiril\u0259n vergi v\u0259 g\u00f6mr\u00fck siyas\u0259tinin optimalla\u015fd\u0131r\u0131lmas\u0131, insan kapital\u0131n\u0131n inki\u015faf\u0131, ki\u00e7ik v\u0259 orta sahibkarl\u0131\u011f\u0131n maliyy\u0259 resurslar\u0131na \u0259l\u00e7atanl\u0131\u011f\u0131, s\u0259naye v\u0259 texnoloji parklar\u0131n qurulmas\u0131 v\u0259 bu kimi dig\u0259r m\u00fch\u00fcm strateji t\u0259dbirl\u0259r bir t\u0259r\u0259fd\u0259n makro-iqtisadi m\u00fchitin dayaqlar\u0131n\u0131 daha da m\u00f6hk\u0259ml\u0259ndirmi\u015f, dig\u0259r t\u0259r\u0259fd\u0259n is\u0259 k\u00f6lg\u0259 iqtisadiyyat\u0131n\u0131n \u0259hat\u0259 dair\u0259sini \u0259h\u0259miyy\u0259tli d\u0259r\u0259c\u0259d\u0259 m\u0259hdudla\u015fd\u0131r\u0131b\u201d.<\/p>\n<p>K.\u018fliyev onu da \u0259lav\u0259 edib ki, iqtisadi s\u0259m\u0259r\u0259lilik g\u00f6st\u0259ricil\u0259rinin artan tempi \u00f6t\u0259n il \u00f6z m\u00fcsb\u0259t n\u0259tic\u0259l\u0259rini \u0259halinin sosial m\u00fcdafi\u0259si sah\u0259sind\u0259 d\u0259 g\u00f6st\u0259rib v\u0259 bu istiqam\u0259td\u0259 h\u0259yata ke\u00e7irilmi\u015f islahatlar paketi vasit\u0259si il\u0259 v\u0259t\u0259nda\u015f rifah\u0131 namin\u0259 \u0259h\u0259miyy\u0259tli add\u0131mlar at\u0131l\u0131b.Oxu.Az<\/p>\n","protected":false},"excerpt":{"rendered":"<p>Prezidentin siyasi irad\u0259sin\u0259 uy\u011fun olaraq 2019-cu ild\u0259 d\u0259 korrupsiyaya qar\u015f\u0131 m\u00fcbariz\u0259 sah\u0259sind\u0259 beyn\u0259lxalq standartlara cavab ver\u0259n institusional, qanunvericilik v\u0259 inzibati t\u0259dbirl\u0259r u\u011furla davam etdirilib. ARANTV.AZ\u00a0 x\u0259b\u0259r verir ki, bunu Ba\u015f prokurorun m\u00fcavini &#8211; Ba\u015f prokuror yan\u0131nda Korrupsiyaya qar\u015f\u0131 M\u00fcbariz\u0259 Ba\u015f \u0130dar\u0259sinin r\u0259isi Kamran \u018fliyev 2019-cu ilin yekunlar\u0131na dair ke\u00e7iril\u0259n m\u0259tbuat konfrans\u0131nda deyib. O bildirib ki, Az\u0259rbaycan Respublikas\u0131n\u0131n Prezidenti c\u0259nab \u0130lham \u018fliyevin r\u0259hb\u0259rliyi il\u0259 u\u011furla h\u0259yata ke\u00e7iril\u0259n strateji d\u00f6vl\u0259t kursunun t\u0259tbiqi ard\u0131c\u0131l tarixi s\u0131naqlardan \u00e7\u0131xmaqla \u0259vv\u0259lki ill\u0259rd\u0259 oldu\u011fu kimi, 2019-cu ild\u0259 d\u0259 milli maraq v\u0259 m\u0259nafel\u0259rimizin qarant\u0131 olub: \u201cBu d\u00f6vl\u0259t idar\u0259\u00e7iliyind\u0259&hellip;<\/p>\n","protected":false},"author":2,"featured_media":118703,"comment_status":"closed","ping_status":"closed","sticky":false,"template":"","format":"standard","meta":{"om_disable_all_campaigns":false,"_monsterinsights_skip_tracking":false,"_monsterinsights_sitenote_active":false,"_monsterinsights_sitenote_note":"","_monsterinsights_sitenote_category":0},"categories":[1],"tags":[],"aioseo_notices":[],"gutentor_comment":0,"rttpg_featured_image_url":{"full":["https:\/\/arantv.az\/wp-content\/uploads\/2020\/01\/kamran.jpg",620,413,false],"landscape":["https:\/\/arantv.az\/wp-content\/uploads\/2020\/01\/kamran.jpg",620,413,false],"portraits":["https:\/\/arantv.az\/wp-content\/uploads\/2020\/01\/kamran.jpg",620,413,false],"thumbnail":["https:\/\/arantv.az\/wp-content\/uploads\/2020\/01\/kamran-150x150.jpg",150,150,true],"medium":["https:\/\/arantv.az\/wp-content\/uploads\/2020\/01\/kamran-300x200.jpg",300,200,true],"large":["https:\/\/arantv.az\/wp-content\/uploads\/2020\/01\/kamran.jpg",620,413,false],"1536x1536":["https:\/\/arantv.az\/wp-content\/uploads\/2020\/01\/kamran.jpg",620,413,false],"2048x2048":["https:\/\/arantv.az\/wp-content\/uploads\/2020\/01\/kamran.jpg",620,413,false],"post-thumbnail":["https:\/\/arantv.az\/wp-content\/uploads\/2020\/01\/kamran-240x172.jpg",240,172,true],"advps-thumb-one":["https:\/\/arantv.az\/wp-content\/uploads\/2020\/01\/kamran.jpg",620,413,false]},"rttpg_author":{"display_name":"V\u00fcsal Rafiqo\u011flu","author_link":"https:\/\/arantv.az\/?author=2"},"rttpg_comment":0,"rttpg_category":"<a href=\"https:\/\/arantv.az\/?cat=1\" rel=\"category\">C\u0259miyy\u0259t<\/a>","rttpg_excerpt":"Prezidentin siyasi irad\u0259sin\u0259 uy\u011fun olaraq 2019-cu ild\u0259 d\u0259 korrupsiyaya qar\u015f\u0131 m\u00fcbariz\u0259 sah\u0259sind\u0259 beyn\u0259lxalq standartlara cavab ver\u0259n institusional, qanunvericilik v\u0259 inzibati t\u0259dbirl\u0259r u\u011furla davam etdirilib. ARANTV.AZ\u00a0 x\u0259b\u0259r verir ki, bunu Ba\u015f prokurorun m\u00fcavini &#8211; Ba\u015f prokuror yan\u0131nda Korrupsiyaya qar\u015f\u0131 M\u00fcbariz\u0259 Ba\u015f \u0130dar\u0259sinin r\u0259isi Kamran \u018fliyev 2019-cu ilin yekunlar\u0131na dair ke\u00e7iril\u0259n m\u0259tbuat konfrans\u0131nda deyib. O bildirib ki,&hellip;","_links":{"self":[{"href":"https:\/\/arantv.az\/index.php?rest_route=\/wp\/v2\/posts\/118702"}],"collection":[{"href":"https:\/\/arantv.az\/index.php?rest_route=\/wp\/v2\/posts"}],"about":[{"href":"https:\/\/arantv.az\/index.php?rest_route=\/wp\/v2\/types\/post"}],"author":[{"embeddable":true,"href":"https:\/\/arantv.az\/index.php?rest_route=\/wp\/v2\/users\/2"}],"replies":[{"embeddable":true,"href":"https:\/\/arantv.az\/index.php?rest_route=%2Fwp%2Fv2%2Fcomments&post=118702"}],"version-history":[{"count":0,"href":"https:\/\/arantv.az\/index.php?rest_route=\/wp\/v2\/posts\/118702\/revisions"}],"wp:featuredmedia":[{"embeddable":true,"href":"https:\/\/arantv.az\/index.php?rest_route=\/wp\/v2\/media\/118703"}],"wp:attachment":[{"href":"https:\/\/arantv.az\/index.php?rest_route=%2Fwp%2Fv2%2Fmedia&parent=118702"}],"wp:term":[{"taxonomy":"category","embeddable":true,"href":"https:\/\/arantv.az\/index.php?rest_route=%2Fwp%2Fv2%2Fcategories&post=118702"},{"taxonomy":"post_tag","embeddable":true,"href":"https:\/\/arantv.az\/index.php?rest_route=%2Fwp%2Fv2%2Ftags&post=118702"}],"curies":[{"name":"wp","href":"https:\/\/api.w.org\/{rel}","templated":true}]}}