{"id":118706,"date":"2020-01-15T13:04:45","date_gmt":"2020-01-15T10:04:45","guid":{"rendered":"http:\/\/arantv.az\/?p=118706"},"modified":"2020-01-15T13:04:45","modified_gmt":"2020-01-15T10:04:45","slug":"bas-h%c9%99kim-x%c9%99st%c9%99xanada-bir-gec%c9%99d%c9%99-iki-n%c9%99f%c9%99rin-olm%c9%99sinin-s%c9%99b%c9%99bini-aciqladi-oz%c9%99l","status":"publish","type":"post","link":"https:\/\/arantv.az\/?p=118706","title":{"rendered":"Ba\u015f h\u0259kim x\u0259st\u0259xanada bir gec\u0259d\u0259 iki n\u0259f\u0259rin \u00f6lm\u0259sinin s\u0259b\u0259bini a\u00e7\u0131qlad\u0131 &#8211; \u00d6Z\u018fL"},"content":{"rendered":"<p>H\u0259kiml\u0259rin h\u0259r iki x\u0259st\u0259 \u00fc\u00e7\u00fcn z\u0259ruri olan b\u00fct\u00fcn t\u0259dbirl\u0259ri g\u00f6rm\u0259sin\u0259 baxmayaraq, onlar\u0131n h\u0259yat\u0131n\u0131 xilas etm\u0259k m\u00fcmk\u00fcn olmay\u0131b.<\/p>\n<p>Bu s\u00f6zl\u0259ri\u00a0Oxu.Az-a a\u00e7\u0131qlamas\u0131nda Elmi-T\u0259dqiqat A\u011fciy\u0259r X\u0259st\u0259likl\u0259ri institutunun ba\u015f h\u0259kimi \u0130man Rzayev deyib.<\/p>\n<p>O bildirib ki, x\u0259st\u0259l\u0259rd\u0259n biri \u00fcr\u0259k-a\u011fciy\u0259r \u00e7at\u0131\u015fmazl\u0131\u011f\u0131ndan, dig\u0259ri is\u0259 qanaxmadan v\u0259fat edib:<\/p>\n<p>\u201cH\u0259r iki x\u0259st\u0259 A\u011f Ciy\u0259r X\u0259st\u0259likl\u0259ri \u0130nstitutunda m\u00fcalic\u0259 al\u0131b. Bin\u0259q\u0259di rayon sakini 1985-ci il t\u0259v\u0259ll\u00fcdl\u00fc R\u0259\u015fad Q\u0259niyev \u00fcr\u0259k-a\u011fciy\u0259r \u00e7at\u0131\u015fmazl\u0131\u011f\u0131ndan \u0259ziyy\u0259t \u00e7\u0259kirdi. \u018fvv\u0259ll\u0259r narkotik vasit\u0259 istifad\u0259\u00e7isi\u00a0olub. M\u00fcalic\u0259 d\u00f6vr\u00fcnd\u0259 h\u0259kim personal\u0131 \u0259ll\u0259rind\u0259n g\u0259l\u0259ni edibl\u0259r. H\u0259tta x\u0259st\u0259 m\u00fcalic\u0259 d\u00f6vr\u00fcnd\u0259 k\u0259skin reaksiya g\u00f6st\u0259r\u0259r\u0259k h\u0259kiml\u0259rin \u00fcz\u0259rin\u0259 b\u0131\u00e7aq da \u00e7\u0259kmi\u015fdi.<\/p>\n<p>Dig\u0259r x\u0259st\u0259 Lerik rayon sakini 1978-ci il t\u0259v\u0259ll\u00fcdl\u00fc Qafarov Azad H\u0259s\u0259na\u011fa o\u011flu is\u0259 qanaxma il\u0259 daxil olub. \u018fvv\u0259l v\u0259ziyy\u0259tin\u0259 uy\u011fun olaraq c\u0259rrahiy\u0259, daha sonra is\u0259 reanimasiya \u015f\u00f6b\u0259sin\u0259 yerl\u0259\u015fdirilib. Gec\u0259 saatlar\u0131nda q\u0259fl\u0259t\u0259n x\u0259st\u0259nin a\u011fciy\u0259rl\u0259rind\u0259 qanaxma ba\u015flay\u0131b v\u0259 bo\u011fulmadan d\u00fcnyas\u0131n\u0131 d\u0259yi\u015fib. H\u0259kiml\u0259r h\u0259r iki x\u0259st\u0259 \u00fc\u00e7\u00fcn \u0259ll\u0259rind\u0259n g\u0259l\u0259ni ets\u0259 d\u0259 onlar\u0131n h\u0259yat\u0131n\u0131 xilas etm\u0259k m\u00fcmk\u00fcn olmay\u0131b\u201d.<\/p>\n","protected":false},"excerpt":{"rendered":"<p>H\u0259kiml\u0259rin h\u0259r iki x\u0259st\u0259 \u00fc\u00e7\u00fcn z\u0259ruri olan b\u00fct\u00fcn t\u0259dbirl\u0259ri g\u00f6rm\u0259sin\u0259 baxmayaraq, onlar\u0131n h\u0259yat\u0131n\u0131 xilas etm\u0259k m\u00fcmk\u00fcn olmay\u0131b. Bu s\u00f6zl\u0259ri\u00a0Oxu.Az-a a\u00e7\u0131qlamas\u0131nda Elmi-T\u0259dqiqat A\u011fciy\u0259r X\u0259st\u0259likl\u0259ri institutunun ba\u015f h\u0259kimi \u0130man Rzayev deyib. O bildirib ki, x\u0259st\u0259l\u0259rd\u0259n biri \u00fcr\u0259k-a\u011fciy\u0259r \u00e7at\u0131\u015fmazl\u0131\u011f\u0131ndan, dig\u0259ri is\u0259 qanaxmadan v\u0259fat edib: \u201cH\u0259r iki x\u0259st\u0259 A\u011f Ciy\u0259r X\u0259st\u0259likl\u0259ri \u0130nstitutunda m\u00fcalic\u0259 al\u0131b. Bin\u0259q\u0259di rayon sakini 1985-ci il t\u0259v\u0259ll\u00fcdl\u00fc R\u0259\u015fad Q\u0259niyev \u00fcr\u0259k-a\u011fciy\u0259r \u00e7at\u0131\u015fmazl\u0131\u011f\u0131ndan \u0259ziyy\u0259t \u00e7\u0259kirdi. \u018fvv\u0259ll\u0259r narkotik vasit\u0259 istifad\u0259\u00e7isi\u00a0olub. M\u00fcalic\u0259 d\u00f6vr\u00fcnd\u0259 h\u0259kim personal\u0131 \u0259ll\u0259rind\u0259n g\u0259l\u0259ni edibl\u0259r. H\u0259tta x\u0259st\u0259 m\u00fcalic\u0259 d\u00f6vr\u00fcnd\u0259 k\u0259skin reaksiya g\u00f6st\u0259r\u0259r\u0259k h\u0259kiml\u0259rin \u00fcz\u0259rin\u0259 b\u0131\u00e7aq da \u00e7\u0259kmi\u015fdi. Dig\u0259r x\u0259st\u0259 Lerik rayon sakini&hellip;<\/p>\n","protected":false},"author":2,"featured_media":118707,"comment_status":"closed","ping_status":"closed","sticky":false,"template":"","format":"standard","meta":{"om_disable_all_campaigns":false,"_monsterinsights_skip_tracking":false,"_monsterinsights_sitenote_active":false,"_monsterinsights_sitenote_note":"","_monsterinsights_sitenote_category":0},"categories":[1],"tags":[],"aioseo_notices":[],"gutentor_comment":0,"rttpg_featured_image_url":{"full":["https:\/\/arantv.az\/wp-content\/uploads\/2020\/01\/xestexana.jpg",620,465,false],"landscape":["https:\/\/arantv.az\/wp-content\/uploads\/2020\/01\/xestexana.jpg",620,465,false],"portraits":["https:\/\/arantv.az\/wp-content\/uploads\/2020\/01\/xestexana.jpg",620,465,false],"thumbnail":["https:\/\/arantv.az\/wp-content\/uploads\/2020\/01\/xestexana-150x150.jpg",150,150,true],"medium":["https:\/\/arantv.az\/wp-content\/uploads\/2020\/01\/xestexana-300x225.jpg",300,225,true],"large":["https:\/\/arantv.az\/wp-content\/uploads\/2020\/01\/xestexana.jpg",620,465,false],"1536x1536":["https:\/\/arantv.az\/wp-content\/uploads\/2020\/01\/xestexana.jpg",620,465,false],"2048x2048":["https:\/\/arantv.az\/wp-content\/uploads\/2020\/01\/xestexana.jpg",620,465,false],"post-thumbnail":["https:\/\/arantv.az\/wp-content\/uploads\/2020\/01\/xestexana-240x172.jpg",240,172,true],"advps-thumb-one":["https:\/\/arantv.az\/wp-content\/uploads\/2020\/01\/xestexana.jpg",620,465,false]},"rttpg_author":{"display_name":"V\u00fcsal Rafiqo\u011flu","author_link":"https:\/\/arantv.az\/?author=2"},"rttpg_comment":0,"rttpg_category":"<a href=\"https:\/\/arantv.az\/?cat=1\" rel=\"category\">C\u0259miyy\u0259t<\/a>","rttpg_excerpt":"H\u0259kiml\u0259rin h\u0259r iki x\u0259st\u0259 \u00fc\u00e7\u00fcn z\u0259ruri olan b\u00fct\u00fcn t\u0259dbirl\u0259ri g\u00f6rm\u0259sin\u0259 baxmayaraq, onlar\u0131n h\u0259yat\u0131n\u0131 xilas etm\u0259k m\u00fcmk\u00fcn olmay\u0131b. Bu s\u00f6zl\u0259ri\u00a0Oxu.Az-a a\u00e7\u0131qlamas\u0131nda Elmi-T\u0259dqiqat A\u011fciy\u0259r X\u0259st\u0259likl\u0259ri institutunun ba\u015f h\u0259kimi \u0130man Rzayev deyib. O bildirib ki, x\u0259st\u0259l\u0259rd\u0259n biri \u00fcr\u0259k-a\u011fciy\u0259r \u00e7at\u0131\u015fmazl\u0131\u011f\u0131ndan, dig\u0259ri is\u0259 qanaxmadan v\u0259fat edib: \u201cH\u0259r iki x\u0259st\u0259 A\u011f Ciy\u0259r X\u0259st\u0259likl\u0259ri \u0130nstitutunda m\u00fcalic\u0259 al\u0131b. Bin\u0259q\u0259di rayon sakini 1985-ci il&hellip;","_links":{"self":[{"href":"https:\/\/arantv.az\/index.php?rest_route=\/wp\/v2\/posts\/118706"}],"collection":[{"href":"https:\/\/arantv.az\/index.php?rest_route=\/wp\/v2\/posts"}],"about":[{"href":"https:\/\/arantv.az\/index.php?rest_route=\/wp\/v2\/types\/post"}],"author":[{"embeddable":true,"href":"https:\/\/arantv.az\/index.php?rest_route=\/wp\/v2\/users\/2"}],"replies":[{"embeddable":true,"href":"https:\/\/arantv.az\/index.php?rest_route=%2Fwp%2Fv2%2Fcomments&post=118706"}],"version-history":[{"count":0,"href":"https:\/\/arantv.az\/index.php?rest_route=\/wp\/v2\/posts\/118706\/revisions"}],"wp:featuredmedia":[{"embeddable":true,"href":"https:\/\/arantv.az\/index.php?rest_route=\/wp\/v2\/media\/118707"}],"wp:attachment":[{"href":"https:\/\/arantv.az\/index.php?rest_route=%2Fwp%2Fv2%2Fmedia&parent=118706"}],"wp:term":[{"taxonomy":"category","embeddable":true,"href":"https:\/\/arantv.az\/index.php?rest_route=%2Fwp%2Fv2%2Fcategories&post=118706"},{"taxonomy":"post_tag","embeddable":true,"href":"https:\/\/arantv.az\/index.php?rest_route=%2Fwp%2Fv2%2Ftags&post=118706"}],"curies":[{"name":"wp","href":"https:\/\/api.w.org\/{rel}","templated":true}]}}