{"id":118718,"date":"2020-01-15T13:10:01","date_gmt":"2020-01-15T10:10:01","guid":{"rendered":"http:\/\/arantv.az\/?p=118718"},"modified":"2020-01-15T13:10:01","modified_gmt":"2020-01-15T10:10:01","slug":"pensiyacilara-x%c9%99b%c9%99r-var-yanvar-ayinin-od%c9%99nisl%c9%99ri","status":"publish","type":"post","link":"https:\/\/arantv.az\/?p=118718","title":{"rendered":"Pensiya\u00e7\u0131lara X\u018fB\u018fR VAR: Yanvar ay\u0131n\u0131n \u00f6d\u0259ni\u015fl\u0259ri &#8230;"},"content":{"rendered":"<blockquote><p><em><strong>Pensiyalar\u0131n gecikm\u0259sil\u0259 ba\u011fl\u0131 m\u0259lumatlar h\u0259qiq\u0259t\u0259 uy\u011fun deyil.<\/strong><\/em><\/p><\/blockquote>\n<p><strong>ARANTV.AZ<\/strong> x\u0259b\u0259r verir ki, bunu modern.az-a a\u00e7\u0131qlamas\u0131nda \u018fm\u0259k v\u0259 \u018fhalinin Sosial M\u00fcdafi\u0259si Nazirliyinin (\u018f\u018fSMN) \u0130ctimaiyy\u0259tl\u0259 \u0259laq\u0259l\u0259r v\u0259 kommunikasiya \u015f\u00f6b\u0259sinin m\u00fcdiri Fazil Tal\u0131bov pensiyalar\u0131n gecikdirilm\u0259sil\u0259 ba\u011fl\u0131 m\u0259lumatlara m\u00fcnasib\u0259t bildir\u0259rk\u0259n deyib.<\/p>\n<p>O\u00a0bildirib ki, \u0259slind\u0259 pensiya ay bit\u0259n\u0259d\u0259k qrafik\u0259 uy\u011fun verilm\u0259lidir:<\/p>\n<p>&#8220;Lakin nazirlik yan\u0131nda D\u00f6vl\u0259t Sosial M\u00fcdafi\u0259 Fondu bunu ay\u0131n \u0259vv\u0259li v\u0259 ortalar\u0131 h\u0259yata ke\u00e7irir. Yeni b\u00fcdc\u0259 ilinin ba\u015flanmas\u0131 il\u0259 \u0259laq\u0259dar olaraq, h\u0259m\u00e7inin yanvar ay\u0131n\u0131n ilk i\u015f g\u00fcn\u00fc 7 yanvara t\u0259sad\u00fcf etdiyin\u0259 g\u00f6r\u0259, d\u0259rhal bu proses ba\u015fland\u0131.<\/p>\n<p>Art\u0131q \u00f6d\u0259m\u0259l\u0259r h\u0259yata ke\u00e7irilib v\u0259 pensiya\u00e7\u0131lar\u0131m\u0131z\u0131n hesab\u0131na g\u00fcn \u0259rzind\u0259 v\u0259sait tam olaraq oturacaq&#8221;.<\/p>\n<p>Nazirlik r\u0259smisinin s\u00f6zl\u0259rin\u0259 g\u00f6r\u0259, bu il \u00f6t\u0259n ill\u0259rl\u0259 m\u00fcqayis\u0259d\u0259 yanvar ay\u0131n\u0131n pensiyas\u0131 daha tez \u00f6d\u0259nildi.<\/p>\n","protected":false},"excerpt":{"rendered":"<p>Pensiyalar\u0131n gecikm\u0259sil\u0259 ba\u011fl\u0131 m\u0259lumatlar h\u0259qiq\u0259t\u0259 uy\u011fun deyil. ARANTV.AZ x\u0259b\u0259r verir ki, bunu modern.az-a a\u00e7\u0131qlamas\u0131nda \u018fm\u0259k v\u0259 \u018fhalinin Sosial M\u00fcdafi\u0259si Nazirliyinin (\u018f\u018fSMN) \u0130ctimaiyy\u0259tl\u0259 \u0259laq\u0259l\u0259r v\u0259 kommunikasiya \u015f\u00f6b\u0259sinin m\u00fcdiri Fazil Tal\u0131bov pensiyalar\u0131n gecikdirilm\u0259sil\u0259 ba\u011fl\u0131 m\u0259lumatlara m\u00fcnasib\u0259t bildir\u0259rk\u0259n deyib. O\u00a0bildirib ki, \u0259slind\u0259 pensiya ay bit\u0259n\u0259d\u0259k qrafik\u0259 uy\u011fun verilm\u0259lidir: &#8220;Lakin nazirlik yan\u0131nda D\u00f6vl\u0259t Sosial M\u00fcdafi\u0259 Fondu bunu ay\u0131n \u0259vv\u0259li v\u0259 ortalar\u0131 h\u0259yata ke\u00e7irir. Yeni b\u00fcdc\u0259 ilinin ba\u015flanmas\u0131 il\u0259 \u0259laq\u0259dar olaraq, h\u0259m\u00e7inin yanvar ay\u0131n\u0131n ilk i\u015f g\u00fcn\u00fc 7 yanvara t\u0259sad\u00fcf etdiyin\u0259 g\u00f6r\u0259, d\u0259rhal bu proses ba\u015fland\u0131. Art\u0131q \u00f6d\u0259m\u0259l\u0259r h\u0259yata ke\u00e7irilib v\u0259 pensiya\u00e7\u0131lar\u0131m\u0131z\u0131n hesab\u0131na g\u00fcn \u0259rzind\u0259&hellip;<\/p>\n","protected":false},"author":2,"featured_media":118719,"comment_status":"closed","ping_status":"closed","sticky":false,"template":"","format":"standard","meta":{"om_disable_all_campaigns":false,"_monsterinsights_skip_tracking":false,"_monsterinsights_sitenote_active":false,"_monsterinsights_sitenote_note":"","_monsterinsights_sitenote_category":0},"categories":[1],"tags":[],"aioseo_notices":[],"gutentor_comment":0,"rttpg_featured_image_url":{"full":["https:\/\/arantv.az\/wp-content\/uploads\/2020\/01\/bankomat_0001.jpg",482,361,false],"landscape":["https:\/\/arantv.az\/wp-content\/uploads\/2020\/01\/bankomat_0001.jpg",482,361,false],"portraits":["https:\/\/arantv.az\/wp-content\/uploads\/2020\/01\/bankomat_0001.jpg",482,361,false],"thumbnail":["https:\/\/arantv.az\/wp-content\/uploads\/2020\/01\/bankomat_0001-150x150.jpg",150,150,true],"medium":["https:\/\/arantv.az\/wp-content\/uploads\/2020\/01\/bankomat_0001-300x225.jpg",300,225,true],"large":["https:\/\/arantv.az\/wp-content\/uploads\/2020\/01\/bankomat_0001.jpg",482,361,false],"1536x1536":["https:\/\/arantv.az\/wp-content\/uploads\/2020\/01\/bankomat_0001.jpg",482,361,false],"2048x2048":["https:\/\/arantv.az\/wp-content\/uploads\/2020\/01\/bankomat_0001.jpg",482,361,false],"post-thumbnail":["https:\/\/arantv.az\/wp-content\/uploads\/2020\/01\/bankomat_0001-240x172.jpg",240,172,true],"advps-thumb-one":["https:\/\/arantv.az\/wp-content\/uploads\/2020\/01\/bankomat_0001.jpg",482,361,false]},"rttpg_author":{"display_name":"V\u00fcsal Rafiqo\u011flu","author_link":"https:\/\/arantv.az\/?author=2"},"rttpg_comment":0,"rttpg_category":"<a href=\"https:\/\/arantv.az\/?cat=1\" rel=\"category\">C\u0259miyy\u0259t<\/a>","rttpg_excerpt":"Pensiyalar\u0131n gecikm\u0259sil\u0259 ba\u011fl\u0131 m\u0259lumatlar h\u0259qiq\u0259t\u0259 uy\u011fun deyil. ARANTV.AZ x\u0259b\u0259r verir ki, bunu modern.az-a a\u00e7\u0131qlamas\u0131nda \u018fm\u0259k v\u0259 \u018fhalinin Sosial M\u00fcdafi\u0259si Nazirliyinin (\u018f\u018fSMN) \u0130ctimaiyy\u0259tl\u0259 \u0259laq\u0259l\u0259r v\u0259 kommunikasiya \u015f\u00f6b\u0259sinin m\u00fcdiri Fazil Tal\u0131bov pensiyalar\u0131n gecikdirilm\u0259sil\u0259 ba\u011fl\u0131 m\u0259lumatlara m\u00fcnasib\u0259t bildir\u0259rk\u0259n deyib. O\u00a0bildirib ki, \u0259slind\u0259 pensiya ay bit\u0259n\u0259d\u0259k qrafik\u0259 uy\u011fun verilm\u0259lidir: &#8220;Lakin nazirlik yan\u0131nda D\u00f6vl\u0259t Sosial M\u00fcdafi\u0259 Fondu bunu ay\u0131n \u0259vv\u0259li&hellip;","_links":{"self":[{"href":"https:\/\/arantv.az\/index.php?rest_route=\/wp\/v2\/posts\/118718"}],"collection":[{"href":"https:\/\/arantv.az\/index.php?rest_route=\/wp\/v2\/posts"}],"about":[{"href":"https:\/\/arantv.az\/index.php?rest_route=\/wp\/v2\/types\/post"}],"author":[{"embeddable":true,"href":"https:\/\/arantv.az\/index.php?rest_route=\/wp\/v2\/users\/2"}],"replies":[{"embeddable":true,"href":"https:\/\/arantv.az\/index.php?rest_route=%2Fwp%2Fv2%2Fcomments&post=118718"}],"version-history":[{"count":0,"href":"https:\/\/arantv.az\/index.php?rest_route=\/wp\/v2\/posts\/118718\/revisions"}],"wp:featuredmedia":[{"embeddable":true,"href":"https:\/\/arantv.az\/index.php?rest_route=\/wp\/v2\/media\/118719"}],"wp:attachment":[{"href":"https:\/\/arantv.az\/index.php?rest_route=%2Fwp%2Fv2%2Fmedia&parent=118718"}],"wp:term":[{"taxonomy":"category","embeddable":true,"href":"https:\/\/arantv.az\/index.php?rest_route=%2Fwp%2Fv2%2Fcategories&post=118718"},{"taxonomy":"post_tag","embeddable":true,"href":"https:\/\/arantv.az\/index.php?rest_route=%2Fwp%2Fv2%2Ftags&post=118718"}],"curies":[{"name":"wp","href":"https:\/\/api.w.org\/{rel}","templated":true}]}}