{"id":118799,"date":"2020-01-15T15:05:28","date_gmt":"2020-01-15T12:05:28","guid":{"rendered":"http:\/\/arantv.az\/?p=118799"},"modified":"2020-01-15T15:05:28","modified_gmt":"2020-01-15T12:05:28","slug":"boyuk-britaniyanin-irandaki-s%c9%99firi-olk%c9%99ni-t%c9%99rk-edib","status":"publish","type":"post","link":"https:\/\/arantv.az\/?p=118799","title":{"rendered":"B\u00f6y\u00fck Britaniyan\u0131n \u0130randak\u0131 s\u0259firi \u00f6lk\u0259ni t\u0259rk edib"},"content":{"rendered":"<p>B\u00f6y\u00fck Britaniyan\u0131n \u0130randak\u0131 s\u0259firi Robert Makkeyrin Tehran\u0131 t\u0259rk edib.<\/p>\n<p>Bu \u00a0bar\u0259d\u0259 m\u0259lumat\u0131 \u0130ran\u0131n \u201cTasnim\u201d agentliyi yay\u0131b.<\/p>\n<p>Daha \u0259vv\u0259l bildirilirdi ki, \u0130ran B\u00f6y\u00fck Britaniyan\u0131n \u00f6lk\u0259d\u0259ki s\u0259firini etiraz aksiyalar\u0131nda i\u015ftirak\u0131na g\u00f6r\u0259 \u00f6lk\u0259d\u0259n xaric etm\u0259yi d\u00fc\u015f\u00fcn\u00fcr.<\/p>\n<p>Xat\u0131rladaq ki, yanvar\u0131n 12-d\u0259 B\u00f6y\u00fck Britaniyan\u0131n \u0130randak\u0131 s\u0259firi Roberta Makkeyrin Tehranda ke\u00e7iril\u0259n qanunsuz etiraz aksiyas\u0131nda i\u015ftirak ed\u0259rk\u0259n polis t\u0259r\u0259find\u0259n saxlan\u0131l\u0131b.<\/p>\n","protected":false},"excerpt":{"rendered":"<p>B\u00f6y\u00fck Britaniyan\u0131n \u0130randak\u0131 s\u0259firi Robert Makkeyrin Tehran\u0131 t\u0259rk edib. Bu \u00a0bar\u0259d\u0259 m\u0259lumat\u0131 \u0130ran\u0131n \u201cTasnim\u201d agentliyi yay\u0131b. Daha \u0259vv\u0259l bildirilirdi ki, \u0130ran B\u00f6y\u00fck Britaniyan\u0131n \u00f6lk\u0259d\u0259ki s\u0259firini etiraz aksiyalar\u0131nda i\u015ftirak\u0131na g\u00f6r\u0259 \u00f6lk\u0259d\u0259n xaric etm\u0259yi d\u00fc\u015f\u00fcn\u00fcr. Xat\u0131rladaq ki, yanvar\u0131n 12-d\u0259 B\u00f6y\u00fck Britaniyan\u0131n \u0130randak\u0131 s\u0259firi Roberta Makkeyrin Tehranda ke\u00e7iril\u0259n qanunsuz etiraz aksiyas\u0131nda i\u015ftirak ed\u0259rk\u0259n polis t\u0259r\u0259find\u0259n saxlan\u0131l\u0131b.<\/p>\n","protected":false},"author":2,"featured_media":118800,"comment_status":"closed","ping_status":"closed","sticky":false,"template":"","format":"standard","meta":{"om_disable_all_campaigns":false,"_monsterinsights_skip_tracking":false,"_monsterinsights_sitenote_active":false,"_monsterinsights_sitenote_note":"","_monsterinsights_sitenote_category":0},"categories":[7],"tags":[],"aioseo_notices":[],"gutentor_comment":0,"rttpg_featured_image_url":{"full":["https:\/\/arantv.az\/wp-content\/uploads\/2020\/01\/c1f70169-1b04-47ba-ae6f-c5c806a6c7a2_640.jpg",620,349,false],"landscape":["https:\/\/arantv.az\/wp-content\/uploads\/2020\/01\/c1f70169-1b04-47ba-ae6f-c5c806a6c7a2_640.jpg",620,349,false],"portraits":["https:\/\/arantv.az\/wp-content\/uploads\/2020\/01\/c1f70169-1b04-47ba-ae6f-c5c806a6c7a2_640.jpg",620,349,false],"thumbnail":["https:\/\/arantv.az\/wp-content\/uploads\/2020\/01\/c1f70169-1b04-47ba-ae6f-c5c806a6c7a2_640-150x150.jpg",150,150,true],"medium":["https:\/\/arantv.az\/wp-content\/uploads\/2020\/01\/c1f70169-1b04-47ba-ae6f-c5c806a6c7a2_640-300x169.jpg",300,169,true],"large":["https:\/\/arantv.az\/wp-content\/uploads\/2020\/01\/c1f70169-1b04-47ba-ae6f-c5c806a6c7a2_640.jpg",620,349,false],"1536x1536":["https:\/\/arantv.az\/wp-content\/uploads\/2020\/01\/c1f70169-1b04-47ba-ae6f-c5c806a6c7a2_640.jpg",620,349,false],"2048x2048":["https:\/\/arantv.az\/wp-content\/uploads\/2020\/01\/c1f70169-1b04-47ba-ae6f-c5c806a6c7a2_640.jpg",620,349,false],"post-thumbnail":["https:\/\/arantv.az\/wp-content\/uploads\/2020\/01\/c1f70169-1b04-47ba-ae6f-c5c806a6c7a2_640-240x172.jpg",240,172,true],"advps-thumb-one":["https:\/\/arantv.az\/wp-content\/uploads\/2020\/01\/c1f70169-1b04-47ba-ae6f-c5c806a6c7a2_640.jpg",620,349,false]},"rttpg_author":{"display_name":"V\u00fcsal Rafiqo\u011flu","author_link":"https:\/\/arantv.az\/?author=2"},"rttpg_comment":0,"rttpg_category":"<a href=\"https:\/\/arantv.az\/?cat=7\" rel=\"category\">D\u00fcnya<\/a>","rttpg_excerpt":"B\u00f6y\u00fck Britaniyan\u0131n \u0130randak\u0131 s\u0259firi Robert Makkeyrin Tehran\u0131 t\u0259rk edib. Bu \u00a0bar\u0259d\u0259 m\u0259lumat\u0131 \u0130ran\u0131n \u201cTasnim\u201d agentliyi yay\u0131b. Daha \u0259vv\u0259l bildirilirdi ki, \u0130ran B\u00f6y\u00fck Britaniyan\u0131n \u00f6lk\u0259d\u0259ki s\u0259firini etiraz aksiyalar\u0131nda i\u015ftirak\u0131na g\u00f6r\u0259 \u00f6lk\u0259d\u0259n xaric etm\u0259yi d\u00fc\u015f\u00fcn\u00fcr. Xat\u0131rladaq ki, yanvar\u0131n 12-d\u0259 B\u00f6y\u00fck Britaniyan\u0131n \u0130randak\u0131 s\u0259firi Roberta Makkeyrin Tehranda ke\u00e7iril\u0259n qanunsuz etiraz aksiyas\u0131nda i\u015ftirak ed\u0259rk\u0259n polis t\u0259r\u0259find\u0259n saxlan\u0131l\u0131b.","_links":{"self":[{"href":"https:\/\/arantv.az\/index.php?rest_route=\/wp\/v2\/posts\/118799"}],"collection":[{"href":"https:\/\/arantv.az\/index.php?rest_route=\/wp\/v2\/posts"}],"about":[{"href":"https:\/\/arantv.az\/index.php?rest_route=\/wp\/v2\/types\/post"}],"author":[{"embeddable":true,"href":"https:\/\/arantv.az\/index.php?rest_route=\/wp\/v2\/users\/2"}],"replies":[{"embeddable":true,"href":"https:\/\/arantv.az\/index.php?rest_route=%2Fwp%2Fv2%2Fcomments&post=118799"}],"version-history":[{"count":0,"href":"https:\/\/arantv.az\/index.php?rest_route=\/wp\/v2\/posts\/118799\/revisions"}],"wp:featuredmedia":[{"embeddable":true,"href":"https:\/\/arantv.az\/index.php?rest_route=\/wp\/v2\/media\/118800"}],"wp:attachment":[{"href":"https:\/\/arantv.az\/index.php?rest_route=%2Fwp%2Fv2%2Fmedia&parent=118799"}],"wp:term":[{"taxonomy":"category","embeddable":true,"href":"https:\/\/arantv.az\/index.php?rest_route=%2Fwp%2Fv2%2Fcategories&post=118799"},{"taxonomy":"post_tag","embeddable":true,"href":"https:\/\/arantv.az\/index.php?rest_route=%2Fwp%2Fv2%2Ftags&post=118799"}],"curies":[{"name":"wp","href":"https:\/\/api.w.org\/{rel}","templated":true}]}}