{"id":118807,"date":"2020-01-15T15:08:26","date_gmt":"2020-01-15T12:08:26","guid":{"rendered":"http:\/\/arantv.az\/?p=118807"},"modified":"2020-01-15T15:08:26","modified_gmt":"2020-01-15T12:08:26","slug":"zaqatalada-partlayis-92-yasli-qadin-yandi","status":"publish","type":"post","link":"https:\/\/arantv.az\/?p=118807","title":{"rendered":"Zaqatalada partlay\u0131\u015f: 92 ya\u015fl\u0131 qad\u0131n yand\u0131"},"content":{"rendered":"<p>Zaqatalada evd\u0259 partlay\u0131\u015f olub.<\/p>\n<p><b>ARANTV.AZ\u00a0<\/b> x\u0259b\u0259r verir ki, hadis\u0259 \u015f\u0259h\u0259rin \u0130mam \u015eamil k\u00fc\u00e7\u0259sind\u0259 qeyd\u0259 al\u0131n\u0131b.<\/p>\n<article class=\"news\">\n<div class=\"news-inner\">\n<p>Bel\u0259 ki, 92 ya\u015fl\u0131 Ay\u015f\u0259 M\u0259mm\u0259dova \u00f6z\u00fcn\u0259 m\u0259xsus ya\u015fay\u0131\u015f evind\u0259 qaz sobas\u0131n\u0131 yand\u0131rmaq ist\u0259y\u0259n zaman anid\u0259n yan\u011f\u0131nla m\u00fc\u015fahid\u0259 olunan partlay\u0131\u015f ba\u015f verib.<\/p>\n<p>Yan\u011f\u0131n zaman\u0131 A.M\u0259mm\u0259dova m\u00fcxt\u0259lif d\u0259r\u0259c\u0259li yan\u0131q x\u0259sar\u0259tl\u0259ri al\u0131b.\u00a0O, Zaqatala Rayon M\u0259rk\u0259zi X\u0259st\u0259xanas\u0131na yerl\u0259\u015fdiririlib.<\/p>\n<p>A.M\u0259mm\u0259dovan\u0131n m\u00fcalic\u0259sinin davam\u0131 Bak\u0131 \u015f\u0259h\u0259rind\u0259ki x\u0259st\u0259xanalar\u0131n birind\u0259 apar\u0131lacaq. Qad\u0131n\u0131n evd\u0259 t\u0259k ya\u015fad\u0131\u011f\u0131 bildirilir.Oxu.Az<\/p>\n<div><iframe loading=\"lazy\" src=\"https:\/\/player.baku.tv\/embed\/12999\" width=\"560\" height=\"315\" frameborder=\"0\" allowfullscreen=\"allowfullscreen\" data-mce-fragment=\"1\"><\/iframe><\/div>\n<\/div>\n<\/article>\n<h2 class=\"news-share-title\"><\/h2>\n","protected":false},"excerpt":{"rendered":"<p>Zaqatalada evd\u0259 partlay\u0131\u015f olub. ARANTV.AZ\u00a0 x\u0259b\u0259r verir ki, hadis\u0259 \u015f\u0259h\u0259rin \u0130mam \u015eamil k\u00fc\u00e7\u0259sind\u0259 qeyd\u0259 al\u0131n\u0131b. Bel\u0259 ki, 92 ya\u015fl\u0131 Ay\u015f\u0259 M\u0259mm\u0259dova \u00f6z\u00fcn\u0259 m\u0259xsus ya\u015fay\u0131\u015f evind\u0259 qaz sobas\u0131n\u0131 yand\u0131rmaq ist\u0259y\u0259n zaman anid\u0259n yan\u011f\u0131nla m\u00fc\u015fahid\u0259 olunan partlay\u0131\u015f ba\u015f verib. Yan\u011f\u0131n zaman\u0131 A.M\u0259mm\u0259dova m\u00fcxt\u0259lif d\u0259r\u0259c\u0259li yan\u0131q x\u0259sar\u0259tl\u0259ri al\u0131b.\u00a0O, Zaqatala Rayon M\u0259rk\u0259zi X\u0259st\u0259xanas\u0131na yerl\u0259\u015fdiririlib. A.M\u0259mm\u0259dovan\u0131n m\u00fcalic\u0259sinin davam\u0131 Bak\u0131 \u015f\u0259h\u0259rind\u0259ki x\u0259st\u0259xanalar\u0131n birind\u0259 apar\u0131lacaq. Qad\u0131n\u0131n evd\u0259 t\u0259k ya\u015fad\u0131\u011f\u0131 bildirilir.Oxu.Az<\/p>\n","protected":false},"author":2,"featured_media":118808,"comment_status":"closed","ping_status":"closed","sticky":false,"template":"","format":"standard","meta":{"om_disable_all_campaigns":false,"_monsterinsights_skip_tracking":false,"_monsterinsights_sitenote_active":false,"_monsterinsights_sitenote_note":"","_monsterinsights_sitenote_category":0},"categories":[5],"tags":[],"aioseo_notices":[],"gutentor_comment":0,"rttpg_featured_image_url":{"full":["https:\/\/arantv.az\/wp-content\/uploads\/2020\/01\/qaz-1.jpg",620,389,false],"landscape":["https:\/\/arantv.az\/wp-content\/uploads\/2020\/01\/qaz-1.jpg",620,389,false],"portraits":["https:\/\/arantv.az\/wp-content\/uploads\/2020\/01\/qaz-1.jpg",620,389,false],"thumbnail":["https:\/\/arantv.az\/wp-content\/uploads\/2020\/01\/qaz-1-150x150.jpg",150,150,true],"medium":["https:\/\/arantv.az\/wp-content\/uploads\/2020\/01\/qaz-1-300x188.jpg",300,188,true],"large":["https:\/\/arantv.az\/wp-content\/uploads\/2020\/01\/qaz-1.jpg",620,389,false],"1536x1536":["https:\/\/arantv.az\/wp-content\/uploads\/2020\/01\/qaz-1.jpg",620,389,false],"2048x2048":["https:\/\/arantv.az\/wp-content\/uploads\/2020\/01\/qaz-1.jpg",620,389,false],"post-thumbnail":["https:\/\/arantv.az\/wp-content\/uploads\/2020\/01\/qaz-1-240x172.jpg",240,172,true],"advps-thumb-one":["https:\/\/arantv.az\/wp-content\/uploads\/2020\/01\/qaz-1.jpg",620,389,false]},"rttpg_author":{"display_name":"V\u00fcsal Rafiqo\u011flu","author_link":"https:\/\/arantv.az\/?author=2"},"rttpg_comment":0,"rttpg_category":"<a href=\"https:\/\/arantv.az\/?cat=5\" rel=\"category\">Hadis\u0259<\/a>","rttpg_excerpt":"Zaqatalada evd\u0259 partlay\u0131\u015f olub. ARANTV.AZ\u00a0 x\u0259b\u0259r verir ki, hadis\u0259 \u015f\u0259h\u0259rin \u0130mam \u015eamil k\u00fc\u00e7\u0259sind\u0259 qeyd\u0259 al\u0131n\u0131b. Bel\u0259 ki, 92 ya\u015fl\u0131 Ay\u015f\u0259 M\u0259mm\u0259dova \u00f6z\u00fcn\u0259 m\u0259xsus ya\u015fay\u0131\u015f evind\u0259 qaz sobas\u0131n\u0131 yand\u0131rmaq ist\u0259y\u0259n zaman anid\u0259n yan\u011f\u0131nla m\u00fc\u015fahid\u0259 olunan partlay\u0131\u015f ba\u015f verib. Yan\u011f\u0131n zaman\u0131 A.M\u0259mm\u0259dova m\u00fcxt\u0259lif d\u0259r\u0259c\u0259li yan\u0131q x\u0259sar\u0259tl\u0259ri al\u0131b.\u00a0O, Zaqatala Rayon M\u0259rk\u0259zi X\u0259st\u0259xanas\u0131na yerl\u0259\u015fdiririlib. A.M\u0259mm\u0259dovan\u0131n m\u00fcalic\u0259sinin davam\u0131 Bak\u0131 \u015f\u0259h\u0259rind\u0259ki&hellip;","_links":{"self":[{"href":"https:\/\/arantv.az\/index.php?rest_route=\/wp\/v2\/posts\/118807"}],"collection":[{"href":"https:\/\/arantv.az\/index.php?rest_route=\/wp\/v2\/posts"}],"about":[{"href":"https:\/\/arantv.az\/index.php?rest_route=\/wp\/v2\/types\/post"}],"author":[{"embeddable":true,"href":"https:\/\/arantv.az\/index.php?rest_route=\/wp\/v2\/users\/2"}],"replies":[{"embeddable":true,"href":"https:\/\/arantv.az\/index.php?rest_route=%2Fwp%2Fv2%2Fcomments&post=118807"}],"version-history":[{"count":0,"href":"https:\/\/arantv.az\/index.php?rest_route=\/wp\/v2\/posts\/118807\/revisions"}],"wp:featuredmedia":[{"embeddable":true,"href":"https:\/\/arantv.az\/index.php?rest_route=\/wp\/v2\/media\/118808"}],"wp:attachment":[{"href":"https:\/\/arantv.az\/index.php?rest_route=%2Fwp%2Fv2%2Fmedia&parent=118807"}],"wp:term":[{"taxonomy":"category","embeddable":true,"href":"https:\/\/arantv.az\/index.php?rest_route=%2Fwp%2Fv2%2Fcategories&post=118807"},{"taxonomy":"post_tag","embeddable":true,"href":"https:\/\/arantv.az\/index.php?rest_route=%2Fwp%2Fv2%2Ftags&post=118807"}],"curies":[{"name":"wp","href":"https:\/\/api.w.org\/{rel}","templated":true}]}}