{"id":118811,"date":"2020-01-15T15:11:06","date_gmt":"2020-01-15T12:11:06","guid":{"rendered":"http:\/\/arantv.az\/?p=118811"},"modified":"2020-01-15T15:11:06","modified_gmt":"2020-01-15T12:11:06","slug":"az%c9%99rbaycanli-taksi-surucusu-s%c9%99rnisinl%c9%99r%c9%99-saxta-pulla-qaliq-qaytarir","status":"publish","type":"post","link":"https:\/\/arantv.az\/?p=118811","title":{"rendered":"Az\u0259rbaycanl\u0131 taksi s\u00fcr\u00fcc\u00fcs\u00fc s\u0259rni\u015finl\u0259r\u0259 saxta pulla qal\u0131q qaytar\u0131r"},"content":{"rendered":"<p>Rusiyan\u0131n Murmansk vilay\u0259tind\u0259 az\u0259rbaycanl\u0131 taksi s\u00fcr\u00fcc\u00fcs\u00fc s\u0259rni\u015finl\u0259r\u0259 saxta pulla qal\u0131q qaytar\u0131r.<\/p>\n<p>\u201cSever\u0130nform\u201dun m\u0259lumat\u0131na g\u00f6r\u0259, bu bar\u0259d\u0259 yerli sakinl\u0259r sosial \u015f\u0259b\u0259k\u0259l\u0259rd\u0259 m\u00fczakir\u0259 apar\u0131blar.<\/p>\n<p>X\u0259b\u0259rd\u0259 deyilir ki, qara r\u0259ngli \u201cMercedes\u201dmarkal\u0131 avtomobil idar\u0259 ed\u0259n az\u0259rbaycanl\u0131 yerli taksi xidm\u0259tl\u0259rind\u0259n birin\u0259 qo\u015fulub.<\/p>\n<p>Onun s\u0259rni\u015finl\u0259r\u0259 \u00f6d\u0259diyi pulun qal\u0131\u011f\u0131n\u0131 saxta \u0259skinasla qaytard\u0131\u011f\u0131 bildirilir.<\/p>\n<p>X\u0259b\u0259ri yayanlar taksi xidm\u0259tind\u0259n istifad\u0259 ed\u0259nl\u0259ri diqq\u0259tli olma\u011fa \u00e7a\u011f\u0131r\u0131b.<\/p>\n<p>H\u0259l\u0259lik polisin m\u0259s\u0259l\u0259y\u0259 m\u00fcnasib\u0259ti m\u0259lum deyil.<\/p>\n","protected":false},"excerpt":{"rendered":"<p>Rusiyan\u0131n Murmansk vilay\u0259tind\u0259 az\u0259rbaycanl\u0131 taksi s\u00fcr\u00fcc\u00fcs\u00fc s\u0259rni\u015finl\u0259r\u0259 saxta pulla qal\u0131q qaytar\u0131r. \u201cSever\u0130nform\u201dun m\u0259lumat\u0131na g\u00f6r\u0259, bu bar\u0259d\u0259 yerli sakinl\u0259r sosial \u015f\u0259b\u0259k\u0259l\u0259rd\u0259 m\u00fczakir\u0259 apar\u0131blar. X\u0259b\u0259rd\u0259 deyilir ki, qara r\u0259ngli \u201cMercedes\u201dmarkal\u0131 avtomobil idar\u0259 ed\u0259n az\u0259rbaycanl\u0131 yerli taksi xidm\u0259tl\u0259rind\u0259n birin\u0259 qo\u015fulub. Onun s\u0259rni\u015finl\u0259r\u0259 \u00f6d\u0259diyi pulun qal\u0131\u011f\u0131n\u0131 saxta \u0259skinasla qaytard\u0131\u011f\u0131 bildirilir. X\u0259b\u0259ri yayanlar taksi xidm\u0259tind\u0259n istifad\u0259 ed\u0259nl\u0259ri diqq\u0259tli olma\u011fa \u00e7a\u011f\u0131r\u0131b. H\u0259l\u0259lik polisin m\u0259s\u0259l\u0259y\u0259 m\u00fcnasib\u0259ti m\u0259lum deyil.<\/p>\n","protected":false},"author":2,"featured_media":118812,"comment_status":"closed","ping_status":"closed","sticky":false,"template":"","format":"standard","meta":{"om_disable_all_campaigns":false,"_monsterinsights_skip_tracking":false,"_monsterinsights_sitenote_active":false,"_monsterinsights_sitenote_note":"","_monsterinsights_sitenote_category":0},"categories":[1],"tags":[],"aioseo_notices":[],"gutentor_comment":0,"rttpg_featured_image_url":{"full":["https:\/\/arantv.az\/wp-content\/uploads\/2020\/01\/Taxis_iStock.com_Foto-Maxiphoto_DL_PPT_0.jpg",620,413,false],"landscape":["https:\/\/arantv.az\/wp-content\/uploads\/2020\/01\/Taxis_iStock.com_Foto-Maxiphoto_DL_PPT_0.jpg",620,413,false],"portraits":["https:\/\/arantv.az\/wp-content\/uploads\/2020\/01\/Taxis_iStock.com_Foto-Maxiphoto_DL_PPT_0.jpg",620,413,false],"thumbnail":["https:\/\/arantv.az\/wp-content\/uploads\/2020\/01\/Taxis_iStock.com_Foto-Maxiphoto_DL_PPT_0-150x150.jpg",150,150,true],"medium":["https:\/\/arantv.az\/wp-content\/uploads\/2020\/01\/Taxis_iStock.com_Foto-Maxiphoto_DL_PPT_0-300x200.jpg",300,200,true],"large":["https:\/\/arantv.az\/wp-content\/uploads\/2020\/01\/Taxis_iStock.com_Foto-Maxiphoto_DL_PPT_0.jpg",620,413,false],"1536x1536":["https:\/\/arantv.az\/wp-content\/uploads\/2020\/01\/Taxis_iStock.com_Foto-Maxiphoto_DL_PPT_0.jpg",620,413,false],"2048x2048":["https:\/\/arantv.az\/wp-content\/uploads\/2020\/01\/Taxis_iStock.com_Foto-Maxiphoto_DL_PPT_0.jpg",620,413,false],"post-thumbnail":["https:\/\/arantv.az\/wp-content\/uploads\/2020\/01\/Taxis_iStock.com_Foto-Maxiphoto_DL_PPT_0-240x172.jpg",240,172,true],"advps-thumb-one":["https:\/\/arantv.az\/wp-content\/uploads\/2020\/01\/Taxis_iStock.com_Foto-Maxiphoto_DL_PPT_0.jpg",620,413,false]},"rttpg_author":{"display_name":"V\u00fcsal Rafiqo\u011flu","author_link":"https:\/\/arantv.az\/?author=2"},"rttpg_comment":0,"rttpg_category":"<a href=\"https:\/\/arantv.az\/?cat=1\" rel=\"category\">C\u0259miyy\u0259t<\/a>","rttpg_excerpt":"Rusiyan\u0131n Murmansk vilay\u0259tind\u0259 az\u0259rbaycanl\u0131 taksi s\u00fcr\u00fcc\u00fcs\u00fc s\u0259rni\u015finl\u0259r\u0259 saxta pulla qal\u0131q qaytar\u0131r. \u201cSever\u0130nform\u201dun m\u0259lumat\u0131na g\u00f6r\u0259, bu bar\u0259d\u0259 yerli sakinl\u0259r sosial \u015f\u0259b\u0259k\u0259l\u0259rd\u0259 m\u00fczakir\u0259 apar\u0131blar. X\u0259b\u0259rd\u0259 deyilir ki, qara r\u0259ngli \u201cMercedes\u201dmarkal\u0131 avtomobil idar\u0259 ed\u0259n az\u0259rbaycanl\u0131 yerli taksi xidm\u0259tl\u0259rind\u0259n birin\u0259 qo\u015fulub. Onun s\u0259rni\u015finl\u0259r\u0259 \u00f6d\u0259diyi pulun qal\u0131\u011f\u0131n\u0131 saxta \u0259skinasla qaytard\u0131\u011f\u0131 bildirilir. X\u0259b\u0259ri yayanlar taksi xidm\u0259tind\u0259n istifad\u0259 ed\u0259nl\u0259ri diqq\u0259tli olma\u011fa \u00e7a\u011f\u0131r\u0131b.&hellip;","_links":{"self":[{"href":"https:\/\/arantv.az\/index.php?rest_route=\/wp\/v2\/posts\/118811"}],"collection":[{"href":"https:\/\/arantv.az\/index.php?rest_route=\/wp\/v2\/posts"}],"about":[{"href":"https:\/\/arantv.az\/index.php?rest_route=\/wp\/v2\/types\/post"}],"author":[{"embeddable":true,"href":"https:\/\/arantv.az\/index.php?rest_route=\/wp\/v2\/users\/2"}],"replies":[{"embeddable":true,"href":"https:\/\/arantv.az\/index.php?rest_route=%2Fwp%2Fv2%2Fcomments&post=118811"}],"version-history":[{"count":0,"href":"https:\/\/arantv.az\/index.php?rest_route=\/wp\/v2\/posts\/118811\/revisions"}],"wp:featuredmedia":[{"embeddable":true,"href":"https:\/\/arantv.az\/index.php?rest_route=\/wp\/v2\/media\/118812"}],"wp:attachment":[{"href":"https:\/\/arantv.az\/index.php?rest_route=%2Fwp%2Fv2%2Fmedia&parent=118811"}],"wp:term":[{"taxonomy":"category","embeddable":true,"href":"https:\/\/arantv.az\/index.php?rest_route=%2Fwp%2Fv2%2Fcategories&post=118811"},{"taxonomy":"post_tag","embeddable":true,"href":"https:\/\/arantv.az\/index.php?rest_route=%2Fwp%2Fv2%2Ftags&post=118811"}],"curies":[{"name":"wp","href":"https:\/\/api.w.org\/{rel}","templated":true}]}}