{"id":119050,"date":"2020-01-16T10:29:28","date_gmt":"2020-01-16T07:29:28","guid":{"rendered":"http:\/\/arantv.az\/?p=119050"},"modified":"2020-01-16T10:29:28","modified_gmt":"2020-01-16T07:29:28","slug":"avropa-surasinin-r%c9%99smisi-seckil%c9%99rd%c9%99n-danisdi","status":"publish","type":"post","link":"https:\/\/arantv.az\/?p=119050","title":{"rendered":"Avropa \u015euras\u0131n\u0131n r\u0259smisi se\u00e7kil\u0259rd\u0259n dan\u0131\u015fd\u0131"},"content":{"rendered":"<p>Avropa \u015euras\u0131n\u0131n Bak\u0131dak\u0131 Ofisinin r\u0259hb\u0259ri Zoltan Hernyes \u201cSe\u00e7kinin mediada i\u015f\u0131qland\u0131r\u0131lmas\u0131\u201d sessiyas\u0131nda bildirib ki, se\u00e7kil\u0259rin azad v\u0259 demokratik ke\u00e7irilm\u0259sind\u0259 m\u0259tbuat m\u00fch\u00fcm rol oynay\u0131r.<\/p>\n<p><b>ARANTV.AZ\u00a0<\/b>x\u0259b\u0259r verir ki, Z.Hernyes Avropa \u015euras\u0131n\u0131n se\u00e7kil\u0259rin i\u015f\u0131qland\u0131r\u0131lmas\u0131 il\u0259 ba\u011fl\u0131 \u00fczv \u00f6lk\u0259l\u0259r\u0259 t\u00f6vsiy\u0259l\u0259r verdiyini deyib.<\/p>\n<p>\u201cBu t\u00f6vsiy\u0259l\u0259r, \u0259sas\u0259n, median\u0131n rolu il\u0259 ba\u011fl\u0131d\u0131r. Media \u00fc\u00e7\u00fcn \u015f\u0259rait yarad\u0131lmal\u0131d\u0131r. Ba\u015fqa s\u00f6zl\u0259, h\u0259m d\u00f6vl\u0259t, h\u0259m d\u0259 \u00f6z\u0259l media qurumlar\u0131 se\u00e7ki prosesin\u0259 c\u0259lb olunmal\u0131d\u0131r. H\u0259m se\u00e7kil\u0259rd\u0259n \u00f6nc\u0259, h\u0259m se\u00e7ki zaman\u0131, h\u0259m d\u0259 se\u00e7kil\u0259rd\u0259n sonra media bu prosesd\u0259 f\u0259al i\u015ftirak etm\u0259lidir\u201d,-dey\u0259 o \u0259lav\u0259 edib.<\/p>\n<div id=\"AdviadNativeVideo0\" class=\"AdviadNativeVideo\"><\/div>\n<p>Diplomat s\u00f6yl\u0259yib ki, Avropa \u015euras\u0131 Az\u0259rbaycan t\u0259r\u0259fin\u0259, o c\u00fcml\u0259d\u0259n, Prezident Administrasiyas\u0131na, M\u0259tbuat \u015euras\u0131na v\u0259 dig\u0259r qurumlara se\u00e7kil\u0259r d\u00f6vr\u00fcnd\u0259 onlarla \u0259m\u0259kda\u015fl\u0131\u011fa g\u00f6r\u0259 t\u0259\u015f\u0259kk\u00fcr edir.<\/p>\n<p>Qeyd ed\u0259k ki, fevral\u0131n 9-da Milli M\u0259clis\u0259 se\u00e7kil\u0259r ke\u00e7iril\u0259c\u0259k.Oxu.Az<\/p>\n","protected":false},"excerpt":{"rendered":"<p>Avropa \u015euras\u0131n\u0131n Bak\u0131dak\u0131 Ofisinin r\u0259hb\u0259ri Zoltan Hernyes \u201cSe\u00e7kinin mediada i\u015f\u0131qland\u0131r\u0131lmas\u0131\u201d sessiyas\u0131nda bildirib ki, se\u00e7kil\u0259rin azad v\u0259 demokratik ke\u00e7irilm\u0259sind\u0259 m\u0259tbuat m\u00fch\u00fcm rol oynay\u0131r. ARANTV.AZ\u00a0x\u0259b\u0259r verir ki, Z.Hernyes Avropa \u015euras\u0131n\u0131n se\u00e7kil\u0259rin i\u015f\u0131qland\u0131r\u0131lmas\u0131 il\u0259 ba\u011fl\u0131 \u00fczv \u00f6lk\u0259l\u0259r\u0259 t\u00f6vsiy\u0259l\u0259r verdiyini deyib. \u201cBu t\u00f6vsiy\u0259l\u0259r, \u0259sas\u0259n, median\u0131n rolu il\u0259 ba\u011fl\u0131d\u0131r. Media \u00fc\u00e7\u00fcn \u015f\u0259rait yarad\u0131lmal\u0131d\u0131r. Ba\u015fqa s\u00f6zl\u0259, h\u0259m d\u00f6vl\u0259t, h\u0259m d\u0259 \u00f6z\u0259l media qurumlar\u0131 se\u00e7ki prosesin\u0259 c\u0259lb olunmal\u0131d\u0131r. H\u0259m se\u00e7kil\u0259rd\u0259n \u00f6nc\u0259, h\u0259m se\u00e7ki zaman\u0131, h\u0259m d\u0259 se\u00e7kil\u0259rd\u0259n sonra media bu prosesd\u0259 f\u0259al i\u015ftirak etm\u0259lidir\u201d,-dey\u0259 o \u0259lav\u0259 edib. Diplomat s\u00f6yl\u0259yib ki, Avropa \u015euras\u0131 Az\u0259rbaycan t\u0259r\u0259fin\u0259, o c\u00fcml\u0259d\u0259n, Prezident&hellip;<\/p>\n","protected":false},"author":2,"featured_media":119051,"comment_status":"closed","ping_status":"closed","sticky":false,"template":"","format":"standard","meta":{"om_disable_all_campaigns":false,"_monsterinsights_skip_tracking":false,"_monsterinsights_sitenote_active":false,"_monsterinsights_sitenote_note":"","_monsterinsights_sitenote_category":0},"categories":[4],"tags":[],"aioseo_notices":[],"gutentor_comment":0,"rttpg_featured_image_url":{"full":["https:\/\/arantv.az\/wp-content\/uploads\/2020\/01\/e1747d76-a803-4953-a5e1-0e8fa334759f_640.jpg",620,414,false],"landscape":["https:\/\/arantv.az\/wp-content\/uploads\/2020\/01\/e1747d76-a803-4953-a5e1-0e8fa334759f_640.jpg",620,414,false],"portraits":["https:\/\/arantv.az\/wp-content\/uploads\/2020\/01\/e1747d76-a803-4953-a5e1-0e8fa334759f_640.jpg",620,414,false],"thumbnail":["https:\/\/arantv.az\/wp-content\/uploads\/2020\/01\/e1747d76-a803-4953-a5e1-0e8fa334759f_640-150x150.jpg",150,150,true],"medium":["https:\/\/arantv.az\/wp-content\/uploads\/2020\/01\/e1747d76-a803-4953-a5e1-0e8fa334759f_640-300x200.jpg",300,200,true],"large":["https:\/\/arantv.az\/wp-content\/uploads\/2020\/01\/e1747d76-a803-4953-a5e1-0e8fa334759f_640.jpg",620,414,false],"1536x1536":["https:\/\/arantv.az\/wp-content\/uploads\/2020\/01\/e1747d76-a803-4953-a5e1-0e8fa334759f_640.jpg",620,414,false],"2048x2048":["https:\/\/arantv.az\/wp-content\/uploads\/2020\/01\/e1747d76-a803-4953-a5e1-0e8fa334759f_640.jpg",620,414,false],"post-thumbnail":["https:\/\/arantv.az\/wp-content\/uploads\/2020\/01\/e1747d76-a803-4953-a5e1-0e8fa334759f_640-240x172.jpg",240,172,true],"advps-thumb-one":["https:\/\/arantv.az\/wp-content\/uploads\/2020\/01\/e1747d76-a803-4953-a5e1-0e8fa334759f_640.jpg",620,414,false]},"rttpg_author":{"display_name":"V\u00fcsal Rafiqo\u011flu","author_link":"https:\/\/arantv.az\/?author=2"},"rttpg_comment":0,"rttpg_category":"<a href=\"https:\/\/arantv.az\/?cat=4\" rel=\"category\">Siyas\u0259t<\/a>","rttpg_excerpt":"Avropa \u015euras\u0131n\u0131n Bak\u0131dak\u0131 Ofisinin r\u0259hb\u0259ri Zoltan Hernyes \u201cSe\u00e7kinin mediada i\u015f\u0131qland\u0131r\u0131lmas\u0131\u201d sessiyas\u0131nda bildirib ki, se\u00e7kil\u0259rin azad v\u0259 demokratik ke\u00e7irilm\u0259sind\u0259 m\u0259tbuat m\u00fch\u00fcm rol oynay\u0131r. ARANTV.AZ\u00a0x\u0259b\u0259r verir ki, Z.Hernyes Avropa \u015euras\u0131n\u0131n se\u00e7kil\u0259rin i\u015f\u0131qland\u0131r\u0131lmas\u0131 il\u0259 ba\u011fl\u0131 \u00fczv \u00f6lk\u0259l\u0259r\u0259 t\u00f6vsiy\u0259l\u0259r verdiyini deyib. \u201cBu t\u00f6vsiy\u0259l\u0259r, \u0259sas\u0259n, median\u0131n rolu il\u0259 ba\u011fl\u0131d\u0131r. Media \u00fc\u00e7\u00fcn \u015f\u0259rait yarad\u0131lmal\u0131d\u0131r. Ba\u015fqa s\u00f6zl\u0259, h\u0259m d\u00f6vl\u0259t, h\u0259m d\u0259 \u00f6z\u0259l&hellip;","_links":{"self":[{"href":"https:\/\/arantv.az\/index.php?rest_route=\/wp\/v2\/posts\/119050"}],"collection":[{"href":"https:\/\/arantv.az\/index.php?rest_route=\/wp\/v2\/posts"}],"about":[{"href":"https:\/\/arantv.az\/index.php?rest_route=\/wp\/v2\/types\/post"}],"author":[{"embeddable":true,"href":"https:\/\/arantv.az\/index.php?rest_route=\/wp\/v2\/users\/2"}],"replies":[{"embeddable":true,"href":"https:\/\/arantv.az\/index.php?rest_route=%2Fwp%2Fv2%2Fcomments&post=119050"}],"version-history":[{"count":0,"href":"https:\/\/arantv.az\/index.php?rest_route=\/wp\/v2\/posts\/119050\/revisions"}],"wp:featuredmedia":[{"embeddable":true,"href":"https:\/\/arantv.az\/index.php?rest_route=\/wp\/v2\/media\/119051"}],"wp:attachment":[{"href":"https:\/\/arantv.az\/index.php?rest_route=%2Fwp%2Fv2%2Fmedia&parent=119050"}],"wp:term":[{"taxonomy":"category","embeddable":true,"href":"https:\/\/arantv.az\/index.php?rest_route=%2Fwp%2Fv2%2Fcategories&post=119050"},{"taxonomy":"post_tag","embeddable":true,"href":"https:\/\/arantv.az\/index.php?rest_route=%2Fwp%2Fv2%2Ftags&post=119050"}],"curies":[{"name":"wp","href":"https:\/\/api.w.org\/{rel}","templated":true}]}}