{"id":119070,"date":"2020-01-16T10:34:48","date_gmt":"2020-01-16T07:34:48","guid":{"rendered":"http:\/\/arantv.az\/?p=119070"},"modified":"2020-01-16T10:34:48","modified_gmt":"2020-01-16T07:34:48","slug":"n%c9%99rminin-anasinin-bel%c9%99-bir-ist%c9%99yi-h%c9%99r-k%c9%99si-qiciqlandirir-xosq%c9%99d%c9%99m-hiday%c9%99tqizi","status":"publish","type":"post","link":"https:\/\/arantv.az\/?p=119070","title":{"rendered":"&#8220;N\u0259rminin anas\u0131n\u0131n bel\u0259 bir ist\u0259yi h\u0259r k\u0259si q\u0131c\u0131qland\u0131r\u0131r&#8221;- Xo\u015fq\u0259d\u0259m Hiday\u0259tq\u0131z\u0131"},"content":{"rendered":"<p>Tan\u0131nm\u0131\u015f apar\u0131c\u0131 Xo\u015fq\u0259d\u0259m Hiday\u0259tq\u0131z\u0131 Tovuz rayonunun Dondar Qu\u015f\u00e7u k\u0259nd sakini 10 ya\u015fl\u0131 N\u0259rmin Quliyevan\u0131n 2019-cu il noyabr\u0131n 21-d\u0259 itkin d\u00fc\u015fm\u0259si v\u0259 bu il yanvar\u0131n 6-da yanm\u0131\u015f meyitinin tap\u0131lmas\u0131 il\u0259 ba\u011fl\u0131 tez-tez payla\u015f\u0131mlar ed\u0259r\u0259k, \u00f6z k\u0259d\u0259rini izl\u0259yicil\u0259ri il\u0259 b\u00f6l\u00fc\u015f\u00fcb.<\/p>\n<p><b>ARANTV.AZ\u00a0<\/b> x\u0259b\u0259r verir ki, apar\u0131c\u0131 yeni bir payla\u015f\u0131m ed\u0259r\u0259k q\u0259tl olunan balaca q\u0131z\u0131n anas\u0131n\u0131n prezident\u0259 m\u00fcraci\u0259t ed\u0259r\u0259k ev ist\u0259m\u0259sin\u0259 v\u0259 buna reaksiyas\u0131n\u0131 bildir\u0259n insanlarla ba\u011fl\u0131 fikirl\u0259rini bildirib.<\/p>\n<p>O, fotonu bel\u0259 \u015f\u0259rh edib:<\/p>\n<p>&#8221; N\u0259rminin anas\u0131&#8230; \u00d6vlad\u0131n\u0131 itirmi\u015f bir qad\u0131n&#8230; D\u00fcn\u0259n bir a\u00e7\u0131qlama verib, q\u0131z\u0131n\u0131n \u00f6ld\u00fcr\u00fcld\u00fcy\u00fc k\u0259ndd\u0259 ya\u015faya bilm\u0259diyini, ba\u015fqa bir yerd\u0259 ev ist\u0259diyini bildirdi. Onun bu isteyi bar\u0259d\u0259 n\u0259s\u0259 dem\u0259y\u0259c\u0259m. Siz d\u0259 m\u0259nim fikrimi he\u00e7 soru\u015fmay\u0131n. M\u0259n m\u0259s\u0259l\u0259y\u0259 ba\u015fqa t\u0259r\u0259fd\u0259n yana\u015fmaq ist\u0259yir\u0259m. D\u00fcn\u0259nd\u0259n median\u0131 izl\u0259yir\u0259m v\u0259 d\u0259h\u015f\u0259t\u0259 g\u0259lir\u0259m. Bu qad\u0131n\u0131 s\u00f6y\u0259n kim, \u00f6ld\u00fcr\u0259n kim, t\u0259hqir, ittiham&#8230;bir s\u00f6zl\u0259 linc edirl\u0259r. Ba\u015fa d\u00fc\u015f\u00fcr\u0259m, b\u00f6y\u00fck bir d\u0259h\u015f\u0259tl\u0259 \u00f6ld\u00fcr\u00fcl\u0259n on ya\u015fl\u0131 N\u0259rminin anas\u0131n\u0131n bel\u0259 bir ist\u0259yi h\u0259r k\u0259si q\u0131c\u0131qland\u0131r\u0131r. Haql\u0131 suallar ortaya \u00e7\u0131x\u0131r. Amma n\u0259z\u0259r\u0259 al\u0131n ki, o, bir anad\u0131r. B\u0259lk\u0259 bu d\u0259qiq\u0259 n\u0259 d\u00fc\u015f\u00fcn\u00fcr, n\u0259 deyirs\u0259, o k\u0259d\u0259rin t\u0259siri il\u0259 deyir. N\u0259tic\u0259d\u0259 o bir anad\u0131r v\u0259 kims\u0259 onun \u00f6vlad\u0131n\u0131 ondan \u00e7ox ist\u0259y\u0259 bilm\u0259z. Nec\u0259 g\u00f6r\u00fcnm\u0259sind\u0259n as\u0131l\u0131 olmayaraq, bir az m\u0259rh\u0259m\u0259t, \u00f6z\u00fcn\u00fc qar\u015f\u0131ndak\u0131n\u0131n yerin\u0259 qoymaq, b\u0259lk\u0259 k\u0259d\u0259rinin t\u0259siri il\u0259 bel\u0259 dediyini d\u00fc\u015f\u00fcnm\u0259k olmazm\u0131?! Pey\u011f\u0259mb\u0259rimiz deyir ki, m\u0259rh\u0259m\u0259t etm\u0259y\u0259n\u0259 , m\u0259rh\u0259m\u0259t edilm\u0259z&#8221;.BiG.AZ<\/p>\n","protected":false},"excerpt":{"rendered":"<p>Tan\u0131nm\u0131\u015f apar\u0131c\u0131 Xo\u015fq\u0259d\u0259m Hiday\u0259tq\u0131z\u0131 Tovuz rayonunun Dondar Qu\u015f\u00e7u k\u0259nd sakini 10 ya\u015fl\u0131 N\u0259rmin Quliyevan\u0131n 2019-cu il noyabr\u0131n 21-d\u0259 itkin d\u00fc\u015fm\u0259si v\u0259 bu il yanvar\u0131n 6-da yanm\u0131\u015f meyitinin tap\u0131lmas\u0131 il\u0259 ba\u011fl\u0131 tez-tez payla\u015f\u0131mlar ed\u0259r\u0259k, \u00f6z k\u0259d\u0259rini izl\u0259yicil\u0259ri il\u0259 b\u00f6l\u00fc\u015f\u00fcb. ARANTV.AZ\u00a0 x\u0259b\u0259r verir ki, apar\u0131c\u0131 yeni bir payla\u015f\u0131m ed\u0259r\u0259k q\u0259tl olunan balaca q\u0131z\u0131n anas\u0131n\u0131n prezident\u0259 m\u00fcraci\u0259t ed\u0259r\u0259k ev ist\u0259m\u0259sin\u0259 v\u0259 buna reaksiyas\u0131n\u0131 bildir\u0259n insanlarla ba\u011fl\u0131 fikirl\u0259rini bildirib. O, fotonu bel\u0259 \u015f\u0259rh edib: &#8221; N\u0259rminin anas\u0131&#8230; \u00d6vlad\u0131n\u0131 itirmi\u015f bir qad\u0131n&#8230; D\u00fcn\u0259n bir a\u00e7\u0131qlama verib, q\u0131z\u0131n\u0131n \u00f6ld\u00fcr\u00fcld\u00fcy\u00fc k\u0259ndd\u0259 ya\u015faya bilm\u0259diyini, ba\u015fqa bir yerd\u0259 ev&hellip;<\/p>\n","protected":false},"author":2,"featured_media":119071,"comment_status":"closed","ping_status":"closed","sticky":false,"template":"","format":"standard","meta":{"om_disable_all_campaigns":false,"_monsterinsights_skip_tracking":false,"_monsterinsights_sitenote_active":false,"_monsterinsights_sitenote_note":"","_monsterinsights_sitenote_category":0},"categories":[1],"tags":[],"aioseo_notices":[],"gutentor_comment":0,"rttpg_featured_image_url":{"full":["https:\/\/arantv.az\/wp-content\/uploads\/2020\/01\/ax-2020-01-07-nermin-10-yashli.jpg",649,415,false],"landscape":["https:\/\/arantv.az\/wp-content\/uploads\/2020\/01\/ax-2020-01-07-nermin-10-yashli.jpg",649,415,false],"portraits":["https:\/\/arantv.az\/wp-content\/uploads\/2020\/01\/ax-2020-01-07-nermin-10-yashli.jpg",649,415,false],"thumbnail":["https:\/\/arantv.az\/wp-content\/uploads\/2020\/01\/ax-2020-01-07-nermin-10-yashli-150x150.jpg",150,150,true],"medium":["https:\/\/arantv.az\/wp-content\/uploads\/2020\/01\/ax-2020-01-07-nermin-10-yashli-300x192.jpg",300,192,true],"large":["https:\/\/arantv.az\/wp-content\/uploads\/2020\/01\/ax-2020-01-07-nermin-10-yashli.jpg",640,409,false],"1536x1536":["https:\/\/arantv.az\/wp-content\/uploads\/2020\/01\/ax-2020-01-07-nermin-10-yashli.jpg",649,415,false],"2048x2048":["https:\/\/arantv.az\/wp-content\/uploads\/2020\/01\/ax-2020-01-07-nermin-10-yashli.jpg",649,415,false],"post-thumbnail":["https:\/\/arantv.az\/wp-content\/uploads\/2020\/01\/ax-2020-01-07-nermin-10-yashli-240x172.jpg",240,172,true],"advps-thumb-one":["https:\/\/arantv.az\/wp-content\/uploads\/2020\/01\/ax-2020-01-07-nermin-10-yashli.jpg",649,415,false]},"rttpg_author":{"display_name":"V\u00fcsal Rafiqo\u011flu","author_link":"https:\/\/arantv.az\/?author=2"},"rttpg_comment":0,"rttpg_category":"<a href=\"https:\/\/arantv.az\/?cat=1\" rel=\"category\">C\u0259miyy\u0259t<\/a>","rttpg_excerpt":"Tan\u0131nm\u0131\u015f apar\u0131c\u0131 Xo\u015fq\u0259d\u0259m Hiday\u0259tq\u0131z\u0131 Tovuz rayonunun Dondar Qu\u015f\u00e7u k\u0259nd sakini 10 ya\u015fl\u0131 N\u0259rmin Quliyevan\u0131n 2019-cu il noyabr\u0131n 21-d\u0259 itkin d\u00fc\u015fm\u0259si v\u0259 bu il yanvar\u0131n 6-da yanm\u0131\u015f meyitinin tap\u0131lmas\u0131 il\u0259 ba\u011fl\u0131 tez-tez payla\u015f\u0131mlar ed\u0259r\u0259k, \u00f6z k\u0259d\u0259rini izl\u0259yicil\u0259ri il\u0259 b\u00f6l\u00fc\u015f\u00fcb. ARANTV.AZ\u00a0 x\u0259b\u0259r verir ki, apar\u0131c\u0131 yeni bir payla\u015f\u0131m ed\u0259r\u0259k q\u0259tl olunan balaca q\u0131z\u0131n anas\u0131n\u0131n prezident\u0259 m\u00fcraci\u0259t ed\u0259r\u0259k&hellip;","_links":{"self":[{"href":"https:\/\/arantv.az\/index.php?rest_route=\/wp\/v2\/posts\/119070"}],"collection":[{"href":"https:\/\/arantv.az\/index.php?rest_route=\/wp\/v2\/posts"}],"about":[{"href":"https:\/\/arantv.az\/index.php?rest_route=\/wp\/v2\/types\/post"}],"author":[{"embeddable":true,"href":"https:\/\/arantv.az\/index.php?rest_route=\/wp\/v2\/users\/2"}],"replies":[{"embeddable":true,"href":"https:\/\/arantv.az\/index.php?rest_route=%2Fwp%2Fv2%2Fcomments&post=119070"}],"version-history":[{"count":0,"href":"https:\/\/arantv.az\/index.php?rest_route=\/wp\/v2\/posts\/119070\/revisions"}],"wp:featuredmedia":[{"embeddable":true,"href":"https:\/\/arantv.az\/index.php?rest_route=\/wp\/v2\/media\/119071"}],"wp:attachment":[{"href":"https:\/\/arantv.az\/index.php?rest_route=%2Fwp%2Fv2%2Fmedia&parent=119070"}],"wp:term":[{"taxonomy":"category","embeddable":true,"href":"https:\/\/arantv.az\/index.php?rest_route=%2Fwp%2Fv2%2Fcategories&post=119070"},{"taxonomy":"post_tag","embeddable":true,"href":"https:\/\/arantv.az\/index.php?rest_route=%2Fwp%2Fv2%2Ftags&post=119070"}],"curies":[{"name":"wp","href":"https:\/\/api.w.org\/{rel}","templated":true}]}}