{"id":119074,"date":"2020-01-16T10:38:21","date_gmt":"2020-01-16T07:38:21","guid":{"rendered":"http:\/\/arantv.az\/?p=119074"},"modified":"2020-01-16T10:38:21","modified_gmt":"2020-01-16T07:38:21","slug":"az%c9%99rbaycanda-yararsiz-halda-olan-avtomobil-magistral-yolda-nec%c9%99-h%c9%99r%c9%99k%c9%99t-edib-video","status":"publish","type":"post","link":"https:\/\/arantv.az\/?p=119074","title":{"rendered":"Az\u0259rbaycanda yarars\u0131z halda olan avtomobil magistral yolda nec\u0259 h\u0259r\u0259k\u0259t edib? &#8211; V\u0130DEO"},"content":{"rendered":"<div id=\"entry\" class=\"entry\">Az\u0259rbaycanda yarars\u0131z v\u0259ziyy\u0259td\u0259 idar\u0259 olunan avtomobilin g\u00f6r\u00fcnt\u00fcl\u0259ri yay\u0131l\u0131b.<\/p>\n<div id=\"AdviadNativeVideo0\" class=\"AdviadNativeVideo\"><\/div>\n<p><b>ARANTV.AZ<\/b> x\u0259b\u0259r verir ki, g\u00f6r\u00fcnt\u00fcl\u0259r sosial \u015f\u0259b\u0259k\u0259d\u0259 q\u0131naq obyektin\u0259 \u00e7evrilib. Bel\u0259 ki, idar\u0259 olunan avtomobilin yarars\u0131z v\u0259ziyy\u0259td\u0259 olmas\u0131 v\u0259 texniki bax\u0131\u015fdan nec\u0259 ke\u00e7m\u0259si insanlarda suallar do\u011furub.<\/p>\n<p>H\u0259min g\u00f6r\u00fcnt\u00fcl\u0259ri t\u0259qdim edirik:<\/p>\n<p><iframe loading=\"lazy\" src=\"https:\/\/facebook.com\/plugins\/video.php?href=https%3A%2F%2Fwww.facebook.com%2Fshekileee%2Fvideos%2F555154231745570%2F&amp;show_text=0&amp;width=269\" width=\"269\" height=\"476\" frameborder=\"0\" scrolling=\"no\" allowfullscreen=\"allowfullscreen\" data-mce-fragment=\"1\"><\/iframe><\/div>\n<p>BiG.AZ<\/p>\n","protected":false},"excerpt":{"rendered":"<p>Az\u0259rbaycanda yarars\u0131z v\u0259ziyy\u0259td\u0259 idar\u0259 olunan avtomobilin g\u00f6r\u00fcnt\u00fcl\u0259ri yay\u0131l\u0131b. ARANTV.AZ x\u0259b\u0259r verir ki, g\u00f6r\u00fcnt\u00fcl\u0259r sosial \u015f\u0259b\u0259k\u0259d\u0259 q\u0131naq obyektin\u0259 \u00e7evrilib. Bel\u0259 ki, idar\u0259 olunan avtomobilin yarars\u0131z v\u0259ziyy\u0259td\u0259 olmas\u0131 v\u0259 texniki bax\u0131\u015fdan nec\u0259 ke\u00e7m\u0259si insanlarda suallar do\u011furub. H\u0259min g\u00f6r\u00fcnt\u00fcl\u0259ri t\u0259qdim edirik: BiG.AZ<\/p>\n","protected":false},"author":2,"featured_media":119075,"comment_status":"closed","ping_status":"closed","sticky":false,"template":"","format":"standard","meta":{"om_disable_all_campaigns":false,"_monsterinsights_skip_tracking":false,"_monsterinsights_sitenote_active":false,"_monsterinsights_sitenote_note":"","_monsterinsights_sitenote_category":0},"categories":[1],"tags":[],"aioseo_notices":[],"gutentor_comment":0,"rttpg_featured_image_url":{"full":["https:\/\/arantv.az\/wp-content\/uploads\/2020\/01\/Snimok_41579159774.jpg",618,376,false],"landscape":["https:\/\/arantv.az\/wp-content\/uploads\/2020\/01\/Snimok_41579159774.jpg",618,376,false],"portraits":["https:\/\/arantv.az\/wp-content\/uploads\/2020\/01\/Snimok_41579159774.jpg",618,376,false],"thumbnail":["https:\/\/arantv.az\/wp-content\/uploads\/2020\/01\/Snimok_41579159774-150x150.jpg",150,150,true],"medium":["https:\/\/arantv.az\/wp-content\/uploads\/2020\/01\/Snimok_41579159774-300x183.jpg",300,183,true],"large":["https:\/\/arantv.az\/wp-content\/uploads\/2020\/01\/Snimok_41579159774.jpg",618,376,false],"1536x1536":["https:\/\/arantv.az\/wp-content\/uploads\/2020\/01\/Snimok_41579159774.jpg",618,376,false],"2048x2048":["https:\/\/arantv.az\/wp-content\/uploads\/2020\/01\/Snimok_41579159774.jpg",618,376,false],"post-thumbnail":["https:\/\/arantv.az\/wp-content\/uploads\/2020\/01\/Snimok_41579159774-240x172.jpg",240,172,true],"advps-thumb-one":["https:\/\/arantv.az\/wp-content\/uploads\/2020\/01\/Snimok_41579159774.jpg",618,376,false]},"rttpg_author":{"display_name":"V\u00fcsal Rafiqo\u011flu","author_link":"https:\/\/arantv.az\/?author=2"},"rttpg_comment":0,"rttpg_category":"<a href=\"https:\/\/arantv.az\/?cat=1\" rel=\"category\">C\u0259miyy\u0259t<\/a>","rttpg_excerpt":"Az\u0259rbaycanda yarars\u0131z v\u0259ziyy\u0259td\u0259 idar\u0259 olunan avtomobilin g\u00f6r\u00fcnt\u00fcl\u0259ri yay\u0131l\u0131b. ARANTV.AZ x\u0259b\u0259r verir ki, g\u00f6r\u00fcnt\u00fcl\u0259r sosial \u015f\u0259b\u0259k\u0259d\u0259 q\u0131naq obyektin\u0259 \u00e7evrilib. Bel\u0259 ki, idar\u0259 olunan avtomobilin yarars\u0131z v\u0259ziyy\u0259td\u0259 olmas\u0131 v\u0259 texniki bax\u0131\u015fdan nec\u0259 ke\u00e7m\u0259si insanlarda suallar do\u011furub. H\u0259min g\u00f6r\u00fcnt\u00fcl\u0259ri t\u0259qdim edirik: BiG.AZ","_links":{"self":[{"href":"https:\/\/arantv.az\/index.php?rest_route=\/wp\/v2\/posts\/119074"}],"collection":[{"href":"https:\/\/arantv.az\/index.php?rest_route=\/wp\/v2\/posts"}],"about":[{"href":"https:\/\/arantv.az\/index.php?rest_route=\/wp\/v2\/types\/post"}],"author":[{"embeddable":true,"href":"https:\/\/arantv.az\/index.php?rest_route=\/wp\/v2\/users\/2"}],"replies":[{"embeddable":true,"href":"https:\/\/arantv.az\/index.php?rest_route=%2Fwp%2Fv2%2Fcomments&post=119074"}],"version-history":[{"count":0,"href":"https:\/\/arantv.az\/index.php?rest_route=\/wp\/v2\/posts\/119074\/revisions"}],"wp:featuredmedia":[{"embeddable":true,"href":"https:\/\/arantv.az\/index.php?rest_route=\/wp\/v2\/media\/119075"}],"wp:attachment":[{"href":"https:\/\/arantv.az\/index.php?rest_route=%2Fwp%2Fv2%2Fmedia&parent=119074"}],"wp:term":[{"taxonomy":"category","embeddable":true,"href":"https:\/\/arantv.az\/index.php?rest_route=%2Fwp%2Fv2%2Fcategories&post=119074"},{"taxonomy":"post_tag","embeddable":true,"href":"https:\/\/arantv.az\/index.php?rest_route=%2Fwp%2Fv2%2Ftags&post=119074"}],"curies":[{"name":"wp","href":"https:\/\/api.w.org\/{rel}","templated":true}]}}