{"id":119224,"date":"2020-01-16T14:02:48","date_gmt":"2020-01-16T11:02:48","guid":{"rendered":"http:\/\/arantv.az\/?p=119224"},"modified":"2020-01-16T14:02:48","modified_gmt":"2020-01-16T11:02:48","slug":"istanbuldan-bakiya-yeni-aviareys-acilacaq","status":"publish","type":"post","link":"https:\/\/arantv.az\/?p=119224","title":{"rendered":"\u0130stanbuldan Bak\u0131ya yeni aviareys a\u00e7\u0131lacaq"},"content":{"rendered":"<p><strong>&#8220;T\u00fcrk Hava Yollar\u0131&#8221;n\u0131n t\u00f6r\u0259m\u0259 \u015firk\u0259ti olan &#8220;AnadoluJet&#8221; avia\u015firk\u0259ti Bak\u0131ya birba\u015fa reys a\u00e7acaq.<\/strong><\/p>\n<p><strong>ARANTV.AZ<\/strong>\u00a0<a href=\"https:\/\/az.trend.az\/\" target=\"_blank\" rel=\"noopener\">Trend<\/a>-\u0259 istinad\u0259n x\u0259b\u0259r verir ki, \u015firk\u0259t \u0130stanbulun Sabiha G\u00f6k\u00e7en hava liman\u0131ndan yeni beyn\u0259lxalq reysl\u0259r i\u015f\u0259 salacaq.<\/p>\n<p>Qeyd olunur ki, \u015firk\u0259t haz\u0131rda iki beyn\u0259lxalq reys h\u0259yata ke\u00e7irir, mart\u0131n 29-da ba\u015flayaraq is\u0259 \u0130stanbuldan 18 \u00f6lk\u0259d\u0259 26 istiqam\u0259t \u00fczr\u0259 yeni u\u00e7u\u015flar i\u015f\u0259 d\u00fc\u015f\u0259c\u0259k.<\/p>\n<p>M\u0259lumata \u0259sas\u0259n, yeni u\u00e7u\u015flar Bak\u0131, K\u00fcveyt, Ercan, Dubay, Ba\u011fdad, B\u0259hreyn, Cidd\u0259, \u018frbil, \u018fr-Riyad, Tehran, T\u0259l-\u018fviv, Tbilisi, Dammam, \u018fbu-Dabi, M\u0259din\u0259, Amsterdam, Barselona, Br\u00fcssel, D\u00fcsseldorf, Frankfurt, London, Milan, M\u00fcnhen, \u015etutqart, Paris, Roma v\u0259 Vyanaya h\u0259yata ke\u00e7iril\u0259c\u0259k.<\/p>\n","protected":false},"excerpt":{"rendered":"<p>&#8220;T\u00fcrk Hava Yollar\u0131&#8221;n\u0131n t\u00f6r\u0259m\u0259 \u015firk\u0259ti olan &#8220;AnadoluJet&#8221; avia\u015firk\u0259ti Bak\u0131ya birba\u015fa reys a\u00e7acaq. ARANTV.AZ\u00a0Trend-\u0259 istinad\u0259n x\u0259b\u0259r verir ki, \u015firk\u0259t \u0130stanbulun Sabiha G\u00f6k\u00e7en hava liman\u0131ndan yeni beyn\u0259lxalq reysl\u0259r i\u015f\u0259 salacaq. Qeyd olunur ki, \u015firk\u0259t haz\u0131rda iki beyn\u0259lxalq reys h\u0259yata ke\u00e7irir, mart\u0131n 29-da ba\u015flayaraq is\u0259 \u0130stanbuldan 18 \u00f6lk\u0259d\u0259 26 istiqam\u0259t \u00fczr\u0259 yeni u\u00e7u\u015flar i\u015f\u0259 d\u00fc\u015f\u0259c\u0259k. M\u0259lumata \u0259sas\u0259n, yeni u\u00e7u\u015flar Bak\u0131, K\u00fcveyt, Ercan, Dubay, Ba\u011fdad, B\u0259hreyn, Cidd\u0259, \u018frbil, \u018fr-Riyad, Tehran, T\u0259l-\u018fviv, Tbilisi, Dammam, \u018fbu-Dabi, M\u0259din\u0259, Amsterdam, Barselona, Br\u00fcssel, D\u00fcsseldorf, Frankfurt, London, Milan, M\u00fcnhen, \u015etutqart, Paris, Roma v\u0259 Vyanaya h\u0259yata ke\u00e7iril\u0259c\u0259k.<\/p>\n","protected":false},"author":2,"featured_media":119225,"comment_status":"closed","ping_status":"closed","sticky":false,"template":"","format":"standard","meta":{"om_disable_all_campaigns":false,"_monsterinsights_skip_tracking":false,"_monsterinsights_sitenote_active":false,"_monsterinsights_sitenote_note":"","_monsterinsights_sitenote_category":0},"categories":[19],"tags":[],"aioseo_notices":[],"gutentor_comment":0,"rttpg_featured_image_url":{"full":["https:\/\/arantv.az\/wp-content\/uploads\/2020\/01\/teyyare_474-1.jpg",800,600,false],"landscape":["https:\/\/arantv.az\/wp-content\/uploads\/2020\/01\/teyyare_474-1.jpg",800,600,false],"portraits":["https:\/\/arantv.az\/wp-content\/uploads\/2020\/01\/teyyare_474-1.jpg",800,600,false],"thumbnail":["https:\/\/arantv.az\/wp-content\/uploads\/2020\/01\/teyyare_474-1-150x150.jpg",150,150,true],"medium":["https:\/\/arantv.az\/wp-content\/uploads\/2020\/01\/teyyare_474-1-300x225.jpg",300,225,true],"large":["https:\/\/arantv.az\/wp-content\/uploads\/2020\/01\/teyyare_474-1.jpg",640,480,false],"1536x1536":["https:\/\/arantv.az\/wp-content\/uploads\/2020\/01\/teyyare_474-1.jpg",800,600,false],"2048x2048":["https:\/\/arantv.az\/wp-content\/uploads\/2020\/01\/teyyare_474-1.jpg",800,600,false],"post-thumbnail":["https:\/\/arantv.az\/wp-content\/uploads\/2020\/01\/teyyare_474-1-240x172.jpg",240,172,true],"advps-thumb-one":["https:\/\/arantv.az\/wp-content\/uploads\/2020\/01\/teyyare_474-1.jpg",800,600,false]},"rttpg_author":{"display_name":"V\u00fcsal Rafiqo\u011flu","author_link":"https:\/\/arantv.az\/?author=2"},"rttpg_comment":0,"rttpg_category":"<a href=\"https:\/\/arantv.az\/?cat=19\" rel=\"category\">G\u00fcnd\u0259m<\/a>","rttpg_excerpt":"&#8220;T\u00fcrk Hava Yollar\u0131&#8221;n\u0131n t\u00f6r\u0259m\u0259 \u015firk\u0259ti olan &#8220;AnadoluJet&#8221; avia\u015firk\u0259ti Bak\u0131ya birba\u015fa reys a\u00e7acaq. ARANTV.AZ\u00a0Trend-\u0259 istinad\u0259n x\u0259b\u0259r verir ki, \u015firk\u0259t \u0130stanbulun Sabiha G\u00f6k\u00e7en hava liman\u0131ndan yeni beyn\u0259lxalq reysl\u0259r i\u015f\u0259 salacaq. Qeyd olunur ki, \u015firk\u0259t haz\u0131rda iki beyn\u0259lxalq reys h\u0259yata ke\u00e7irir, mart\u0131n 29-da ba\u015flayaraq is\u0259 \u0130stanbuldan 18 \u00f6lk\u0259d\u0259 26 istiqam\u0259t \u00fczr\u0259 yeni u\u00e7u\u015flar i\u015f\u0259 d\u00fc\u015f\u0259c\u0259k. M\u0259lumata \u0259sas\u0259n, yeni&hellip;","_links":{"self":[{"href":"https:\/\/arantv.az\/index.php?rest_route=\/wp\/v2\/posts\/119224"}],"collection":[{"href":"https:\/\/arantv.az\/index.php?rest_route=\/wp\/v2\/posts"}],"about":[{"href":"https:\/\/arantv.az\/index.php?rest_route=\/wp\/v2\/types\/post"}],"author":[{"embeddable":true,"href":"https:\/\/arantv.az\/index.php?rest_route=\/wp\/v2\/users\/2"}],"replies":[{"embeddable":true,"href":"https:\/\/arantv.az\/index.php?rest_route=%2Fwp%2Fv2%2Fcomments&post=119224"}],"version-history":[{"count":0,"href":"https:\/\/arantv.az\/index.php?rest_route=\/wp\/v2\/posts\/119224\/revisions"}],"wp:featuredmedia":[{"embeddable":true,"href":"https:\/\/arantv.az\/index.php?rest_route=\/wp\/v2\/media\/119225"}],"wp:attachment":[{"href":"https:\/\/arantv.az\/index.php?rest_route=%2Fwp%2Fv2%2Fmedia&parent=119224"}],"wp:term":[{"taxonomy":"category","embeddable":true,"href":"https:\/\/arantv.az\/index.php?rest_route=%2Fwp%2Fv2%2Fcategories&post=119224"},{"taxonomy":"post_tag","embeddable":true,"href":"https:\/\/arantv.az\/index.php?rest_route=%2Fwp%2Fv2%2Ftags&post=119224"}],"curies":[{"name":"wp","href":"https:\/\/api.w.org\/{rel}","templated":true}]}}