{"id":119295,"date":"2020-01-17T07:58:58","date_gmt":"2020-01-17T04:58:58","guid":{"rendered":"http:\/\/arantv.az\/?p=119295"},"modified":"2020-01-17T07:58:58","modified_gmt":"2020-01-17T04:58:58","slug":"pensiya-artimi-il%c9%99-bagli-r%c9%99smi-cavab","status":"publish","type":"post","link":"https:\/\/arantv.az\/?p=119295","title":{"rendered":"Pensiya art\u0131m\u0131 il\u0259 ba\u011fl\u0131 r\u0259smi cavab"},"content":{"rendered":"<p>Pensiya\u00e7\u0131lar h\u0259r iki ay\u0131n art\u0131m\u0131n\u0131 bir yerd\u0259 alacaqlar. Bu il yanvar\u0131n 1-d\u0259n b\u00fct\u00fcn pensiyalar proqnoza uy\u011fun olaraq indeksasiya edil\u0259c\u0259k.<\/p>\n<p>Bu bar\u0259d\u0259 Sputnik Az\u0259rbaycan-a \u018fm\u0259k v\u0259 \u018fhalinin Sosial M\u00fcdafi\u0259si Nazirliyinin m\u0259tbuat katibi Fazil Tal\u0131bov m\u0259lumat verib. O qeyd edib ki, yanvar ay\u0131nda pensiyalar erk\u0259n \u00f6d\u0259nildiyin\u0259 g\u00f6r\u0259 bu ay\u0131n art\u0131m\u0131 pensiya\u00e7\u0131lara fevral ay\u0131n\u0131n \u00f6d\u0259ni\u015fi v\u0259 art\u0131m\u0131 il\u0259 birlikd\u0259 veril\u0259c\u0259k: &#8220;\u00d6t\u0259n il \u00f6lk\u0259d\u0259 iki d\u0259f\u0259 pensiyalar\u0131n v\u0259 minimum \u0259m\u0259khaqlar\u0131n\u0131n art\u0131r\u0131lmas\u0131 s\u0259b\u0259bind\u0259n 2020-ci il yanvar\u0131n 1-d\u0259n etibar\u0259n pensiyalar\u0131n \u0259lav\u0259 15% artaca\u011f\u0131 g\u00f6zl\u0259nilirdi.<\/p>\n<p>Bu il yanvar\u0131n 1-d\u0259n b\u00fct\u00fcn pensiyalar proqnoza uy\u011fun olaraq indeksasiya edil\u0259c\u0259k. Q\u0259rar \u00fcmumi orta ayl\u0131q \u0259m\u0259khaqq\u0131 art\u0131m\u0131 t\u0259sdiq olunandan sonra verilir. Amma yanvar\u0131n 1-d\u0259n hesablanaraq \u00f6d\u0259nildiyin\u0259 g\u00f6r\u0259 fevral\u0131n sonunda h\u0259r iki ay\u0131n art\u0131m\u0131n\u0131 alacaqlar&#8221;.<\/p>\n","protected":false},"excerpt":{"rendered":"<p>Pensiya\u00e7\u0131lar h\u0259r iki ay\u0131n art\u0131m\u0131n\u0131 bir yerd\u0259 alacaqlar. Bu il yanvar\u0131n 1-d\u0259n b\u00fct\u00fcn pensiyalar proqnoza uy\u011fun olaraq indeksasiya edil\u0259c\u0259k. Bu bar\u0259d\u0259 Sputnik Az\u0259rbaycan-a \u018fm\u0259k v\u0259 \u018fhalinin Sosial M\u00fcdafi\u0259si Nazirliyinin m\u0259tbuat katibi Fazil Tal\u0131bov m\u0259lumat verib. O qeyd edib ki, yanvar ay\u0131nda pensiyalar erk\u0259n \u00f6d\u0259nildiyin\u0259 g\u00f6r\u0259 bu ay\u0131n art\u0131m\u0131 pensiya\u00e7\u0131lara fevral ay\u0131n\u0131n \u00f6d\u0259ni\u015fi v\u0259 art\u0131m\u0131 il\u0259 birlikd\u0259 veril\u0259c\u0259k: &#8220;\u00d6t\u0259n il \u00f6lk\u0259d\u0259 iki d\u0259f\u0259 pensiyalar\u0131n v\u0259 minimum \u0259m\u0259khaqlar\u0131n\u0131n art\u0131r\u0131lmas\u0131 s\u0259b\u0259bind\u0259n 2020-ci il yanvar\u0131n 1-d\u0259n etibar\u0259n pensiyalar\u0131n \u0259lav\u0259 15% artaca\u011f\u0131 g\u00f6zl\u0259nilirdi. Bu il yanvar\u0131n 1-d\u0259n b\u00fct\u00fcn pensiyalar proqnoza uy\u011fun olaraq indeksasiya edil\u0259c\u0259k. Q\u0259rar&hellip;<\/p>\n","protected":false},"author":2,"featured_media":119296,"comment_status":"closed","ping_status":"closed","sticky":false,"template":"","format":"standard","meta":{"om_disable_all_campaigns":false,"_monsterinsights_skip_tracking":false,"_monsterinsights_sitenote_active":false,"_monsterinsights_sitenote_note":"","_monsterinsights_sitenote_category":0},"categories":[1],"tags":[],"aioseo_notices":[],"gutentor_comment":0,"rttpg_featured_image_url":{"full":["https:\/\/arantv.az\/wp-content\/uploads\/2020\/01\/pens.jpg",600,422,false],"landscape":["https:\/\/arantv.az\/wp-content\/uploads\/2020\/01\/pens.jpg",600,422,false],"portraits":["https:\/\/arantv.az\/wp-content\/uploads\/2020\/01\/pens.jpg",600,422,false],"thumbnail":["https:\/\/arantv.az\/wp-content\/uploads\/2020\/01\/pens-150x150.jpg",150,150,true],"medium":["https:\/\/arantv.az\/wp-content\/uploads\/2020\/01\/pens-300x211.jpg",300,211,true],"large":["https:\/\/arantv.az\/wp-content\/uploads\/2020\/01\/pens.jpg",600,422,false],"1536x1536":["https:\/\/arantv.az\/wp-content\/uploads\/2020\/01\/pens.jpg",600,422,false],"2048x2048":["https:\/\/arantv.az\/wp-content\/uploads\/2020\/01\/pens.jpg",600,422,false],"post-thumbnail":["https:\/\/arantv.az\/wp-content\/uploads\/2020\/01\/pens-240x172.jpg",240,172,true],"advps-thumb-one":["https:\/\/arantv.az\/wp-content\/uploads\/2020\/01\/pens.jpg",600,422,false]},"rttpg_author":{"display_name":"V\u00fcsal Rafiqo\u011flu","author_link":"https:\/\/arantv.az\/?author=2"},"rttpg_comment":0,"rttpg_category":"<a href=\"https:\/\/arantv.az\/?cat=1\" rel=\"category\">C\u0259miyy\u0259t<\/a>","rttpg_excerpt":"Pensiya\u00e7\u0131lar h\u0259r iki ay\u0131n art\u0131m\u0131n\u0131 bir yerd\u0259 alacaqlar. Bu il yanvar\u0131n 1-d\u0259n b\u00fct\u00fcn pensiyalar proqnoza uy\u011fun olaraq indeksasiya edil\u0259c\u0259k. Bu bar\u0259d\u0259 Sputnik Az\u0259rbaycan-a \u018fm\u0259k v\u0259 \u018fhalinin Sosial M\u00fcdafi\u0259si Nazirliyinin m\u0259tbuat katibi Fazil Tal\u0131bov m\u0259lumat verib. O qeyd edib ki, yanvar ay\u0131nda pensiyalar erk\u0259n \u00f6d\u0259nildiyin\u0259 g\u00f6r\u0259 bu ay\u0131n art\u0131m\u0131 pensiya\u00e7\u0131lara fevral ay\u0131n\u0131n \u00f6d\u0259ni\u015fi v\u0259 art\u0131m\u0131 il\u0259&hellip;","_links":{"self":[{"href":"https:\/\/arantv.az\/index.php?rest_route=\/wp\/v2\/posts\/119295"}],"collection":[{"href":"https:\/\/arantv.az\/index.php?rest_route=\/wp\/v2\/posts"}],"about":[{"href":"https:\/\/arantv.az\/index.php?rest_route=\/wp\/v2\/types\/post"}],"author":[{"embeddable":true,"href":"https:\/\/arantv.az\/index.php?rest_route=\/wp\/v2\/users\/2"}],"replies":[{"embeddable":true,"href":"https:\/\/arantv.az\/index.php?rest_route=%2Fwp%2Fv2%2Fcomments&post=119295"}],"version-history":[{"count":0,"href":"https:\/\/arantv.az\/index.php?rest_route=\/wp\/v2\/posts\/119295\/revisions"}],"wp:featuredmedia":[{"embeddable":true,"href":"https:\/\/arantv.az\/index.php?rest_route=\/wp\/v2\/media\/119296"}],"wp:attachment":[{"href":"https:\/\/arantv.az\/index.php?rest_route=%2Fwp%2Fv2%2Fmedia&parent=119295"}],"wp:term":[{"taxonomy":"category","embeddable":true,"href":"https:\/\/arantv.az\/index.php?rest_route=%2Fwp%2Fv2%2Fcategories&post=119295"},{"taxonomy":"post_tag","embeddable":true,"href":"https:\/\/arantv.az\/index.php?rest_route=%2Fwp%2Fv2%2Ftags&post=119295"}],"curies":[{"name":"wp","href":"https:\/\/api.w.org\/{rel}","templated":true}]}}