{"id":119311,"date":"2020-01-17T08:21:23","date_gmt":"2020-01-17T05:21:23","guid":{"rendered":"http:\/\/arantv.az\/?p=119311"},"modified":"2020-01-17T08:21:23","modified_gmt":"2020-01-17T05:21:23","slug":"bir-ail%c9%99nin-5-uzvu-z%c9%99h%c9%99rl%c9%99nib","status":"publish","type":"post","link":"https:\/\/arantv.az\/?p=119311","title":{"rendered":"Bir ail\u0259nin 5 \u00fczv\u00fc z\u0259h\u0259rl\u0259nib"},"content":{"rendered":"<p><strong>Saatl\u0131 rayonunda ax\u015fam saatlar\u0131nda z\u0259h\u0259rl\u0259nm\u0259 hadis\u0259si qeyd\u0259 al\u0131n\u0131b.<\/strong><\/p>\n<p><strong>ARANTV.AZ<\/strong>\u00a0 APA-ya istinad\u0259n bildirir ki, Seyidl\u0259r k\u0259nd sakini,1974-c\u00fc il t\u0259v\u0259ll\u00fcdl\u00fc M\u0259mm\u0259dov \u018fb\u00fclf\u0259z A\u011farza o\u011flu, onun h\u0259yat yolda\u015f\u0131, 1975-ci il t\u0259v\u0259ll\u00fcdl\u00fc M\u0259mm\u0259dova Xuraman Xuda q\u0131z\u0131, \u00f6vladlar\u0131, 2007-ci il t\u0259v\u0259ll\u00fcdl\u00fc \u018fli, 2009-cu il t\u0259v\u0259ll\u00fcdl\u00fc \u0259kiz qarda\u015flar Vahid v\u0259 Zahid z\u0259h\u0259rl\u0259nm\u0259 il\u0259 Saatl\u0131 M\u0259rk\u0259zi Rayon X\u0259st\u0259xanas\u0131na yerl\u0259\u015fdirilib.<\/p>\n<p>Onlar\u0259n g\u00f6b\u0259l\u0259kd\u0259n z\u0259h\u0259rl\u0259ndikl\u0259ri bildirilib.<\/p>\n<p>Faktla ba\u011fl\u0131 ara\u015fd\u0131rma apar\u0131l\u0131r.<\/p>\n","protected":false},"excerpt":{"rendered":"<p>Saatl\u0131 rayonunda ax\u015fam saatlar\u0131nda z\u0259h\u0259rl\u0259nm\u0259 hadis\u0259si qeyd\u0259 al\u0131n\u0131b. ARANTV.AZ\u00a0 APA-ya istinad\u0259n bildirir ki, Seyidl\u0259r k\u0259nd sakini,1974-c\u00fc il t\u0259v\u0259ll\u00fcdl\u00fc M\u0259mm\u0259dov \u018fb\u00fclf\u0259z A\u011farza o\u011flu, onun h\u0259yat yolda\u015f\u0131, 1975-ci il t\u0259v\u0259ll\u00fcdl\u00fc M\u0259mm\u0259dova Xuraman Xuda q\u0131z\u0131, \u00f6vladlar\u0131, 2007-ci il t\u0259v\u0259ll\u00fcdl\u00fc \u018fli, 2009-cu il t\u0259v\u0259ll\u00fcdl\u00fc \u0259kiz qarda\u015flar Vahid v\u0259 Zahid z\u0259h\u0259rl\u0259nm\u0259 il\u0259 Saatl\u0131 M\u0259rk\u0259zi Rayon X\u0259st\u0259xanas\u0131na yerl\u0259\u015fdirilib. Onlar\u0259n g\u00f6b\u0259l\u0259kd\u0259n z\u0259h\u0259rl\u0259ndikl\u0259ri bildirilib. Faktla ba\u011fl\u0131 ara\u015fd\u0131rma apar\u0131l\u0131r.<\/p>\n","protected":false},"author":2,"featured_media":119312,"comment_status":"closed","ping_status":"closed","sticky":false,"template":"","format":"standard","meta":{"om_disable_all_campaigns":false,"_monsterinsights_skip_tracking":false,"_monsterinsights_sitenote_active":false,"_monsterinsights_sitenote_note":"","_monsterinsights_sitenote_category":0},"categories":[5],"tags":[],"aioseo_notices":[],"gutentor_comment":0,"rttpg_featured_image_url":{"full":["https:\/\/arantv.az\/wp-content\/uploads\/2020\/01\/xestexana_23787576-1.jpg",800,600,false],"landscape":["https:\/\/arantv.az\/wp-content\/uploads\/2020\/01\/xestexana_23787576-1.jpg",800,600,false],"portraits":["https:\/\/arantv.az\/wp-content\/uploads\/2020\/01\/xestexana_23787576-1.jpg",800,600,false],"thumbnail":["https:\/\/arantv.az\/wp-content\/uploads\/2020\/01\/xestexana_23787576-1-150x150.jpg",150,150,true],"medium":["https:\/\/arantv.az\/wp-content\/uploads\/2020\/01\/xestexana_23787576-1-300x225.jpg",300,225,true],"large":["https:\/\/arantv.az\/wp-content\/uploads\/2020\/01\/xestexana_23787576-1.jpg",640,480,false],"1536x1536":["https:\/\/arantv.az\/wp-content\/uploads\/2020\/01\/xestexana_23787576-1.jpg",800,600,false],"2048x2048":["https:\/\/arantv.az\/wp-content\/uploads\/2020\/01\/xestexana_23787576-1.jpg",800,600,false],"post-thumbnail":["https:\/\/arantv.az\/wp-content\/uploads\/2020\/01\/xestexana_23787576-1-240x172.jpg",240,172,true],"advps-thumb-one":["https:\/\/arantv.az\/wp-content\/uploads\/2020\/01\/xestexana_23787576-1.jpg",800,600,false]},"rttpg_author":{"display_name":"V\u00fcsal Rafiqo\u011flu","author_link":"https:\/\/arantv.az\/?author=2"},"rttpg_comment":0,"rttpg_category":"<a href=\"https:\/\/arantv.az\/?cat=5\" rel=\"category\">Hadis\u0259<\/a>","rttpg_excerpt":"Saatl\u0131 rayonunda ax\u015fam saatlar\u0131nda z\u0259h\u0259rl\u0259nm\u0259 hadis\u0259si qeyd\u0259 al\u0131n\u0131b. ARANTV.AZ\u00a0 APA-ya istinad\u0259n bildirir ki, Seyidl\u0259r k\u0259nd sakini,1974-c\u00fc il t\u0259v\u0259ll\u00fcdl\u00fc M\u0259mm\u0259dov \u018fb\u00fclf\u0259z A\u011farza o\u011flu, onun h\u0259yat yolda\u015f\u0131, 1975-ci il t\u0259v\u0259ll\u00fcdl\u00fc M\u0259mm\u0259dova Xuraman Xuda q\u0131z\u0131, \u00f6vladlar\u0131, 2007-ci il t\u0259v\u0259ll\u00fcdl\u00fc \u018fli, 2009-cu il t\u0259v\u0259ll\u00fcdl\u00fc \u0259kiz qarda\u015flar Vahid v\u0259 Zahid z\u0259h\u0259rl\u0259nm\u0259 il\u0259 Saatl\u0131 M\u0259rk\u0259zi Rayon X\u0259st\u0259xanas\u0131na yerl\u0259\u015fdirilib. Onlar\u0259n g\u00f6b\u0259l\u0259kd\u0259n z\u0259h\u0259rl\u0259ndikl\u0259ri&hellip;","_links":{"self":[{"href":"https:\/\/arantv.az\/index.php?rest_route=\/wp\/v2\/posts\/119311"}],"collection":[{"href":"https:\/\/arantv.az\/index.php?rest_route=\/wp\/v2\/posts"}],"about":[{"href":"https:\/\/arantv.az\/index.php?rest_route=\/wp\/v2\/types\/post"}],"author":[{"embeddable":true,"href":"https:\/\/arantv.az\/index.php?rest_route=\/wp\/v2\/users\/2"}],"replies":[{"embeddable":true,"href":"https:\/\/arantv.az\/index.php?rest_route=%2Fwp%2Fv2%2Fcomments&post=119311"}],"version-history":[{"count":0,"href":"https:\/\/arantv.az\/index.php?rest_route=\/wp\/v2\/posts\/119311\/revisions"}],"wp:featuredmedia":[{"embeddable":true,"href":"https:\/\/arantv.az\/index.php?rest_route=\/wp\/v2\/media\/119312"}],"wp:attachment":[{"href":"https:\/\/arantv.az\/index.php?rest_route=%2Fwp%2Fv2%2Fmedia&parent=119311"}],"wp:term":[{"taxonomy":"category","embeddable":true,"href":"https:\/\/arantv.az\/index.php?rest_route=%2Fwp%2Fv2%2Fcategories&post=119311"},{"taxonomy":"post_tag","embeddable":true,"href":"https:\/\/arantv.az\/index.php?rest_route=%2Fwp%2Fv2%2Ftags&post=119311"}],"curies":[{"name":"wp","href":"https:\/\/api.w.org\/{rel}","templated":true}]}}