{"id":119339,"date":"2020-01-17T08:45:03","date_gmt":"2020-01-17T05:45:03","guid":{"rendered":"http:\/\/arantv.az\/?p=119339"},"modified":"2020-01-17T08:45:03","modified_gmt":"2020-01-17T05:45:03","slug":"az%c9%99rbaycandaki-butun-turizm-b%c9%99l%c9%99dcil%c9%99ri-qeydiyyata-alinacaq","status":"publish","type":"post","link":"https:\/\/arantv.az\/?p=119339","title":{"rendered":"Az\u0259rbaycandak\u0131 b\u00fct\u00fcn turizm b\u0259l\u0259d\u00e7il\u0259ri qeydiyyata al\u0131nacaq"},"content":{"rendered":"<p>&#8220;Az\u0259rbaycandak\u0131 b\u00fct\u00fcn turizm b\u0259l\u0259d\u00e7il\u0259ri Az\u0259rbaycan Turizm B\u0259l\u0259d\u00e7il\u0259ri Assosiasiyas\u0131 t\u0259r\u0259find\u0259n qeydiyyatdan ke\u00e7iril\u0259c\u0259k&#8221;.<\/p>\n<p><strong>ARANTV.AZ<\/strong> x\u0259b\u0259r verir ki, bunu\u00a0<a href=\"https:\/\/az.trend.az\/\" target=\"_blank\" rel=\"noopener\">Trend<\/a>-\u0259 Az\u0259rbaycan Turizm B\u0259l\u0259d\u00e7il\u0259ri Assosiasiyas\u0131n\u0131n (ATBA) h\u0259mt\u0259sis\u00e7isi, \u00dcmumd\u00fcnya Turizm B\u0259l\u0259d\u00e7il\u0259ri Assosiasiyalar Federasiyas\u0131n\u0131n beyn\u0259lxalq t\u0259lim\u00e7isi S\u0259kin\u0259 \u018fsg\u0259rova deyib.<\/p>\n<p>Onun s\u00f6zl\u0259rin\u0259 g\u00f6r\u0259, h\u0259min b\u0259l\u0259d\u00e7il\u0259r haqq\u0131ndak\u0131 m\u0259lumatlar ATBA-n\u0131n m\u0259lumat bazas\u0131na daxil edil\u0259c\u0259k.<\/p>\n<p>S.\u018fsg\u0259rova bildirib ki, haz\u0131rda turizm s\u0259nayesind\u0259 600-\u0259 yax\u0131n turizm b\u0259l\u0259d\u00e7isi f\u0259aliyy\u0259t g\u00f6st\u0259rir. H\u0259min b\u0259l\u0259d\u00e7il\u0259rin 300-\u0259 yax\u0131n\u0131 ATBA-n\u0131n m\u0259lumat bazas\u0131nda qeydiyyatdan ke\u00e7ib:<\/p>\n<p>&#8220;Onlar biziml\u0259 birba\u015fa \u0259m\u0259kda\u015fl\u0131q edirl\u0259r. Dig\u0259r 300 b\u0259l\u0259d\u00e7ini d\u0259 qeydiyyatdan ke\u00e7ir\u0259c\u0259yik. Bu il \u0259rzind\u0259 b\u00fct\u00fcn turizm s\u0259nayesi \u00fczr\u0259 bu i\u015fi h\u0259yata ke\u00e7irm\u0259yi n\u0259z\u0259rd\u0259 tutmu\u015fuq&#8221;.<\/p>\n","protected":false},"excerpt":{"rendered":"<p>&#8220;Az\u0259rbaycandak\u0131 b\u00fct\u00fcn turizm b\u0259l\u0259d\u00e7il\u0259ri Az\u0259rbaycan Turizm B\u0259l\u0259d\u00e7il\u0259ri Assosiasiyas\u0131 t\u0259r\u0259find\u0259n qeydiyyatdan ke\u00e7iril\u0259c\u0259k&#8221;. ARANTV.AZ x\u0259b\u0259r verir ki, bunu\u00a0Trend-\u0259 Az\u0259rbaycan Turizm B\u0259l\u0259d\u00e7il\u0259ri Assosiasiyas\u0131n\u0131n (ATBA) h\u0259mt\u0259sis\u00e7isi, \u00dcmumd\u00fcnya Turizm B\u0259l\u0259d\u00e7il\u0259ri Assosiasiyalar Federasiyas\u0131n\u0131n beyn\u0259lxalq t\u0259lim\u00e7isi S\u0259kin\u0259 \u018fsg\u0259rova deyib. Onun s\u00f6zl\u0259rin\u0259 g\u00f6r\u0259, h\u0259min b\u0259l\u0259d\u00e7il\u0259r haqq\u0131ndak\u0131 m\u0259lumatlar ATBA-n\u0131n m\u0259lumat bazas\u0131na daxil edil\u0259c\u0259k. S.\u018fsg\u0259rova bildirib ki, haz\u0131rda turizm s\u0259nayesind\u0259 600-\u0259 yax\u0131n turizm b\u0259l\u0259d\u00e7isi f\u0259aliyy\u0259t g\u00f6st\u0259rir. H\u0259min b\u0259l\u0259d\u00e7il\u0259rin 300-\u0259 yax\u0131n\u0131 ATBA-n\u0131n m\u0259lumat bazas\u0131nda qeydiyyatdan ke\u00e7ib: &#8220;Onlar biziml\u0259 birba\u015fa \u0259m\u0259kda\u015fl\u0131q edirl\u0259r. Dig\u0259r 300 b\u0259l\u0259d\u00e7ini d\u0259 qeydiyyatdan ke\u00e7ir\u0259c\u0259yik. Bu il \u0259rzind\u0259 b\u00fct\u00fcn turizm s\u0259nayesi \u00fczr\u0259 bu i\u015fi h\u0259yata ke\u00e7irm\u0259yi n\u0259z\u0259rd\u0259 tutmu\u015fuq&#8221;.<\/p>\n","protected":false},"author":2,"featured_media":119340,"comment_status":"closed","ping_status":"closed","sticky":false,"template":"","format":"standard","meta":{"om_disable_all_campaigns":false,"_monsterinsights_skip_tracking":false,"_monsterinsights_sitenote_active":false,"_monsterinsights_sitenote_note":"","_monsterinsights_sitenote_category":0},"categories":[1],"tags":[],"aioseo_notices":[],"gutentor_comment":0,"rttpg_featured_image_url":{"full":["https:\/\/arantv.az\/wp-content\/uploads\/2020\/01\/818616.jpg",800,600,false],"landscape":["https:\/\/arantv.az\/wp-content\/uploads\/2020\/01\/818616.jpg",800,600,false],"portraits":["https:\/\/arantv.az\/wp-content\/uploads\/2020\/01\/818616.jpg",800,600,false],"thumbnail":["https:\/\/arantv.az\/wp-content\/uploads\/2020\/01\/818616-150x150.jpg",150,150,true],"medium":["https:\/\/arantv.az\/wp-content\/uploads\/2020\/01\/818616-300x225.jpg",300,225,true],"large":["https:\/\/arantv.az\/wp-content\/uploads\/2020\/01\/818616.jpg",640,480,false],"1536x1536":["https:\/\/arantv.az\/wp-content\/uploads\/2020\/01\/818616.jpg",800,600,false],"2048x2048":["https:\/\/arantv.az\/wp-content\/uploads\/2020\/01\/818616.jpg",800,600,false],"post-thumbnail":["https:\/\/arantv.az\/wp-content\/uploads\/2020\/01\/818616-240x172.jpg",240,172,true],"advps-thumb-one":["https:\/\/arantv.az\/wp-content\/uploads\/2020\/01\/818616.jpg",800,600,false]},"rttpg_author":{"display_name":"V\u00fcsal Rafiqo\u011flu","author_link":"https:\/\/arantv.az\/?author=2"},"rttpg_comment":0,"rttpg_category":"<a href=\"https:\/\/arantv.az\/?cat=1\" rel=\"category\">C\u0259miyy\u0259t<\/a>","rttpg_excerpt":"&#8220;Az\u0259rbaycandak\u0131 b\u00fct\u00fcn turizm b\u0259l\u0259d\u00e7il\u0259ri Az\u0259rbaycan Turizm B\u0259l\u0259d\u00e7il\u0259ri Assosiasiyas\u0131 t\u0259r\u0259find\u0259n qeydiyyatdan ke\u00e7iril\u0259c\u0259k&#8221;. ARANTV.AZ x\u0259b\u0259r verir ki, bunu\u00a0Trend-\u0259 Az\u0259rbaycan Turizm B\u0259l\u0259d\u00e7il\u0259ri Assosiasiyas\u0131n\u0131n (ATBA) h\u0259mt\u0259sis\u00e7isi, \u00dcmumd\u00fcnya Turizm B\u0259l\u0259d\u00e7il\u0259ri Assosiasiyalar Federasiyas\u0131n\u0131n beyn\u0259lxalq t\u0259lim\u00e7isi S\u0259kin\u0259 \u018fsg\u0259rova deyib. Onun s\u00f6zl\u0259rin\u0259 g\u00f6r\u0259, h\u0259min b\u0259l\u0259d\u00e7il\u0259r haqq\u0131ndak\u0131 m\u0259lumatlar ATBA-n\u0131n m\u0259lumat bazas\u0131na daxil edil\u0259c\u0259k. S.\u018fsg\u0259rova bildirib ki, haz\u0131rda turizm s\u0259nayesind\u0259 600-\u0259 yax\u0131n turizm b\u0259l\u0259d\u00e7isi f\u0259aliyy\u0259t&hellip;","_links":{"self":[{"href":"https:\/\/arantv.az\/index.php?rest_route=\/wp\/v2\/posts\/119339"}],"collection":[{"href":"https:\/\/arantv.az\/index.php?rest_route=\/wp\/v2\/posts"}],"about":[{"href":"https:\/\/arantv.az\/index.php?rest_route=\/wp\/v2\/types\/post"}],"author":[{"embeddable":true,"href":"https:\/\/arantv.az\/index.php?rest_route=\/wp\/v2\/users\/2"}],"replies":[{"embeddable":true,"href":"https:\/\/arantv.az\/index.php?rest_route=%2Fwp%2Fv2%2Fcomments&post=119339"}],"version-history":[{"count":0,"href":"https:\/\/arantv.az\/index.php?rest_route=\/wp\/v2\/posts\/119339\/revisions"}],"wp:featuredmedia":[{"embeddable":true,"href":"https:\/\/arantv.az\/index.php?rest_route=\/wp\/v2\/media\/119340"}],"wp:attachment":[{"href":"https:\/\/arantv.az\/index.php?rest_route=%2Fwp%2Fv2%2Fmedia&parent=119339"}],"wp:term":[{"taxonomy":"category","embeddable":true,"href":"https:\/\/arantv.az\/index.php?rest_route=%2Fwp%2Fv2%2Fcategories&post=119339"},{"taxonomy":"post_tag","embeddable":true,"href":"https:\/\/arantv.az\/index.php?rest_route=%2Fwp%2Fv2%2Ftags&post=119339"}],"curies":[{"name":"wp","href":"https:\/\/api.w.org\/{rel}","templated":true}]}}