{"id":119383,"date":"2020-01-17T09:19:37","date_gmt":"2020-01-17T06:19:37","guid":{"rendered":"http:\/\/arantv.az\/?p=119383"},"modified":"2020-01-17T09:19:37","modified_gmt":"2020-01-17T06:19:37","slug":"bu-tarixd%c9%99-az%c9%99rbaycanda-qeyri-is-gunudur","status":"publish","type":"post","link":"https:\/\/arantv.az\/?p=119383","title":{"rendered":"Bu tarixd\u0259 Az\u0259rbaycanda qeyri-i\u015f g\u00fcn\u00fcd\u00fcr"},"content":{"rendered":"<p>20 Yanvar &#8211; \u00dcmumxalq H\u00fczn G\u00fcn\u00fc il\u0259 \u0259laq\u0259dar &#8220;ASAN xidm\u0259t&#8221; v\u0259 &#8220;ASAN Kommunal&#8221; m\u0259rk\u0259zl\u0259rind\u0259 qeyri-i\u015f g\u00fcn\u00fc olacaq.<\/p>\n<p>Bu bar\u0259d\u0259 Sonxeber.az-a Prezident yan\u0131nda V\u0259t\u0259nda\u015flara Xidm\u0259t v\u0259 Sosial \u0130nnovasiyalar \u00fczr\u0259 D\u00f6vl\u0259t Agentliyind\u0259n bildirilib.<\/p>\n<p>Qeyd olunub ki, yanvar\u0131n 21-d\u0259n v\u0259t\u0259nda\u015flar m\u0259rk\u0259zl\u0259r\u0259 m\u00fcraci\u0259t etm\u0259kl\u0259 m\u00fcvafiq xidm\u0259tl\u0259rd\u0259n yararlana bil\u0259rl\u0259r.<\/p>\n<p>2020-ci ilin i\u015f vaxt\u0131 normas\u0131nda qeyd olunur ki, \u018fm\u0259k M\u0259c\u0259ll\u0259sin\u0259 v\u0259 Nazirl\u0259r Kabinetinin &#8220;2020-ci il \u00fc\u00e7\u00fcn Novruz, Ramazan v\u0259 Qurban bayramlar\u0131 g\u00fcnl\u0259rinin m\u00fc\u0259yy\u0259n edilm\u0259si haqq\u0131nda&#8221; 2019-cu il 2 dekabr tarixli 712s n\u00f6mr\u0259li S\u0259r\u0259ncam\u0131na \u0259sas\u0259n, 20 Yanvar \u2013 \u00dcmumxalq H\u00fczn g\u00fcn\u00fc i\u015f g\u00fcn\u00fc hesab edilmir.<\/p>\n","protected":false},"excerpt":{"rendered":"<p>20 Yanvar &#8211; \u00dcmumxalq H\u00fczn G\u00fcn\u00fc il\u0259 \u0259laq\u0259dar &#8220;ASAN xidm\u0259t&#8221; v\u0259 &#8220;ASAN Kommunal&#8221; m\u0259rk\u0259zl\u0259rind\u0259 qeyri-i\u015f g\u00fcn\u00fc olacaq. Bu bar\u0259d\u0259 Sonxeber.az-a Prezident yan\u0131nda V\u0259t\u0259nda\u015flara Xidm\u0259t v\u0259 Sosial \u0130nnovasiyalar \u00fczr\u0259 D\u00f6vl\u0259t Agentliyind\u0259n bildirilib. Qeyd olunub ki, yanvar\u0131n 21-d\u0259n v\u0259t\u0259nda\u015flar m\u0259rk\u0259zl\u0259r\u0259 m\u00fcraci\u0259t etm\u0259kl\u0259 m\u00fcvafiq xidm\u0259tl\u0259rd\u0259n yararlana bil\u0259rl\u0259r. 2020-ci ilin i\u015f vaxt\u0131 normas\u0131nda qeyd olunur ki, \u018fm\u0259k M\u0259c\u0259ll\u0259sin\u0259 v\u0259 Nazirl\u0259r Kabinetinin &#8220;2020-ci il \u00fc\u00e7\u00fcn Novruz, Ramazan v\u0259 Qurban bayramlar\u0131 g\u00fcnl\u0259rinin m\u00fc\u0259yy\u0259n edilm\u0259si haqq\u0131nda&#8221; 2019-cu il 2 dekabr tarixli 712s n\u00f6mr\u0259li S\u0259r\u0259ncam\u0131na \u0259sas\u0259n, 20 Yanvar \u2013 \u00dcmumxalq H\u00fczn g\u00fcn\u00fc i\u015f g\u00fcn\u00fc hesab edilmir.<\/p>\n","protected":false},"author":2,"featured_media":119384,"comment_status":"closed","ping_status":"closed","sticky":false,"template":"","format":"standard","meta":{"om_disable_all_campaigns":false,"_monsterinsights_skip_tracking":false,"_monsterinsights_sitenote_active":false,"_monsterinsights_sitenote_note":"","_monsterinsights_sitenote_category":0},"categories":[1],"tags":[],"aioseo_notices":[],"gutentor_comment":0,"rttpg_featured_image_url":{"full":["https:\/\/arantv.az\/wp-content\/uploads\/2020\/01\/1579241541_83290102_487326888827083_7295938654558486528_n.jpg",549,366,false],"landscape":["https:\/\/arantv.az\/wp-content\/uploads\/2020\/01\/1579241541_83290102_487326888827083_7295938654558486528_n.jpg",549,366,false],"portraits":["https:\/\/arantv.az\/wp-content\/uploads\/2020\/01\/1579241541_83290102_487326888827083_7295938654558486528_n.jpg",549,366,false],"thumbnail":["https:\/\/arantv.az\/wp-content\/uploads\/2020\/01\/1579241541_83290102_487326888827083_7295938654558486528_n-150x150.jpg",150,150,true],"medium":["https:\/\/arantv.az\/wp-content\/uploads\/2020\/01\/1579241541_83290102_487326888827083_7295938654558486528_n-300x200.jpg",300,200,true],"large":["https:\/\/arantv.az\/wp-content\/uploads\/2020\/01\/1579241541_83290102_487326888827083_7295938654558486528_n.jpg",549,366,false],"1536x1536":["https:\/\/arantv.az\/wp-content\/uploads\/2020\/01\/1579241541_83290102_487326888827083_7295938654558486528_n.jpg",549,366,false],"2048x2048":["https:\/\/arantv.az\/wp-content\/uploads\/2020\/01\/1579241541_83290102_487326888827083_7295938654558486528_n.jpg",549,366,false],"post-thumbnail":["https:\/\/arantv.az\/wp-content\/uploads\/2020\/01\/1579241541_83290102_487326888827083_7295938654558486528_n-240x172.jpg",240,172,true],"advps-thumb-one":["https:\/\/arantv.az\/wp-content\/uploads\/2020\/01\/1579241541_83290102_487326888827083_7295938654558486528_n.jpg",549,366,false]},"rttpg_author":{"display_name":"V\u00fcsal Rafiqo\u011flu","author_link":"https:\/\/arantv.az\/?author=2"},"rttpg_comment":0,"rttpg_category":"<a href=\"https:\/\/arantv.az\/?cat=1\" rel=\"category\">C\u0259miyy\u0259t<\/a>","rttpg_excerpt":"20 Yanvar &#8211; \u00dcmumxalq H\u00fczn G\u00fcn\u00fc il\u0259 \u0259laq\u0259dar &#8220;ASAN xidm\u0259t&#8221; v\u0259 &#8220;ASAN Kommunal&#8221; m\u0259rk\u0259zl\u0259rind\u0259 qeyri-i\u015f g\u00fcn\u00fc olacaq. Bu bar\u0259d\u0259 Sonxeber.az-a Prezident yan\u0131nda V\u0259t\u0259nda\u015flara Xidm\u0259t v\u0259 Sosial \u0130nnovasiyalar \u00fczr\u0259 D\u00f6vl\u0259t Agentliyind\u0259n bildirilib. Qeyd olunub ki, yanvar\u0131n 21-d\u0259n v\u0259t\u0259nda\u015flar m\u0259rk\u0259zl\u0259r\u0259 m\u00fcraci\u0259t etm\u0259kl\u0259 m\u00fcvafiq xidm\u0259tl\u0259rd\u0259n yararlana bil\u0259rl\u0259r. 2020-ci ilin i\u015f vaxt\u0131 normas\u0131nda qeyd olunur ki, \u018fm\u0259k M\u0259c\u0259ll\u0259sin\u0259 v\u0259&hellip;","_links":{"self":[{"href":"https:\/\/arantv.az\/index.php?rest_route=\/wp\/v2\/posts\/119383"}],"collection":[{"href":"https:\/\/arantv.az\/index.php?rest_route=\/wp\/v2\/posts"}],"about":[{"href":"https:\/\/arantv.az\/index.php?rest_route=\/wp\/v2\/types\/post"}],"author":[{"embeddable":true,"href":"https:\/\/arantv.az\/index.php?rest_route=\/wp\/v2\/users\/2"}],"replies":[{"embeddable":true,"href":"https:\/\/arantv.az\/index.php?rest_route=%2Fwp%2Fv2%2Fcomments&post=119383"}],"version-history":[{"count":0,"href":"https:\/\/arantv.az\/index.php?rest_route=\/wp\/v2\/posts\/119383\/revisions"}],"wp:featuredmedia":[{"embeddable":true,"href":"https:\/\/arantv.az\/index.php?rest_route=\/wp\/v2\/media\/119384"}],"wp:attachment":[{"href":"https:\/\/arantv.az\/index.php?rest_route=%2Fwp%2Fv2%2Fmedia&parent=119383"}],"wp:term":[{"taxonomy":"category","embeddable":true,"href":"https:\/\/arantv.az\/index.php?rest_route=%2Fwp%2Fv2%2Fcategories&post=119383"},{"taxonomy":"post_tag","embeddable":true,"href":"https:\/\/arantv.az\/index.php?rest_route=%2Fwp%2Fv2%2Ftags&post=119383"}],"curies":[{"name":"wp","href":"https:\/\/api.w.org\/{rel}","templated":true}]}}