{"id":119395,"date":"2020-01-17T09:32:30","date_gmt":"2020-01-17T06:32:30","guid":{"rendered":"http:\/\/arantv.az\/?p=119395"},"modified":"2020-01-17T09:32:30","modified_gmt":"2020-01-17T06:32:30","slug":"deputatliga-namiz%c9%99d-prezident%c9%99-muraci%c9%99t-etdi-siz%c9%99-guv%c9%99nimiz-sonsuzdur","status":"publish","type":"post","link":"https:\/\/arantv.az\/?p=119395","title":{"rendered":"Deputatl\u0131\u011fa namiz\u0259d Prezident\u0259 m\u00fcraci\u0259t etdi &#8211; &#8220;Siz\u0259 g\u00fcv\u0259nimiz sonsuzdur!!!&#8221;"},"content":{"rendered":"<p>47 sayl\u0131 Ming\u0259\u00e7evir Se\u00e7ki Dair\u0259sind\u0259n deputatl\u0131\u011fa namiz\u0259d, D\u0130A.AZ sayt\u0131n\u0131n ba\u015f redaktoru M\u0259h\u0259mm\u0259d \u018frsoy (Zamanov) Prezident \u0130lham \u018fliyev\u0259 m\u00fcraci\u0259t \u00fcnvanlay\u0131b. M\u00fcraci\u0259td\u0259 deyilir: &#8220;C\u0259nab Prezident. \u0130lk \u00f6nc\u0259 bu g\u00fcn \u00f6lk\u0259mizd\u0259 c\u0259r\u0259yan ed\u0259n d\u00f6vl\u0259t v\u0259 idar\u0259etm\u0259 prinsipl\u0259ri yenil\u0259nm\u0259sinin b\u00f6y\u00fck \u0259ks\u0259riyy\u0259t t\u0259r\u0259find\u0259n alq\u0131\u015fland\u0131\u011f\u0131n\u0131 ali diqq\u0259tiniz\u0259 \u00e7atd\u0131rmaq ist\u0259yir\u0259m. H\u0259qiq\u0259t\u0259n d\u0259 m\u00fc\u015fahid\u0259 olunan yenil\u0259nm\u0259l\u0259r sosial siafri\u015f kimi c\u0259miyy\u0259t t\u0259r\u0259find\u0259n rahatl\u0131qla h\u0259zm edilm\u0259kd\u0259, prosesin daha da \u0259aht\u0259li olmas\u0131 arzulanmaqdad\u0131r. Qeyd etdiyim yenil\u0259nm\u0259nin Milli M\u0259clisl\u0259 ba\u011fl\u0131 siyas\u0259td\u0259 d\u0259 \u00f6z\u00fcn\u00fc g\u00f6st\u0259rm\u0259si m\u0259nim kimi d\u00f6vl\u0259tini v\u0259 mill\u0259tini sev\u0259n Az\u0259rbaycan g\u0259ncl\u0259rind\u0259 yeni \u00fcmidl\u0259r oyatd\u0131, des\u0259m, yan\u0131lmaram. M\u0259hz bu g\u00fcn h\u0259d\u0259f\u0259 \u00e7evril\u0259n K\u00d6HN\u018fL\u018fR\u0130N s\u0259b\u0259bind\u0259n Sizin r\u0259hb\u0259rliyiniz alt\u0131nda y\u00fcr\u00fcdl\u0259n inki\u015faf siyas\u0259ti ciddi \u015f\u0259kild\u0259 b\u00fcdr\u0259m\u0259l\u0259rd\u0259n d\u0259 ke\u00e7m\u0259k zorunda qald\u0131 v\u0259 h\u0259l\u0259 d\u0259 ox\u015far mane\u0259l\u0259r var v\u0259 onlardan biri d\u0259 k\u00f6hn\u0259 Milli M\u0259clis hey\u0259tinin \u0259ks\u0259riyy\u0259ti idi. C\u0259nab Prezident. M\u0259n 1995-ci ild\u0259n m\u0259tbuatdayam, m\u00fcxt\u0259lif d\u00f6vrl\u0259rd\u0259 m\u00fcxt\u0259lif v\u0259zif\u0259l\u0259r tutmu\u015fam. 2005-ci ild\u0259 47 sayl\u0131 Ming\u0259\u00e7evir Se\u00e7ki Dair\u0259sind\u0259n deputatl\u0131\u011fa namiz\u0259d olmu\u015fam. B\u00fct\u00fcn Ming\u0259\u00e7evir camaat\u0131 h\u0259min tarixd\u0259 \u015f\u0259kksiz q\u0259l\u0259b\u0259mi t\u0259sdiql\u0259y\u0259r. Amma t\u0259\u0259ss\u00fcfl\u0259r olsun ki, m\u0259hz d\u00f6vl\u0259t\u0259 v\u0259 d\u00f6vl\u0259t\u00e7iliy\u0259 c\u0131l\u0131z maraqlar a\u00e7\u0131s\u0131ndan yana\u015fan h\u0259min K\u00d6HN\u018fL\u018fR s\u0259b\u0259bind\u0259n m\u0259nim Q\u018fL\u018fB\u018f HAQQIM, Ming\u0259\u00e7evir sakinl\u0259rinin is\u0259 SE\u00c7\u0130M HAQQI tapdanm\u0131\u015f oldu. C\u0259nab Prezident. Amma b\u00fct\u00fcn bunlara r\u0259\u011fm\u0259n yen\u0259 d\u0259 d\u00f6vl\u0259tim\u0259 inam\u0131m sars\u0131lmad\u0131 v\u0259 bu g\u00fcn ba\u015f ver\u0259nl\u0259r d\u0259 t\u0259sdiql\u0259yir ki, m\u00f6vqeyimd\u0259 haql\u0131 olmu\u015fam. S\u0259br etm\u0259li idik v\u0259 bu g\u00fcn Siz bir mill\u0259t olaraq bizim h\u0259r birimiz\u0259 u\u011furlu L\u0130DER kimi yeni \u00fcmidl\u0259r vermisiniz. C\u0259nab Prezident! Bu g\u00fcn Ming\u0259\u00e7evird\u0259n m\u00fcbariz\u0259 apard\u0131\u011f\u0131m dair\u0259ni deputat olaraq Ayd\u0131n Mirz\u0259zad\u0259 t\u0259msil edir. 2005-ci ild\u0259n bu adam\u0131n timsal\u0131nda Ming\u0259\u00e7evir se\u00e7icil\u0259rinin se\u00e7im haqq\u0131, bununla da d\u00f6vl\u0259t idar\u0259etm\u0259sind\u0259 i\u015ftiraklar\u0131 C\u0130DD\u0130 \u015e\u018fK\u0130LD\u018f sars\u0131lmaqdad\u0131r. Y\u0259ni Ayd\u0131n Mirz\u0259zad\u0259 Ming\u0259\u00e7evird\u0259 \u00f6z \u015f\u0259xsi kimliyi il\u0259 m\u0259hz bu g\u00fcn Sizin siyas\u0259tinizl\u0259 d\u00f6vl\u0259t idar\u0259etm\u0259sind\u0259n d\u0131\u015flanan k\u00f6hn\u0259l\u0259rin t\u0259c\u0259ss\u00fcm\u00fc olaraq olduqca m\u0259nfi assosasiya do\u011furmaqdad\u0131r. Y\u0259ni ad\u0131nda &#8220;ayd\u0131n&#8221; ifad\u0259si olsa da, bu adam QARANLI\u011eIN \u0130FAD\u018f\u00c7\u0130S\u0130D\u0130R! C\u0259nab Prezident! M\u0259n Sizin \u00e7a\u011f\u0131r\u0131\u015f\u0131n\u0131zla, Sizin y\u00fcr\u00fctd\u00fcy\u00fcn\u00fcz son siyasi d\u0259st\u0259-x\u0259tt\u0259 g\u00fcv\u0259n\u0259r\u0259k 2005-ci ild\u0259n sonra yenid\u0259n eyni dair\u0259d\u0259n deputatl\u0131\u011fa namiz\u0259dliyimi ir\u0259li s\u00fcrm\u00fc\u015f\u0259m. Siz\u0259 inam\u0131m sonsuzdur v\u0259 Sizin siyas\u0259tinizin s\u0259mimiliyin\u0259 tam olaraq g\u00fcv\u0259nir\u0259m. C\u0259nab Prezident! Sizd\u0259n bir deputatl\u0131\u011fa namiz\u0259d olaraq, d\u00f6vl\u0259tini, mill\u0259tini t\u0259m\u0259nnas\u0131z sev\u0259n bir g\u0259nc olaraq, bir Az\u0259rbaycan v\u0259t\u0259nda\u015f\u0131 olaraq xahi\u015fim var: L\u00fctf\u0259n, yen\u0259 d\u0259 Ayd\u0131n Mirz\u0259zad\u0259 kimi qaranl\u0131qlar\u0131n ifad\u0259\u00e7il\u0259rinin \u015f\u00fcbh\u0259li q\u0259l\u0259b\u0259l\u0259ri il\u0259 bu se\u00e7kil\u0259r\u0259 olan v\u0259t\u0259nda\u015f inam\u0131n\u0131n sars\u0131lmas\u0131na imkan verm\u0259yin. \u00c7\u00fcnki bu g\u00fcn b\u00fct\u00fcn xalq, xalq\u0131n b\u00f6y\u00fck \u0259ks\u0259riyy\u0259ti Sizin siyas\u0259tiniz\u0259 inanr\u0131 v\u0259 g\u00fcv\u0259nir. \u018fg\u0259r yen\u0259 d\u0259 hans\u0131sa qaranl\u0131q t\u0259msil\u00e7il\u0259ri partizanl\u0131q ed\u0259r\u0259k \u00fcmumi siyas\u0259ti k\u00f6lg\u0259 alt\u0131nda qoyma\u011fa \u00e7al\u0131\u015facaqsa, bu h\u0259r bir d\u00f6vl\u0259tini sev\u0259n v\u0259t\u0259nda\u015f\u0131m\u0131z \u00fc\u00e7\u00fcn Z\u018fRB\u018f kimi q\u0259bul olunacaq. C\u0259nab Prezident! Biz Siz\u0259 g\u00fcv\u0259nirik v\u0259 Sizin liderliyiniz alt\u0131nda daha b\u00f6y\u00fck prosesl\u0259rd\u0259 i\u015ftiraka haz\u0131r oldu\u011fumu Ali Ba\u015f Komandan\u0131m\u0131z qar\u015f\u0131s\u0131nda bir \u0259sg\u0259r olaraq b\u0259yan edirik! Tanr\u0131 Sizi qorusun! Tanr\u0131 d\u00f6vl\u0259timizi qorusun! Tanr\u0131 T\u00fcrk\u00fc qorusun!&#8221;<\/p>\n","protected":false},"excerpt":{"rendered":"<p>47 sayl\u0131 Ming\u0259\u00e7evir Se\u00e7ki Dair\u0259sind\u0259n deputatl\u0131\u011fa namiz\u0259d, D\u0130A.AZ sayt\u0131n\u0131n ba\u015f redaktoru M\u0259h\u0259mm\u0259d \u018frsoy (Zamanov) Prezident \u0130lham \u018fliyev\u0259 m\u00fcraci\u0259t \u00fcnvanlay\u0131b. M\u00fcraci\u0259td\u0259 deyilir: &#8220;C\u0259nab Prezident. \u0130lk \u00f6nc\u0259 bu g\u00fcn \u00f6lk\u0259mizd\u0259 c\u0259r\u0259yan ed\u0259n d\u00f6vl\u0259t v\u0259 idar\u0259etm\u0259 prinsipl\u0259ri yenil\u0259nm\u0259sinin b\u00f6y\u00fck \u0259ks\u0259riyy\u0259t t\u0259r\u0259find\u0259n alq\u0131\u015fland\u0131\u011f\u0131n\u0131 ali diqq\u0259tiniz\u0259 \u00e7atd\u0131rmaq ist\u0259yir\u0259m. H\u0259qiq\u0259t\u0259n d\u0259 m\u00fc\u015fahid\u0259 olunan yenil\u0259nm\u0259l\u0259r sosial siafri\u015f kimi c\u0259miyy\u0259t t\u0259r\u0259find\u0259n rahatl\u0131qla h\u0259zm edilm\u0259kd\u0259, prosesin daha da \u0259aht\u0259li olmas\u0131 arzulanmaqdad\u0131r. Qeyd etdiyim yenil\u0259nm\u0259nin Milli M\u0259clisl\u0259 ba\u011fl\u0131 siyas\u0259td\u0259 d\u0259 \u00f6z\u00fcn\u00fc g\u00f6st\u0259rm\u0259si m\u0259nim kimi d\u00f6vl\u0259tini v\u0259 mill\u0259tini sev\u0259n Az\u0259rbaycan g\u0259ncl\u0259rind\u0259 yeni \u00fcmidl\u0259r oyatd\u0131, des\u0259m, yan\u0131lmaram. M\u0259hz bu g\u00fcn h\u0259d\u0259f\u0259 \u00e7evril\u0259n&hellip;<\/p>\n","protected":false},"author":2,"featured_media":119396,"comment_status":"closed","ping_status":"closed","sticky":false,"template":"","format":"standard","meta":{"om_disable_all_campaigns":false,"_monsterinsights_skip_tracking":false,"_monsterinsights_sitenote_active":false,"_monsterinsights_sitenote_note":"","_monsterinsights_sitenote_category":0},"categories":[1],"tags":[],"aioseo_notices":[],"gutentor_comment":0,"rttpg_featured_image_url":{"full":["https:\/\/arantv.az\/wp-content\/uploads\/2020\/01\/82397571_197418491429263_4418694377400958976_n.jpg",450,214,false],"landscape":["https:\/\/arantv.az\/wp-content\/uploads\/2020\/01\/82397571_197418491429263_4418694377400958976_n.jpg",450,214,false],"portraits":["https:\/\/arantv.az\/wp-content\/uploads\/2020\/01\/82397571_197418491429263_4418694377400958976_n.jpg",450,214,false],"thumbnail":["https:\/\/arantv.az\/wp-content\/uploads\/2020\/01\/82397571_197418491429263_4418694377400958976_n-150x150.jpg",150,150,true],"medium":["https:\/\/arantv.az\/wp-content\/uploads\/2020\/01\/82397571_197418491429263_4418694377400958976_n-300x143.jpg",300,143,true],"large":["https:\/\/arantv.az\/wp-content\/uploads\/2020\/01\/82397571_197418491429263_4418694377400958976_n.jpg",450,214,false],"1536x1536":["https:\/\/arantv.az\/wp-content\/uploads\/2020\/01\/82397571_197418491429263_4418694377400958976_n.jpg",450,214,false],"2048x2048":["https:\/\/arantv.az\/wp-content\/uploads\/2020\/01\/82397571_197418491429263_4418694377400958976_n.jpg",450,214,false],"post-thumbnail":["https:\/\/arantv.az\/wp-content\/uploads\/2020\/01\/82397571_197418491429263_4418694377400958976_n-240x172.jpg",240,172,true],"advps-thumb-one":["https:\/\/arantv.az\/wp-content\/uploads\/2020\/01\/82397571_197418491429263_4418694377400958976_n.jpg",450,214,false]},"rttpg_author":{"display_name":"V\u00fcsal Rafiqo\u011flu","author_link":"https:\/\/arantv.az\/?author=2"},"rttpg_comment":0,"rttpg_category":"<a href=\"https:\/\/arantv.az\/?cat=1\" rel=\"category\">C\u0259miyy\u0259t<\/a>","rttpg_excerpt":"47 sayl\u0131 Ming\u0259\u00e7evir Se\u00e7ki Dair\u0259sind\u0259n deputatl\u0131\u011fa namiz\u0259d, D\u0130A.AZ sayt\u0131n\u0131n ba\u015f redaktoru M\u0259h\u0259mm\u0259d \u018frsoy (Zamanov) Prezident \u0130lham \u018fliyev\u0259 m\u00fcraci\u0259t \u00fcnvanlay\u0131b. M\u00fcraci\u0259td\u0259 deyilir: &#8220;C\u0259nab Prezident. \u0130lk \u00f6nc\u0259 bu g\u00fcn \u00f6lk\u0259mizd\u0259 c\u0259r\u0259yan ed\u0259n d\u00f6vl\u0259t v\u0259 idar\u0259etm\u0259 prinsipl\u0259ri yenil\u0259nm\u0259sinin b\u00f6y\u00fck \u0259ks\u0259riyy\u0259t t\u0259r\u0259find\u0259n alq\u0131\u015fland\u0131\u011f\u0131n\u0131 ali diqq\u0259tiniz\u0259 \u00e7atd\u0131rmaq ist\u0259yir\u0259m. H\u0259qiq\u0259t\u0259n d\u0259 m\u00fc\u015fahid\u0259 olunan yenil\u0259nm\u0259l\u0259r sosial siafri\u015f kimi c\u0259miyy\u0259t t\u0259r\u0259find\u0259n rahatl\u0131qla h\u0259zm&hellip;","_links":{"self":[{"href":"https:\/\/arantv.az\/index.php?rest_route=\/wp\/v2\/posts\/119395"}],"collection":[{"href":"https:\/\/arantv.az\/index.php?rest_route=\/wp\/v2\/posts"}],"about":[{"href":"https:\/\/arantv.az\/index.php?rest_route=\/wp\/v2\/types\/post"}],"author":[{"embeddable":true,"href":"https:\/\/arantv.az\/index.php?rest_route=\/wp\/v2\/users\/2"}],"replies":[{"embeddable":true,"href":"https:\/\/arantv.az\/index.php?rest_route=%2Fwp%2Fv2%2Fcomments&post=119395"}],"version-history":[{"count":0,"href":"https:\/\/arantv.az\/index.php?rest_route=\/wp\/v2\/posts\/119395\/revisions"}],"wp:featuredmedia":[{"embeddable":true,"href":"https:\/\/arantv.az\/index.php?rest_route=\/wp\/v2\/media\/119396"}],"wp:attachment":[{"href":"https:\/\/arantv.az\/index.php?rest_route=%2Fwp%2Fv2%2Fmedia&parent=119395"}],"wp:term":[{"taxonomy":"category","embeddable":true,"href":"https:\/\/arantv.az\/index.php?rest_route=%2Fwp%2Fv2%2Fcategories&post=119395"},{"taxonomy":"post_tag","embeddable":true,"href":"https:\/\/arantv.az\/index.php?rest_route=%2Fwp%2Fv2%2Ftags&post=119395"}],"curies":[{"name":"wp","href":"https:\/\/api.w.org\/{rel}","templated":true}]}}