{"id":119407,"date":"2020-01-17T09:52:50","date_gmt":"2020-01-17T06:52:50","guid":{"rendered":"http:\/\/arantv.az\/?p=119407"},"modified":"2020-01-17T09:52:50","modified_gmt":"2020-01-17T06:52:50","slug":"t%c9%99bi%c9%99tin-ag-orp%c9%99yi-tufandagda-tufan-qoparmaq-daha-%c9%99lcatandir-reportaj","status":"publish","type":"post","link":"https:\/\/arantv.az\/?p=119407","title":{"rendered":"T\u0259bi\u0259tin a\u011f \u00f6rp\u0259yi: Tufanda\u011fda \u201ctufan qoparmaq\u201d daha \u0259l\u00e7atand\u0131r &#8211; REPORTAJ"},"content":{"rendered":"<p>Q\u0131\u015f\u0131n g\u00f6z\u0259lliyi h\u0259r yan\u0131n a\u011f \u00f6rp\u0259y\u0259 b\u00fcr\u00fcnm\u0259sidir. Q\u0131\u015fda dinc\u0259lm\u0259k \u00fc\u00e7\u00fcn \u0259n \u00e7ox \u00fcz tutulan m\u0259kanlardan biri Q\u0259b\u0259l\u0259d\u0259 yerl\u0259\u015f\u0259n Tufanda\u011f kompleksidir.<\/p>\n<p>Xiz\u0259k s\u00fcrm\u0259k ist\u0259y\u0259nl\u0259r, q\u0131\u015f ab-havas\u0131nda olmaq ist\u0259y\u0259nl\u0259r buran\u0131 \u00f6zl\u0259ri \u00fc\u00e7\u00fcn sevimli m\u0259kan olaraq se\u00e7irl\u0259r.<\/p>\n<p><img src=\"https:\/\/assets.oxu.az\/uploads\/W1siZiIsIjIwMjAvMDEvMTYvMTYvMDgvMjYvNDI3MzE4MzItNmMwYy00MjViLWJiZTMtNmMzNmE1ZTcyZjdlL3FlYmVsZSA4LmpwZyJdLFsicCIsImVuY29kZSIsImpwZyIsIi1xdWFsaXR5IDgwIl0sWyJwIiwidGh1bWIiLCI1OTB4NTkwXHUwMDNlIl1d?sha=a78a031854a03c8e\" alt=\"\" \/><\/p>\n<div id=\"AdviadNativeVideo0\" class=\"AdviadNativeVideo\"><\/div>\n<p>Biz d\u0259 bir qrup jurnalist olaraq, Tufanda\u011f kompleksin\u0259 media-tur \u00e7\u0259r\u00e7iv\u0259sind\u0259 yola d\u00fc\u015fd\u00fck.<\/p>\n<p>Turizm obyekti Q\u0259b\u0259l\u0259 \u015f\u0259h\u0259rind\u0259n t\u0259xmin\u0259n d\u00f6rd km aral\u0131da yerl\u0259\u015fir. Burada m\u00fcxt\u0259lif \u0259yl\u0259nc\u0259 n\u00f6vl\u0259rind\u0259n istifad\u0259 etm\u0259k m\u00fcmk\u00fcnd\u00fcr.<\/p>\n<p>1000 metr \u015faquli eni\u015f, d\u00f6rd kanat x\u0259tti,15 km xiz\u0259k yamaclar\u0131 var.<\/p>\n<p>Xiz\u0259k ayaqqab\u0131lar\u0131n\u0131 ilk d\u0259f\u0259 geyin\u0259nl\u0259r \u00fc\u00e7\u00fcn ya\u015f\u0131l v\u0259 mavi yamaclardan \u0259n \u00e7\u0259tin qara yamaclarad\u0259k b\u00fct\u00fcn \u00e7\u0259tinlik d\u0259r\u0259c\u0259l\u0259rin\u0259 uy\u011fun yollardan istifad\u0259 m\u00fcmk\u00fcnd\u00fcr.<\/p>\n<p><img src=\"https:\/\/assets.oxu.az\/uploads\/W1siZiIsIjIwMjAvMDEvMTYvMTYvMDgvMjcvNzA4ZGJmZjAtZDg0Yi00Mzg1LTlhMDktZWU2MGMzZGIxOWQ0L3FlYmVsZS5qcGciXSxbInAiLCJlbmNvZGUiLCJqcGciLCItcXVhbGl0eSA4MCJdLFsicCIsInRodW1iIiwiNTkweDU5MFx1MDAzZSJdXQ?sha=43b88d302f34d949\" alt=\"\" \/><\/p>\n<p>Tur \u00e7\u0259r\u00e7iv\u0259sind\u0259 \u201cGabala Hotel Group\u201dun 2020-ci ild\u0259 Q\u0259b\u0259l\u0259d\u0259 turizm\u0131n inki\u015faf\u0131na dair olan planlar\u0131 il\u0259 ba\u011fl\u0131 \u201cQafqaz Riverside\u201d Hotelind\u0259 m\u0259tbuat konfrans\u0131 ke\u00e7irilib.<\/p>\n<p>Konfransda D\u00f6vl\u0259t Turizm Agentliyinin Regional turizm v\u0259 qoruqlar\u0131n inki\u015faf\u0131 sektorunun b\u00f6y\u00fck m\u0259sl\u0259h\u0259t\u00e7isi K\u00f6n\u00fcl Nuriyeva, \u201cGabala Hotel Group\u201dun ba\u015f icra\u00e7\u0131 direktoru \u015e\u0259bn\u0259m F\u0259rman v\u0259 \u201cGabala Hotel Group\u201dun Biznesin \u0130nki\u015faf\u0131 Departamentinin direktoru Elvin R\u0259himov jurnalistl\u0259rin suallar\u0131n\u0131 cavabland\u0131r\u0131b.<\/p>\n<p><img src=\"https:\/\/assets.oxu.az\/uploads\/W1siZiIsIjIwMjAvMDEvMTYvMTYvMDgvMjYvODk2YTAxMzQtNzZjYy00YWU4LTkxMDMtNjg1OWUzMTU5NGE1L3FlYmVsZSA2LmpwZyJdLFsicCIsImVuY29kZSIsImpwZyIsIi1xdWFsaXR5IDgwIl0sWyJwIiwidGh1bWIiLCI1OTB4NTkwXHUwMDNlIl1d?sha=2d8358c36ea60e47\" alt=\"\" \/><\/p>\n<p>K\u00f6n\u00fcl Nuriyeva Q\u0259b\u0259l\u0259nin 2020-ci il \u0130slam Turizm Paytaxt\u0131 se\u00e7ilm\u0259si m\u00fcnasib\u0259til\u0259 DTA t\u0259r\u0259find\u0259n 2020-ci ili \u0259hat\u0259 ed\u0259n t\u0259dbirl\u0259r plan\u0131n\u0131n art\u0131q haz\u0131r oldu\u011funu, tezlikl\u0259 m\u0259tbuata geni\u015f m\u0259lumat veril\u0259c\u0259yini bildirib.<\/p>\n<p>T\u0259dbirl\u0259r plan\u0131 \u00e7\u0259r\u00e7iv\u0259sind\u0259 Q\u0259b\u0259l\u0259y\u0259 h\u0259m texniki, h\u0259m d\u0259 t\u0259\u015fkilati d\u0259st\u0259yin g\u00f6st\u0259rilm\u0259si, o c\u00fcml\u0259d\u0259n, regiondak\u0131 turistl\u0259rl\u0259 \u0259laq\u0259li i\u015f yerl\u0259rind\u0259, bilavasit\u0259 hotell\u0259rd\u0259, informasiya m\u0259rk\u0259zl\u0259rind\u0259, restoranlarda v\u0259 dig\u0259r xidm\u0259t sah\u0259l\u0259rind\u0259 \u00e7al\u0131\u015fan \u0259m\u0259kda\u015flara t\u0259liml\u0259rin ke\u00e7irilm\u0259si n\u0259z\u0259rd\u0259 tutulub.<\/p>\n<p>K\u00f6n\u00fcl Nuriyeva qeyd edib ki, 2019-cu ild\u0259 Q\u0259b\u0259l\u0259y\u0259 26122 n\u0259f\u0259r turist g\u0259lib.<\/p>\n<p>Agentlik v\u0259 \u201cGabala Hotel Group\u201dun m\u0259qs\u0259di bu say\u0131 daha da art\u0131rmaqd\u0131r.<\/p>\n<p><img src=\"https:\/\/assets.oxu.az\/uploads\/W1siZiIsIjIwMjAvMDEvMTYvMTYvMDgvMjUvYTA3N2FkNWUtYmMzZC00ZTY3LWI5N2YtODQ4NzQ0ZDk4MDE2L3FlYmVsZSA1LmpwZyJdLFsicCIsImVuY29kZSIsImpwZyIsIi1xdWFsaXR5IDgwIl0sWyJwIiwidGh1bWIiLCI1OTB4NTkwXHUwMDNlIl1d?sha=8bf4b0f4d606e8f6\" alt=\"\" \/><\/p>\n<p>\u201cGabala Hotel Group\u201dun Biznesin \u0130nki\u015faf\u0131 Departamentinin direktoru Elvin R\u0259himov bildirib\u00a0ki, beyn\u0259lxalq s\u0259rgil\u0259rd\u0259 i\u015ftirak\u0131n v\u0259 t\u0259bli\u011fat-t\u0259\u015fviqat kampaniyalar\u0131n\u0131n n\u0259tic\u0259si olaraq art\u0131q Q\u0259b\u0259l\u0259y\u0259 \u0259n\u0259n\u0259vi olmayan Hindistan, \u00c7in, Malaziya kimi \u00f6lk\u0259l\u0259rd\u0259n d\u0259 turist ax\u0131n\u0131 ba\u015flay\u0131b:<\/p>\n<p>\u201c2020-ci il \u00fc\u00e7\u00fcn h\u0259d\u0259f h\u0259m bu \u00f6lk\u0259l\u0259rd\u0259n, h\u0259m d\u0259 Avropa \u00f6lk\u0259l\u0259rind\u0259n g\u0259l\u0259n turist say\u0131nda art\u0131ma nail olmaqd\u0131r. Bununla ba\u011fl\u0131 q\u0131\u015f m\u00f6vs\u00fcm\u00fcn a\u00e7\u0131l\u0131\u015f\u0131 il\u0259 birlikd\u0259 h\u0259m hotell\u0259rd\u0259, h\u0259m d\u0259 Tufanda\u011f Q\u0131\u015f-Yay Turizm \u0130stirah\u0259t Kompleksind\u0259 qiym\u0259tl\u0259r\u0259 endiriml\u0259r edilib.<\/p>\n<p>Yay m\u00f6vs\u00fcm\u00fcnd\u0259 olan turist ax\u0131n\u0131n\u0131 q\u0131\u015f m\u00f6vs\u00fcm\u00fc \u00fc\u00e7\u00fcn d\u0259 intensivl\u0259\u015fdirm\u0259k, h\u0259m\u00e7inin, xiz\u0259k m\u0259d\u0259niyy\u0259tini inki\u015faf etdirib, yerli v\u0259 xarici turistl\u0259rd\u0259 daimi maraq yaratmaq m\u0259qs\u0259dil\u0259 ke\u00e7\u0259n ill\u0259 m\u00fcqayis\u0259d\u0259, qrupdaxili b\u00fct\u00fcn xidm\u0259tl\u0259r\u0259 minimum 20 faiz endirim t\u0259tbiq olunub\u201d.<\/p>\n<p><img src=\"https:\/\/assets.oxu.az\/uploads\/W1siZiIsIjIwMjAvMDEvMTYvMTYvMDgvMjUvYjEwNmQ5ZjEtZmFmMC00ZDRmLWFkYTctMjM2ZDkyYzZhYzgzL3FlYmVsZSAzLmpwZyJdLFsicCIsImVuY29kZSIsImpwZyIsIi1xdWFsaXR5IDgwIl0sWyJwIiwidGh1bWIiLCI1OTB4NTkwXHUwMDNlIl1d?sha=c949d8b11603b770\" alt=\"\" \/><\/p>\n<p>Bundan \u0259lav\u0259, Q\u0259b\u0259l\u0259nin q\u0131\u015f m\u00f6vs\u00fcm\u00fcnd\u0259 yaln\u0131z xiz\u0259k s\u00fcr\u0259nl\u0259r \u00fc\u00e7\u00fcn deyil, b\u00fct\u00fcn turistl\u0259r \u00fc\u00e7\u00fcn c\u0259lbedici ed\u0259n etnoqrafik, tarixi, h\u0259m d\u0259 infrastruktur bax\u0131m\u0131ndan z\u0259ngin turizm potensial\u0131na malik oldu\u011fu\u00a0bildirilib.<\/p>\n<p>E.R\u0259himov Q\u0259b\u0259l\u0259nd istirah\u0259t park\u0131, Q\u0259b\u0259l\u0259 At\u0131c\u0131l\u0131q Klubu, Q\u0259b\u0259l\u0259 D\u00f6vl\u0259t Tarix B\u0259dii Qoru\u011fu, turistl\u0259r \u00fc\u00e7\u00fcn m\u00fcxt\u0259lif turlar t\u0259\u015fkil ed\u0259n Savalan \u015e\u0259rab Zavodu, h\u0259m yerli, h\u0259m xarici turistl\u0259rin maraql\u0131 zaman ke\u00e7irdikl\u0259ri Yeddi G\u00f6z\u0259l \u015e\u0259lal\u0259si, Nohur G\u00f6l v\u0259 tarixi, etnoqrafik \u0259h\u0259miyy\u0259ti olan Nic q\u0259s\u0259b\u0259si il\u0259 ba\u011fl\u0131 da m\u0259lumatlar verib.<\/p>\n<p>Son olaraq, \u201cGabala Hotel Group\u201dun Ba\u015f \u0130cra\u00e7\u0131 Direktoru \u015e\u0259bn\u0259m F\u0259rman 2020-ci il \u00fc\u00e7\u00fcn\u00a0qrupun planlar\u0131ndan\u00a0dan\u0131\u015f\u0131b.<\/p>\n<p><img src=\"https:\/\/assets.oxu.az\/uploads\/W1siZiIsIjIwMjAvMDEvMTYvMTYvMDgvMjYvYzg4YjUwOGEtMDYwYi00OGQwLTgxZTQtOGRiOTkzMjIwOTgxL3FlYmVsZSA3LmpwZyJdLFsicCIsImVuY29kZSIsImpwZyIsIi1xdWFsaXR5IDgwIl0sWyJwIiwidGh1bWIiLCI1OTB4NTkwXHUwMDNlIl1d?sha=e7cdba3bdd7f8cc8\" alt=\"\" \/><\/p>\n<p>O bildirib\u00a0ki, qrup 1 oktyabr 2019-cu ild\u0259n f\u0259aliyy\u0259t\u0259 ba\u015flay\u0131b:<\/p>\n<p>\u201cQrupun t\u0259rkibin\u0259 Qafqaz hotell\u0259r \u015f\u0259b\u0259k\u0259sin\u0259 aid alt\u0131 hotel v\u0259 Tufanda\u011f QYT\u0130K daxildir. Hotell\u0259rd\u0259n \u00fc\u00e7\u00fc premium olan \u201cQafqaz Riverside\u201d, \u201cQafqaz Tufanda\u011f Mountain Resort\u201d v\u0259 \u201cQafqaz Resort\u201d hotell\u0259ri, h\u0259m\u00e7inin, be\u015fulduzlu hotel olan \u201cQafqaz Sport\u201d hoteli v\u0259 iki d\u00f6rdulduzlu hotel \u201cQafqaz Karvansaray\u201d v\u0259 \u201cQafqaz Thermal and SPA\u201d hotell\u0259ridir\u201d.<\/p>\n<p><img src=\"https:\/\/assets.oxu.az\/uploads\/W1siZiIsIjIwMjAvMDEvMTYvMTYvMDgvMjUvYzE4YzdhMTUtZjZmMS00Y2NkLWExZWYtNzZlNWRjMDFlMGYwL3FlYmVsZSAyLmpwZyJdLFsicCIsImVuY29kZSIsImpwZyIsIi1xdWFsaXR5IDgwIl0sWyJwIiwidGh1bWIiLCI1OTB4NTkwXHUwMDNlIl1d?sha=3d7a0c74113dda50\" alt=\"\" \/><\/p>\n<p>\u0130cra\u00e7\u0131 direktor\u00a0qeyd edib ki, \u201cGabala Hotel Group\u201dun 2020-ci il \u00fc\u00e7\u00fcn olan strategiyas\u0131n\u0131n\u0131n \u0259sas\u0131 Q\u0259b\u0259l\u0259 hotell\u0259rini v\u0259 Tufanda\u011f Q\u0131\u015f Yay Turizm \u0130stirah\u0259t Kompleksini yerli v\u0259 xarici turistl\u0259r \u00fc\u00e7\u00fcn d\u00f6rd f\u0259sil c\u0259lbedici etm\u0259kdir:<\/p>\n<p>\u201cBu h\u0259d\u0259f\u0259 nail olmaq m\u0259qs\u0259dil\u0259 qrup Q\u0259b\u0259l\u0259 regionunun \u00fcmumi inki\u015faf\u0131 v\u0259 tebli\u011fat\u0131 y\u00f6n\u00fcml\u00fc i\u015fl\u0259rd\u0259 yerli idar\u0259etm\u0259 orqanlar\u0131, h\u0259m\u00e7inin, D\u00f6vl\u0259t Turizm Agentliyi il\u0259 s\u0131x \u0259m\u0259kda\u015fl\u0131q edir v\u0259 2020-ci il \u00fc\u00e7\u00fcn birg\u0259 t\u0259dbirl\u0259r plan\u0131 h\u0259yata ke\u00e7irir. Bundan \u0259lav\u0259, yeni turizm m\u0259hsullar\u0131n\u0131n v\u0259 xidm\u0259tl\u0259rin yarad\u0131lmas\u0131, el\u0259c\u0259 d\u0259, m\u00f6vcud xidm\u0259tl\u0259rin beyn\u0259lxalq standartlara uy\u011funla\u015fd\u0131r\u0131lmas\u0131 qrupun strategiyas\u0131nin \u0259sas istiqam\u0259tl\u0259rind\u0259ndir\u201d.<\/p>\n<p><img src=\"https:\/\/assets.oxu.az\/uploads\/W1siZiIsIjIwMjAvMDEvMTYvMTYvMTgvMDYvNWUxNWZkZGMtYmIwNi00Y2JiLTlhZTEtZjg5ZDgzN2IwMzNhL3FlYmVsZSAxMC5qcGciXSxbInAiLCJlbmNvZGUiLCJqcGciLCItcXVhbGl0eSA4MCJdLFsicCIsInRodW1iIiwiNTkweDU5MFx1MDAzZSJdXQ?sha=18b53fa415c268f4\" alt=\"\" \/><\/p>\n<p>\u015e.F\u0259rman \u0259lav\u0259 edib\u00a0ki, Q\u0259b\u0259l\u0259d\u0259 2020-ci ild\u0259 turizmin bir \u00e7ox istiqam\u0259ti \u00fczr\u0259 layih\u0259l\u0259rin\u00a0yekunla\u015fd\u0131r\u0131lmas\u0131 n\u0259z\u0259rd\u0259 tutulub:<\/p>\n<p>\u201cBunlara tarixi v\u0259 etnik turizmin inki\u015faf\u0131 istiqam\u0259tind\u0259 tarixi Nic kils\u0259l\u0259rind\u0259n daha birinin restavrasiya i\u015fl\u0259rinin yekunla\u015fd\u0131r\u0131lmas\u0131, eko-turizm\u0259 d\u0259st\u0259k ver\u0259c\u0259k planlar\u0131n t\u0259rkib hiss\u0259sind\u0259n biri olan k\u0259ndl\u0259r\u0259 yol v\u0259 k\u00f6rp\u00fc tikintil\u0259rinin tamamlanmas\u0131 n\u0259z\u0259rd\u0259 tutulur. M\u0259lumat \u00fc\u00e7\u00fcn bildir\u0259k ki, tarixi turizmin inki\u015faf\u0131na d\u0259st\u0259k olaraq yanvar\u0131n 10-da Az\u0259rbaycan Milli Elml\u0259r Akademiyas\u0131nda Q\u0259b\u0259l\u0259nin 2500 illik tarixin\u0259, etnoqrafiyas\u0131na v\u0259 folkloruna h\u0259sr olunan toplunun t\u0259qdimat m\u0259rasimi ke\u00e7irilib.<\/p>\n<p>2020-ci ild\u0259 toplunun rus v\u0259 ingilis dill\u0259rin\u0259 t\u0259rc\u00fcm\u0259 olunmas\u0131 n\u0259z\u0259rd\u0259 tutulub\u00a0ki, bu da tarixi turizmin inki\u015faf\u0131 \u00fc\u00e7\u00fcn \u00e7ox \u0259h\u0259miyy\u0259tli resurs m\u0259nb\u0259yi olaraq turizm sektorunda istifad\u0259 olunacaq. H\u0259m\u00e7inin, yekunla\u015fmaqda olan Bak\u0131-Q\u0259b\u0259l\u0259 d\u0259mir yolu x\u0259ttinin bu ilin yay m\u00f6vs\u00fcm\u00fcnd\u0259 f\u0259aliyy\u0259t\u0259 ba\u015flamas\u0131 Q\u0259b\u0259l\u0259y\u0259 g\u0259l\u0259c\u0259k turist say\u0131n\u0131n art\u0131m\u0131na \u0259h\u0259miyy\u0259tli t\u0259sir ed\u0259c\u0259k\u201d.<\/p>\n<p><img src=\"https:\/\/assets.oxu.az\/uploads\/W1siZiIsIjIwMjAvMDEvMTYvMTYvMTgvMDYvMTdjNDdlMWYtODUyMi00MTJiLWE4NzYtYWQ2ZWNjMTAyOTJkL3Fpc3MuanBnIl0sWyJwIiwiZW5jb2RlIiwianBnIiwiLXF1YWxpdHkgODAiXSxbInAiLCJ0aHVtYiIsIjU5MHg1OTBcdTAwM2UiXV0?sha=04bdbb92ee7baada\" alt=\"\" \/><\/p>\n","protected":false},"excerpt":{"rendered":"<p>Q\u0131\u015f\u0131n g\u00f6z\u0259lliyi h\u0259r yan\u0131n a\u011f \u00f6rp\u0259y\u0259 b\u00fcr\u00fcnm\u0259sidir. Q\u0131\u015fda dinc\u0259lm\u0259k \u00fc\u00e7\u00fcn \u0259n \u00e7ox \u00fcz tutulan m\u0259kanlardan biri Q\u0259b\u0259l\u0259d\u0259 yerl\u0259\u015f\u0259n Tufanda\u011f kompleksidir. Xiz\u0259k s\u00fcrm\u0259k ist\u0259y\u0259nl\u0259r, q\u0131\u015f ab-havas\u0131nda olmaq ist\u0259y\u0259nl\u0259r buran\u0131 \u00f6zl\u0259ri \u00fc\u00e7\u00fcn sevimli m\u0259kan olaraq se\u00e7irl\u0259r. Biz d\u0259 bir qrup jurnalist olaraq, Tufanda\u011f kompleksin\u0259 media-tur \u00e7\u0259r\u00e7iv\u0259sind\u0259 yola d\u00fc\u015fd\u00fck. Turizm obyekti Q\u0259b\u0259l\u0259 \u015f\u0259h\u0259rind\u0259n t\u0259xmin\u0259n d\u00f6rd km aral\u0131da yerl\u0259\u015fir. Burada m\u00fcxt\u0259lif \u0259yl\u0259nc\u0259 n\u00f6vl\u0259rind\u0259n istifad\u0259 etm\u0259k m\u00fcmk\u00fcnd\u00fcr. 1000 metr \u015faquli eni\u015f, d\u00f6rd kanat x\u0259tti,15 km xiz\u0259k yamaclar\u0131 var. Xiz\u0259k ayaqqab\u0131lar\u0131n\u0131 ilk d\u0259f\u0259 geyin\u0259nl\u0259r \u00fc\u00e7\u00fcn ya\u015f\u0131l v\u0259 mavi yamaclardan \u0259n \u00e7\u0259tin qara yamaclarad\u0259k b\u00fct\u00fcn \u00e7\u0259tinlik d\u0259r\u0259c\u0259l\u0259rin\u0259&hellip;<\/p>\n","protected":false},"author":2,"featured_media":119408,"comment_status":"closed","ping_status":"closed","sticky":false,"template":"","format":"standard","meta":{"om_disable_all_campaigns":false,"_monsterinsights_skip_tracking":false,"_monsterinsights_sitenote_active":false,"_monsterinsights_sitenote_note":"","_monsterinsights_sitenote_category":0},"categories":[1],"tags":[],"aioseo_notices":[],"gutentor_comment":0,"rttpg_featured_image_url":{"full":["https:\/\/arantv.az\/wp-content\/uploads\/2020\/01\/qebele-9.jpg",620,354,false],"landscape":["https:\/\/arantv.az\/wp-content\/uploads\/2020\/01\/qebele-9.jpg",620,354,false],"portraits":["https:\/\/arantv.az\/wp-content\/uploads\/2020\/01\/qebele-9.jpg",620,354,false],"thumbnail":["https:\/\/arantv.az\/wp-content\/uploads\/2020\/01\/qebele-9-150x150.jpg",150,150,true],"medium":["https:\/\/arantv.az\/wp-content\/uploads\/2020\/01\/qebele-9-300x171.jpg",300,171,true],"large":["https:\/\/arantv.az\/wp-content\/uploads\/2020\/01\/qebele-9.jpg",620,354,false],"1536x1536":["https:\/\/arantv.az\/wp-content\/uploads\/2020\/01\/qebele-9.jpg",620,354,false],"2048x2048":["https:\/\/arantv.az\/wp-content\/uploads\/2020\/01\/qebele-9.jpg",620,354,false],"post-thumbnail":["https:\/\/arantv.az\/wp-content\/uploads\/2020\/01\/qebele-9-240x172.jpg",240,172,true],"advps-thumb-one":["https:\/\/arantv.az\/wp-content\/uploads\/2020\/01\/qebele-9.jpg",620,354,false]},"rttpg_author":{"display_name":"V\u00fcsal Rafiqo\u011flu","author_link":"https:\/\/arantv.az\/?author=2"},"rttpg_comment":0,"rttpg_category":"<a href=\"https:\/\/arantv.az\/?cat=1\" rel=\"category\">C\u0259miyy\u0259t<\/a>","rttpg_excerpt":"Q\u0131\u015f\u0131n g\u00f6z\u0259lliyi h\u0259r yan\u0131n a\u011f \u00f6rp\u0259y\u0259 b\u00fcr\u00fcnm\u0259sidir. Q\u0131\u015fda dinc\u0259lm\u0259k \u00fc\u00e7\u00fcn \u0259n \u00e7ox \u00fcz tutulan m\u0259kanlardan biri Q\u0259b\u0259l\u0259d\u0259 yerl\u0259\u015f\u0259n Tufanda\u011f kompleksidir. Xiz\u0259k s\u00fcrm\u0259k ist\u0259y\u0259nl\u0259r, q\u0131\u015f ab-havas\u0131nda olmaq ist\u0259y\u0259nl\u0259r buran\u0131 \u00f6zl\u0259ri \u00fc\u00e7\u00fcn sevimli m\u0259kan olaraq se\u00e7irl\u0259r. Biz d\u0259 bir qrup jurnalist olaraq, Tufanda\u011f kompleksin\u0259 media-tur \u00e7\u0259r\u00e7iv\u0259sind\u0259 yola d\u00fc\u015fd\u00fck. Turizm obyekti Q\u0259b\u0259l\u0259 \u015f\u0259h\u0259rind\u0259n t\u0259xmin\u0259n d\u00f6rd km aral\u0131da yerl\u0259\u015fir.&hellip;","_links":{"self":[{"href":"https:\/\/arantv.az\/index.php?rest_route=\/wp\/v2\/posts\/119407"}],"collection":[{"href":"https:\/\/arantv.az\/index.php?rest_route=\/wp\/v2\/posts"}],"about":[{"href":"https:\/\/arantv.az\/index.php?rest_route=\/wp\/v2\/types\/post"}],"author":[{"embeddable":true,"href":"https:\/\/arantv.az\/index.php?rest_route=\/wp\/v2\/users\/2"}],"replies":[{"embeddable":true,"href":"https:\/\/arantv.az\/index.php?rest_route=%2Fwp%2Fv2%2Fcomments&post=119407"}],"version-history":[{"count":0,"href":"https:\/\/arantv.az\/index.php?rest_route=\/wp\/v2\/posts\/119407\/revisions"}],"wp:featuredmedia":[{"embeddable":true,"href":"https:\/\/arantv.az\/index.php?rest_route=\/wp\/v2\/media\/119408"}],"wp:attachment":[{"href":"https:\/\/arantv.az\/index.php?rest_route=%2Fwp%2Fv2%2Fmedia&parent=119407"}],"wp:term":[{"taxonomy":"category","embeddable":true,"href":"https:\/\/arantv.az\/index.php?rest_route=%2Fwp%2Fv2%2Fcategories&post=119407"},{"taxonomy":"post_tag","embeddable":true,"href":"https:\/\/arantv.az\/index.php?rest_route=%2Fwp%2Fv2%2Ftags&post=119407"}],"curies":[{"name":"wp","href":"https:\/\/api.w.org\/{rel}","templated":true}]}}