{"id":119439,"date":"2020-01-17T10:30:45","date_gmt":"2020-01-17T07:30:45","guid":{"rendered":"http:\/\/arantv.az\/?p=119439"},"modified":"2020-01-17T10:30:45","modified_gmt":"2020-01-17T07:30:45","slug":"prezidentin-kom%c9%99kcisind%c9%99n-t%c9%99klif-nobel-mukafati-qorbacovdan-geri-alinsin","status":"publish","type":"post","link":"https:\/\/arantv.az\/?p=119439","title":{"rendered":"Prezidentin k\u00f6m\u0259k\u00e7isind\u0259n t\u0259klif: \u201cNobel m\u00fckafat\u0131 Qorba\u00e7ovdan geri al\u0131ns\u0131n\u201d"},"content":{"rendered":"<p>20 Yanvara Sumqay\u0131t hadis\u0259l\u0259rind\u0259n ba\u015flayan v\u0259 Xocal\u0131da davam ed\u0259n hadis\u0259 kimi baxmaq laz\u0131md\u0131r.<\/p>\n<p><strong>ARANTV.AZ<\/strong>-\u0131n m\u0259lumat\u0131na g\u00f6r\u0259, bunu bu g\u00fcn ADA Universitetind\u0259 20 yanvar faci\u0259sinin 30 illiyin\u0259 h\u0259sr edilmi\u015f t\u0259dbird\u0259 Az\u0259rbaycan Respublikas\u0131 Prezidentinin Administrasiyas\u0131n\u0131n Xarici siyas\u0259t m\u0259s\u0259l\u0259l\u0259ri \u015f\u00f6b\u0259sinin m\u00fcdiri Hikm\u0259t Hac\u0131yev deyib.<\/p>\n<p>H.Hac\u0131yev bildirib ki, Erm\u0259nistan \u0259razisind\u0259 ya\u015fayan az\u0259rbaycanl\u0131lara qar\u015f\u0131 etnik t\u0259mizl\u0259m\u0259 h\u0259yata ke\u00e7irilib\u00a0v\u0259 bu proses Da\u011fl\u0131q Qaraba\u011fda da gedib:<\/p>\n<div id=\"AdviadNativeVideo0\" class=\"AdviadNativeVideo\"><\/div>\n<p>\u201cM\u0259hz Heyd\u0259r \u018fliyevin sovet r\u0259hb\u0259rliyind\u0259n uzaqla\u015fd\u0131r\u0131lmas\u0131ndan sonra bu prosesl\u0259r h\u0259yata ke\u00e7irildi. 20 Yanvara h\u0259rbi n\u00f6qteyi-n\u0259z\u0259rd\u0259n d\u0259 baxmaq laz\u0131md\u0131r. Bak\u0131n\u0131n yad \u015f\u0259h\u0259r kimi i\u015f\u011fal\u0131 kimi bir plan haz\u0131rlanm\u0131\u015fd\u0131. Tank v\u0259 dig\u0259r birl\u0259\u015fm\u0259l\u0259rd\u0259n istifad\u0259 edildi, yaln\u0131z artilleriya \u00e7atm\u0131rd\u0131. M\u0259qs\u0259d insanlar\u0131 k\u00fc\u00e7\u0259l\u0259rd\u0259 k\u00fctl\u0259vi \u015f\u0259kild\u0259 \u00f6ld\u00fcrm\u0259k idi. Bu proses h\u0259m d\u0259 informasiya blokadas\u0131 \u015f\u0259raitind\u0259 h\u0259yata ke\u00e7irildi.<\/p>\n<p>Xarici jurnalistl\u0259r Moskvada akkreditasiyada idi v\u0259 Bak\u0131ya burax\u0131lmam\u0131\u015fd\u0131lar. \u00c7ox az sayda jurnalistin f\u0259dakarl\u0131\u011f\u0131 n\u0259tic\u0259sind\u0259 Heyd\u0259r \u018fliyevin Az\u0259rbaycan n\u00fcmay\u0259nd\u0259liyin\u0259 getm\u0259si v\u0259 Heyd\u0259r \u018fliyev orada m\u0259tbuat konfrans\u0131 ke\u00e7ir\u0259nd\u0259n sonra beyn\u0259lxalq mediada f\u0259rqli m\u0259nz\u0259r\u0259 yarand\u0131.<\/p>\n<p>Beyn\u0259lxalq mediada qeyd edildi ki, Bak\u0131da faci\u0259 t\u00f6r\u0259dilib. Oktyabr\u0131n 15-d\u0259 is\u0259 Mixail Qorba\u00e7ova Nobel s\u00fclh m\u00fckafat\u0131 verildi. Qorba\u00e7ovdan Nobel s\u00fclh m\u00fckafat\u0131n\u0131 geri almaq h\u0259l\u0259 d\u0259 gec deyil\u201d.APA<\/p>\n","protected":false},"excerpt":{"rendered":"<p>20 Yanvara Sumqay\u0131t hadis\u0259l\u0259rind\u0259n ba\u015flayan v\u0259 Xocal\u0131da davam ed\u0259n hadis\u0259 kimi baxmaq laz\u0131md\u0131r. ARANTV.AZ-\u0131n m\u0259lumat\u0131na g\u00f6r\u0259, bunu bu g\u00fcn ADA Universitetind\u0259 20 yanvar faci\u0259sinin 30 illiyin\u0259 h\u0259sr edilmi\u015f t\u0259dbird\u0259 Az\u0259rbaycan Respublikas\u0131 Prezidentinin Administrasiyas\u0131n\u0131n Xarici siyas\u0259t m\u0259s\u0259l\u0259l\u0259ri \u015f\u00f6b\u0259sinin m\u00fcdiri Hikm\u0259t Hac\u0131yev deyib. H.Hac\u0131yev bildirib ki, Erm\u0259nistan \u0259razisind\u0259 ya\u015fayan az\u0259rbaycanl\u0131lara qar\u015f\u0131 etnik t\u0259mizl\u0259m\u0259 h\u0259yata ke\u00e7irilib\u00a0v\u0259 bu proses Da\u011fl\u0131q Qaraba\u011fda da gedib: \u201cM\u0259hz Heyd\u0259r \u018fliyevin sovet r\u0259hb\u0259rliyind\u0259n uzaqla\u015fd\u0131r\u0131lmas\u0131ndan sonra bu prosesl\u0259r h\u0259yata ke\u00e7irildi. 20 Yanvara h\u0259rbi n\u00f6qteyi-n\u0259z\u0259rd\u0259n d\u0259 baxmaq laz\u0131md\u0131r. Bak\u0131n\u0131n yad \u015f\u0259h\u0259r kimi i\u015f\u011fal\u0131 kimi bir plan haz\u0131rlanm\u0131\u015fd\u0131. Tank v\u0259 dig\u0259r birl\u0259\u015fm\u0259l\u0259rd\u0259n&hellip;<\/p>\n","protected":false},"author":2,"featured_media":119440,"comment_status":"closed","ping_status":"closed","sticky":false,"template":"","format":"standard","meta":{"om_disable_all_campaigns":false,"_monsterinsights_skip_tracking":false,"_monsterinsights_sitenote_active":false,"_monsterinsights_sitenote_note":"","_monsterinsights_sitenote_category":0},"categories":[4],"tags":[],"aioseo_notices":[],"gutentor_comment":0,"rttpg_featured_image_url":{"full":["https:\/\/arantv.az\/wp-content\/uploads\/2020\/01\/hikmet.jpg",620,413,false],"landscape":["https:\/\/arantv.az\/wp-content\/uploads\/2020\/01\/hikmet.jpg",620,413,false],"portraits":["https:\/\/arantv.az\/wp-content\/uploads\/2020\/01\/hikmet.jpg",620,413,false],"thumbnail":["https:\/\/arantv.az\/wp-content\/uploads\/2020\/01\/hikmet-150x150.jpg",150,150,true],"medium":["https:\/\/arantv.az\/wp-content\/uploads\/2020\/01\/hikmet-300x200.jpg",300,200,true],"large":["https:\/\/arantv.az\/wp-content\/uploads\/2020\/01\/hikmet.jpg",620,413,false],"1536x1536":["https:\/\/arantv.az\/wp-content\/uploads\/2020\/01\/hikmet.jpg",620,413,false],"2048x2048":["https:\/\/arantv.az\/wp-content\/uploads\/2020\/01\/hikmet.jpg",620,413,false],"post-thumbnail":["https:\/\/arantv.az\/wp-content\/uploads\/2020\/01\/hikmet-240x172.jpg",240,172,true],"advps-thumb-one":["https:\/\/arantv.az\/wp-content\/uploads\/2020\/01\/hikmet.jpg",620,413,false]},"rttpg_author":{"display_name":"V\u00fcsal Rafiqo\u011flu","author_link":"https:\/\/arantv.az\/?author=2"},"rttpg_comment":0,"rttpg_category":"<a href=\"https:\/\/arantv.az\/?cat=4\" rel=\"category\">Siyas\u0259t<\/a>","rttpg_excerpt":"20 Yanvara Sumqay\u0131t hadis\u0259l\u0259rind\u0259n ba\u015flayan v\u0259 Xocal\u0131da davam ed\u0259n hadis\u0259 kimi baxmaq laz\u0131md\u0131r. ARANTV.AZ-\u0131n m\u0259lumat\u0131na g\u00f6r\u0259, bunu bu g\u00fcn ADA Universitetind\u0259 20 yanvar faci\u0259sinin 30 illiyin\u0259 h\u0259sr edilmi\u015f t\u0259dbird\u0259 Az\u0259rbaycan Respublikas\u0131 Prezidentinin Administrasiyas\u0131n\u0131n Xarici siyas\u0259t m\u0259s\u0259l\u0259l\u0259ri \u015f\u00f6b\u0259sinin m\u00fcdiri Hikm\u0259t Hac\u0131yev deyib. H.Hac\u0131yev bildirib ki, Erm\u0259nistan \u0259razisind\u0259 ya\u015fayan az\u0259rbaycanl\u0131lara qar\u015f\u0131 etnik t\u0259mizl\u0259m\u0259 h\u0259yata ke\u00e7irilib\u00a0v\u0259 bu proses&hellip;","_links":{"self":[{"href":"https:\/\/arantv.az\/index.php?rest_route=\/wp\/v2\/posts\/119439"}],"collection":[{"href":"https:\/\/arantv.az\/index.php?rest_route=\/wp\/v2\/posts"}],"about":[{"href":"https:\/\/arantv.az\/index.php?rest_route=\/wp\/v2\/types\/post"}],"author":[{"embeddable":true,"href":"https:\/\/arantv.az\/index.php?rest_route=\/wp\/v2\/users\/2"}],"replies":[{"embeddable":true,"href":"https:\/\/arantv.az\/index.php?rest_route=%2Fwp%2Fv2%2Fcomments&post=119439"}],"version-history":[{"count":0,"href":"https:\/\/arantv.az\/index.php?rest_route=\/wp\/v2\/posts\/119439\/revisions"}],"wp:featuredmedia":[{"embeddable":true,"href":"https:\/\/arantv.az\/index.php?rest_route=\/wp\/v2\/media\/119440"}],"wp:attachment":[{"href":"https:\/\/arantv.az\/index.php?rest_route=%2Fwp%2Fv2%2Fmedia&parent=119439"}],"wp:term":[{"taxonomy":"category","embeddable":true,"href":"https:\/\/arantv.az\/index.php?rest_route=%2Fwp%2Fv2%2Fcategories&post=119439"},{"taxonomy":"post_tag","embeddable":true,"href":"https:\/\/arantv.az\/index.php?rest_route=%2Fwp%2Fv2%2Ftags&post=119439"}],"curies":[{"name":"wp","href":"https:\/\/api.w.org\/{rel}","templated":true}]}}