{"id":119457,"date":"2020-01-17T11:05:10","date_gmt":"2020-01-17T08:05:10","guid":{"rendered":"http:\/\/arantv.az\/?p=119457"},"modified":"2020-01-17T11:05:10","modified_gmt":"2020-01-17T08:05:10","slug":"rafael-agayev-bundan-sonra-yeni-dizaynli-kimanoda-doyus%c9%99c%c9%99k","status":"publish","type":"post","link":"https:\/\/arantv.az\/?p=119457","title":{"rendered":"Rafael A\u011fayev bundan sonra yeni dizaynl\u0131 kimanoda d\u00f6y\u00fc\u015f\u0259c\u0259k"},"content":{"rendered":"<p>Fransan\u0131n paytaxt\u0131 Parisd\u0259 ke\u00e7iril\u0259c\u0259k ilin ilk Premyer Liqa turnirind\u0259 yenilik t\u0259tbiq olunacaq.<\/p>\n<p><b>ARANTV.AZ<\/b>-\u0131n x\u0259b\u0259rin\u0259 g\u00f6r\u0259, 24-26 yanvar tarixl\u0259rind\u0259 ke\u00e7iril\u0259c\u0259k Olimpiya lisenziya xal\u0131 ver\u0259n yar\u0131\u015fda karate\u00e7il\u0259rin kimanolar\u0131n\u0131n \u00e7iyin hiss\u0259sind\u0259 mavi v\u0259 q\u0131rm\u0131z\u0131 nax\u0131\u015flar olacaq.<\/p>\n<p>Bununla idman\u00e7\u0131lar\u0131n vizual tan\u0131nmas\u0131n\u0131 t\u0259min etm\u0259k m\u0259qs\u0259di g\u00fcd\u00fcl\u00fcr. H\u0259m\u00e7inin, bu add\u0131m\u0131n daha \u00e7ox tama\u015fa\u00e7\u0131 mara\u011f\u0131na s\u0259b\u0259b olaca\u011f\u0131 g\u00f6zl\u0259nilir.<\/p>\n<p>Qeyd ed\u0259k ki, Paris Premyer Liqa turnirind\u0259 Az\u0259rbaycan\u0131n 16 idman\u00e7\u0131s\u0131n\u0131n m\u00fcbariz\u0259 aparaca\u011f\u0131 g\u00f6zl\u0259nilir. Bu yar\u0131\u015fdan sonra d\u00fcnya \u00e7empionlar\u0131m\u0131z Rafael A\u011fayevl\u0259 \u0130rina Zaretskayaya ikinci d\u0259f\u0259 \u201cBest of the Best\u201d m\u00fckafat\u0131 veril\u0259c\u0259k.<\/p>\n<p>H\u0259m\u00e7inin, onlara il boyu dig\u0259r idman\u00e7\u0131lardan f\u0259rql\u0259ndir\u0259n q\u0131z\u0131l\u0131 x\u0259tl\u0259rl\u0259 b\u0259z\u0259dilmi\u015f kimanolar t\u0259qdim olunacaq.Oxu.Az<\/p>\n","protected":false},"excerpt":{"rendered":"<p>Fransan\u0131n paytaxt\u0131 Parisd\u0259 ke\u00e7iril\u0259c\u0259k ilin ilk Premyer Liqa turnirind\u0259 yenilik t\u0259tbiq olunacaq. ARANTV.AZ-\u0131n x\u0259b\u0259rin\u0259 g\u00f6r\u0259, 24-26 yanvar tarixl\u0259rind\u0259 ke\u00e7iril\u0259c\u0259k Olimpiya lisenziya xal\u0131 ver\u0259n yar\u0131\u015fda karate\u00e7il\u0259rin kimanolar\u0131n\u0131n \u00e7iyin hiss\u0259sind\u0259 mavi v\u0259 q\u0131rm\u0131z\u0131 nax\u0131\u015flar olacaq. Bununla idman\u00e7\u0131lar\u0131n vizual tan\u0131nmas\u0131n\u0131 t\u0259min etm\u0259k m\u0259qs\u0259di g\u00fcd\u00fcl\u00fcr. H\u0259m\u00e7inin, bu add\u0131m\u0131n daha \u00e7ox tama\u015fa\u00e7\u0131 mara\u011f\u0131na s\u0259b\u0259b olaca\u011f\u0131 g\u00f6zl\u0259nilir. Qeyd ed\u0259k ki, Paris Premyer Liqa turnirind\u0259 Az\u0259rbaycan\u0131n 16 idman\u00e7\u0131s\u0131n\u0131n m\u00fcbariz\u0259 aparaca\u011f\u0131 g\u00f6zl\u0259nilir. Bu yar\u0131\u015fdan sonra d\u00fcnya \u00e7empionlar\u0131m\u0131z Rafael A\u011fayevl\u0259 \u0130rina Zaretskayaya ikinci d\u0259f\u0259 \u201cBest of the Best\u201d m\u00fckafat\u0131 veril\u0259c\u0259k. H\u0259m\u00e7inin, onlara il boyu dig\u0259r idman\u00e7\u0131lardan f\u0259rql\u0259ndir\u0259n q\u0131z\u0131l\u0131 x\u0259tl\u0259rl\u0259&hellip;<\/p>\n","protected":false},"author":2,"featured_media":119458,"comment_status":"closed","ping_status":"closed","sticky":false,"template":"","format":"standard","meta":{"om_disable_all_campaigns":false,"_monsterinsights_skip_tracking":false,"_monsterinsights_sitenote_active":false,"_monsterinsights_sitenote_note":"","_monsterinsights_sitenote_category":0},"categories":[6],"tags":[],"aioseo_notices":[],"gutentor_comment":0,"rttpg_featured_image_url":{"full":["https:\/\/arantv.az\/wp-content\/uploads\/2020\/01\/getting-to-know-karate-stars-rafael-aghayev-legendary-champion-chasing-the-olympic-dream-768.jpg",620,350,false],"landscape":["https:\/\/arantv.az\/wp-content\/uploads\/2020\/01\/getting-to-know-karate-stars-rafael-aghayev-legendary-champion-chasing-the-olympic-dream-768.jpg",620,350,false],"portraits":["https:\/\/arantv.az\/wp-content\/uploads\/2020\/01\/getting-to-know-karate-stars-rafael-aghayev-legendary-champion-chasing-the-olympic-dream-768.jpg",620,350,false],"thumbnail":["https:\/\/arantv.az\/wp-content\/uploads\/2020\/01\/getting-to-know-karate-stars-rafael-aghayev-legendary-champion-chasing-the-olympic-dream-768-150x150.jpg",150,150,true],"medium":["https:\/\/arantv.az\/wp-content\/uploads\/2020\/01\/getting-to-know-karate-stars-rafael-aghayev-legendary-champion-chasing-the-olympic-dream-768-300x169.jpg",300,169,true],"large":["https:\/\/arantv.az\/wp-content\/uploads\/2020\/01\/getting-to-know-karate-stars-rafael-aghayev-legendary-champion-chasing-the-olympic-dream-768.jpg",620,350,false],"1536x1536":["https:\/\/arantv.az\/wp-content\/uploads\/2020\/01\/getting-to-know-karate-stars-rafael-aghayev-legendary-champion-chasing-the-olympic-dream-768.jpg",620,350,false],"2048x2048":["https:\/\/arantv.az\/wp-content\/uploads\/2020\/01\/getting-to-know-karate-stars-rafael-aghayev-legendary-champion-chasing-the-olympic-dream-768.jpg",620,350,false],"post-thumbnail":["https:\/\/arantv.az\/wp-content\/uploads\/2020\/01\/getting-to-know-karate-stars-rafael-aghayev-legendary-champion-chasing-the-olympic-dream-768-240x172.jpg",240,172,true],"advps-thumb-one":["https:\/\/arantv.az\/wp-content\/uploads\/2020\/01\/getting-to-know-karate-stars-rafael-aghayev-legendary-champion-chasing-the-olympic-dream-768.jpg",620,350,false]},"rttpg_author":{"display_name":"V\u00fcsal Rafiqo\u011flu","author_link":"https:\/\/arantv.az\/?author=2"},"rttpg_comment":0,"rttpg_category":"<a href=\"https:\/\/arantv.az\/?cat=6\" rel=\"category\">\u0130dman<\/a>","rttpg_excerpt":"Fransan\u0131n paytaxt\u0131 Parisd\u0259 ke\u00e7iril\u0259c\u0259k ilin ilk Premyer Liqa turnirind\u0259 yenilik t\u0259tbiq olunacaq. ARANTV.AZ-\u0131n x\u0259b\u0259rin\u0259 g\u00f6r\u0259, 24-26 yanvar tarixl\u0259rind\u0259 ke\u00e7iril\u0259c\u0259k Olimpiya lisenziya xal\u0131 ver\u0259n yar\u0131\u015fda karate\u00e7il\u0259rin kimanolar\u0131n\u0131n \u00e7iyin hiss\u0259sind\u0259 mavi v\u0259 q\u0131rm\u0131z\u0131 nax\u0131\u015flar olacaq. Bununla idman\u00e7\u0131lar\u0131n vizual tan\u0131nmas\u0131n\u0131 t\u0259min etm\u0259k m\u0259qs\u0259di g\u00fcd\u00fcl\u00fcr. H\u0259m\u00e7inin, bu add\u0131m\u0131n daha \u00e7ox tama\u015fa\u00e7\u0131 mara\u011f\u0131na s\u0259b\u0259b olaca\u011f\u0131 g\u00f6zl\u0259nilir. Qeyd ed\u0259k ki, Paris&hellip;","_links":{"self":[{"href":"https:\/\/arantv.az\/index.php?rest_route=\/wp\/v2\/posts\/119457"}],"collection":[{"href":"https:\/\/arantv.az\/index.php?rest_route=\/wp\/v2\/posts"}],"about":[{"href":"https:\/\/arantv.az\/index.php?rest_route=\/wp\/v2\/types\/post"}],"author":[{"embeddable":true,"href":"https:\/\/arantv.az\/index.php?rest_route=\/wp\/v2\/users\/2"}],"replies":[{"embeddable":true,"href":"https:\/\/arantv.az\/index.php?rest_route=%2Fwp%2Fv2%2Fcomments&post=119457"}],"version-history":[{"count":0,"href":"https:\/\/arantv.az\/index.php?rest_route=\/wp\/v2\/posts\/119457\/revisions"}],"wp:featuredmedia":[{"embeddable":true,"href":"https:\/\/arantv.az\/index.php?rest_route=\/wp\/v2\/media\/119458"}],"wp:attachment":[{"href":"https:\/\/arantv.az\/index.php?rest_route=%2Fwp%2Fv2%2Fmedia&parent=119457"}],"wp:term":[{"taxonomy":"category","embeddable":true,"href":"https:\/\/arantv.az\/index.php?rest_route=%2Fwp%2Fv2%2Fcategories&post=119457"},{"taxonomy":"post_tag","embeddable":true,"href":"https:\/\/arantv.az\/index.php?rest_route=%2Fwp%2Fv2%2Ftags&post=119457"}],"curies":[{"name":"wp","href":"https:\/\/api.w.org\/{rel}","templated":true}]}}