{"id":119462,"date":"2020-01-17T11:06:21","date_gmt":"2020-01-17T08:06:21","guid":{"rendered":"http:\/\/arantv.az\/?p=119462"},"modified":"2020-01-17T11:06:21","modified_gmt":"2020-01-17T08:06:21","slug":"s%c9%99rh%c9%99d-%c9%99razil%c9%99rd%c9%99-idxal-n%c9%99zar%c9%99ti-m%c9%99nt%c9%99q%c9%99l%c9%99ri-yaradilacaq","status":"publish","type":"post","link":"https:\/\/arantv.az\/?p=119462","title":{"rendered":"S\u0259rh\u0259d \u0259razil\u0259rd\u0259 idxal n\u0259zar\u0259ti m\u0259nt\u0259q\u0259l\u0259ri yarad\u0131lacaq"},"content":{"rendered":"<p>Heyvan x\u0259st\u0259likl\u0259ri v\u0259 bitki z\u0259r\u0259rvericil\u0259rinin qar\u015f\u0131s\u0131n\u0131 almaq m\u0259qs\u0259dil\u0259 s\u0259rh\u0259d \u0259razil\u0259rd\u0259 idxal n\u0259zar\u0259ti m\u0259nt\u0259q\u0259l\u0259ri yarad\u0131lacaq.<\/p>\n<p><b>ARANTV.AZ<\/b>-\u0131n m\u0259lumat\u0131na g\u00f6r\u0259, bunu Az\u0259rbaycan Respublikas\u0131n\u0131n Qida T\u0259hl\u00fck\u0259sizliyi Agentliyinin s\u0259dri Qo\u015fqar T\u0259hm\u0259zli 2019-cu ilin yekunlar\u0131na dair ke\u00e7iril\u0259n m\u0259tbuat konfrans\u0131nda bildirib.<\/p>\n<p>Onun s\u00f6zl\u0259rin\u0259 g\u00f6r\u0259, 2019-cu il \u0259rzind\u0259 Avropa \u0130ttifaq\u0131 t\u0259r\u0259find\u0259n f\u0131nd\u0131q m\u0259hsullar\u0131n\u0131n 10 d\u0259f\u0259 idxaldan imtina hal\u0131 m\u00fc\u015fahid\u0259 edilib:<\/p>\n<p>\u201cBundan ba\u015fqa, \u00f6t\u0259n il \u0259rzind\u0259 Daxili \u0130\u015fl\u0259r Nazirliyi v\u0259 Ba\u015f Prokurorluqla birg\u0259 45 \u0259m\u0259liyyat ke\u00e7irilib, 83 ton t\u0259hl\u00fck\u0259li qida m\u0259hsulu a\u015fkarlanaraq, d\u00f6vriyy\u0259y\u0259 daxil olmas\u0131n\u0131n qar\u015f\u0131s\u0131 al\u0131n\u0131b, 20 cinay\u0259t i\u015fi a\u00e7\u0131l\u0131b.<\/p>\n<p>\u0130dxal olunan m\u0259hsullar\u0131n t\u0259hl\u00fck\u0259sizliyinin t\u0259min edilm\u0259si, \u00f6lk\u0259 \u0259razisin\u0259 heyvan x\u0259st\u0259likl\u0259ri v\u0259 bitki z\u0259r\u0259rvericil\u0259rinin yay\u0131lmas\u0131n\u0131n qar\u015f\u0131s\u0131n\u0131 almaq m\u0259qs\u0259dil\u0259 s\u0259rh\u0259d \u0259razil\u0259r\u0259 yax\u0131n yerl\u0259rd\u0259 idxal n\u0259zar\u0259ti m\u0259nt\u0259q\u0259l\u0259rinin yarad\u0131lmas\u0131 il\u0259 ba\u011fl\u0131 layih\u0259l\u0259ndirm\u0259 i\u015fl\u0259rin\u0259 ba\u015flan\u0131b\u201d.<\/p>\n<p>Q.T\u0259hm\u0259zli qeyd edib ki, 2020-ci ild\u0259 b\u00fct\u00fcn \u00f6lk\u0259 \u0259razisind\u0259 idxal-ixrac \u00fczr\u0259 icaz\u0259 s\u0259n\u0259dl\u0259rinin elektron qaydada verilm\u0259si planla\u015fd\u0131r\u0131l\u0131r.Oxu.Az<\/p>\n","protected":false},"excerpt":{"rendered":"<p>Heyvan x\u0259st\u0259likl\u0259ri v\u0259 bitki z\u0259r\u0259rvericil\u0259rinin qar\u015f\u0131s\u0131n\u0131 almaq m\u0259qs\u0259dil\u0259 s\u0259rh\u0259d \u0259razil\u0259rd\u0259 idxal n\u0259zar\u0259ti m\u0259nt\u0259q\u0259l\u0259ri yarad\u0131lacaq. ARANTV.AZ-\u0131n m\u0259lumat\u0131na g\u00f6r\u0259, bunu Az\u0259rbaycan Respublikas\u0131n\u0131n Qida T\u0259hl\u00fck\u0259sizliyi Agentliyinin s\u0259dri Qo\u015fqar T\u0259hm\u0259zli 2019-cu ilin yekunlar\u0131na dair ke\u00e7iril\u0259n m\u0259tbuat konfrans\u0131nda bildirib. Onun s\u00f6zl\u0259rin\u0259 g\u00f6r\u0259, 2019-cu il \u0259rzind\u0259 Avropa \u0130ttifaq\u0131 t\u0259r\u0259find\u0259n f\u0131nd\u0131q m\u0259hsullar\u0131n\u0131n 10 d\u0259f\u0259 idxaldan imtina hal\u0131 m\u00fc\u015fahid\u0259 edilib: \u201cBundan ba\u015fqa, \u00f6t\u0259n il \u0259rzind\u0259 Daxili \u0130\u015fl\u0259r Nazirliyi v\u0259 Ba\u015f Prokurorluqla birg\u0259 45 \u0259m\u0259liyyat ke\u00e7irilib, 83 ton t\u0259hl\u00fck\u0259li qida m\u0259hsulu a\u015fkarlanaraq, d\u00f6vriyy\u0259y\u0259 daxil olmas\u0131n\u0131n qar\u015f\u0131s\u0131 al\u0131n\u0131b, 20 cinay\u0259t i\u015fi a\u00e7\u0131l\u0131b. \u0130dxal olunan m\u0259hsullar\u0131n t\u0259hl\u00fck\u0259sizliyinin t\u0259min edilm\u0259si, \u00f6lk\u0259 \u0259razisin\u0259&hellip;<\/p>\n","protected":false},"author":2,"featured_media":119463,"comment_status":"closed","ping_status":"closed","sticky":false,"template":"","format":"standard","meta":{"om_disable_all_campaigns":false,"_monsterinsights_skip_tracking":false,"_monsterinsights_sitenote_active":false,"_monsterinsights_sitenote_note":"","_monsterinsights_sitenote_category":0},"categories":[1],"tags":[],"aioseo_notices":[],"gutentor_comment":0,"rttpg_featured_image_url":{"full":["https:\/\/arantv.az\/wp-content\/uploads\/2020\/01\/idxal.jpg",620,413,false],"landscape":["https:\/\/arantv.az\/wp-content\/uploads\/2020\/01\/idxal.jpg",620,413,false],"portraits":["https:\/\/arantv.az\/wp-content\/uploads\/2020\/01\/idxal.jpg",620,413,false],"thumbnail":["https:\/\/arantv.az\/wp-content\/uploads\/2020\/01\/idxal-150x150.jpg",150,150,true],"medium":["https:\/\/arantv.az\/wp-content\/uploads\/2020\/01\/idxal-300x200.jpg",300,200,true],"large":["https:\/\/arantv.az\/wp-content\/uploads\/2020\/01\/idxal.jpg",620,413,false],"1536x1536":["https:\/\/arantv.az\/wp-content\/uploads\/2020\/01\/idxal.jpg",620,413,false],"2048x2048":["https:\/\/arantv.az\/wp-content\/uploads\/2020\/01\/idxal.jpg",620,413,false],"post-thumbnail":["https:\/\/arantv.az\/wp-content\/uploads\/2020\/01\/idxal-240x172.jpg",240,172,true],"advps-thumb-one":["https:\/\/arantv.az\/wp-content\/uploads\/2020\/01\/idxal.jpg",620,413,false]},"rttpg_author":{"display_name":"V\u00fcsal Rafiqo\u011flu","author_link":"https:\/\/arantv.az\/?author=2"},"rttpg_comment":0,"rttpg_category":"<a href=\"https:\/\/arantv.az\/?cat=1\" rel=\"category\">C\u0259miyy\u0259t<\/a>","rttpg_excerpt":"Heyvan x\u0259st\u0259likl\u0259ri v\u0259 bitki z\u0259r\u0259rvericil\u0259rinin qar\u015f\u0131s\u0131n\u0131 almaq m\u0259qs\u0259dil\u0259 s\u0259rh\u0259d \u0259razil\u0259rd\u0259 idxal n\u0259zar\u0259ti m\u0259nt\u0259q\u0259l\u0259ri yarad\u0131lacaq. ARANTV.AZ-\u0131n m\u0259lumat\u0131na g\u00f6r\u0259, bunu Az\u0259rbaycan Respublikas\u0131n\u0131n Qida T\u0259hl\u00fck\u0259sizliyi Agentliyinin s\u0259dri Qo\u015fqar T\u0259hm\u0259zli 2019-cu ilin yekunlar\u0131na dair ke\u00e7iril\u0259n m\u0259tbuat konfrans\u0131nda bildirib. Onun s\u00f6zl\u0259rin\u0259 g\u00f6r\u0259, 2019-cu il \u0259rzind\u0259 Avropa \u0130ttifaq\u0131 t\u0259r\u0259find\u0259n f\u0131nd\u0131q m\u0259hsullar\u0131n\u0131n 10 d\u0259f\u0259 idxaldan imtina hal\u0131 m\u00fc\u015fahid\u0259 edilib: \u201cBundan ba\u015fqa, \u00f6t\u0259n&hellip;","_links":{"self":[{"href":"https:\/\/arantv.az\/index.php?rest_route=\/wp\/v2\/posts\/119462"}],"collection":[{"href":"https:\/\/arantv.az\/index.php?rest_route=\/wp\/v2\/posts"}],"about":[{"href":"https:\/\/arantv.az\/index.php?rest_route=\/wp\/v2\/types\/post"}],"author":[{"embeddable":true,"href":"https:\/\/arantv.az\/index.php?rest_route=\/wp\/v2\/users\/2"}],"replies":[{"embeddable":true,"href":"https:\/\/arantv.az\/index.php?rest_route=%2Fwp%2Fv2%2Fcomments&post=119462"}],"version-history":[{"count":0,"href":"https:\/\/arantv.az\/index.php?rest_route=\/wp\/v2\/posts\/119462\/revisions"}],"wp:featuredmedia":[{"embeddable":true,"href":"https:\/\/arantv.az\/index.php?rest_route=\/wp\/v2\/media\/119463"}],"wp:attachment":[{"href":"https:\/\/arantv.az\/index.php?rest_route=%2Fwp%2Fv2%2Fmedia&parent=119462"}],"wp:term":[{"taxonomy":"category","embeddable":true,"href":"https:\/\/arantv.az\/index.php?rest_route=%2Fwp%2Fv2%2Fcategories&post=119462"},{"taxonomy":"post_tag","embeddable":true,"href":"https:\/\/arantv.az\/index.php?rest_route=%2Fwp%2Fv2%2Ftags&post=119462"}],"curies":[{"name":"wp","href":"https:\/\/api.w.org\/{rel}","templated":true}]}}