{"id":119466,"date":"2020-01-17T11:09:18","date_gmt":"2020-01-17T08:09:18","guid":{"rendered":"http:\/\/arantv.az\/?p=119466"},"modified":"2020-01-17T11:09:18","modified_gmt":"2020-01-17T08:09:18","slug":"ukraynanin-bas-naziri-istefa-verdi","status":"publish","type":"post","link":"https:\/\/arantv.az\/?p=119466","title":{"rendered":"Ukraynan\u0131n ba\u015f naziri istefa verdi"},"content":{"rendered":"<p>Ukraynan\u0131n Ba\u015f naziri Aleksey Qon\u00e7aruk istefa \u0259riz\u0259sini d\u00f6vl\u0259t ba\u015f\u00e7\u0131s\u0131 Vladimir Zelenskiy\u0259 t\u0259qdim edib<\/p>\n<p>\u201cR\u0130A Novosti\u201d x\u0259b\u0259r verir ki, bununla ba\u011fl\u0131 Qor\u00e7aruk \u201cFacebook\u201d hesab\u0131nda m\u0259lumat verib.<\/p>\n<p>Ukrayna qanunlar\u0131na \u0259sas\u0259n, prezident \u0259riz\u0259ni Ali Radaya t\u0259qdim etm\u0259lidir.<\/p>\n<p>\u201cM\u0259n prezidentin proqram\u0131n\u0131 yerin\u0259 yetirm\u0259k \u00fc\u00e7\u00fcn bu v\u0259zif\u0259y\u0259 g\u0259lmi\u015fdim. O, m\u0259nim \u00fc\u00e7\u00fcn l\u0259yaq\u0259t v\u0259 s\u0259mimiyy\u0259t n\u00fcmun\u0259sidir.<\/p>\n<p>Ancaq prezident\u0259 olan h\u00f6rm\u0259tim\u0259 v\u0259 etimad\u0131ma ist\u0259nil\u0259n \u015f\u00fcbh\u0259l\u0259ri r\u0259dd etm\u0259k \u00fc\u00e7\u00fcn istefa verm\u0259k q\u0259rar\u0131na g\u0259ldim\u201d, &#8211; o yaz\u0131b.<\/p>\n","protected":false},"excerpt":{"rendered":"<p>Ukraynan\u0131n Ba\u015f naziri Aleksey Qon\u00e7aruk istefa \u0259riz\u0259sini d\u00f6vl\u0259t ba\u015f\u00e7\u0131s\u0131 Vladimir Zelenskiy\u0259 t\u0259qdim edib \u201cR\u0130A Novosti\u201d x\u0259b\u0259r verir ki, bununla ba\u011fl\u0131 Qor\u00e7aruk \u201cFacebook\u201d hesab\u0131nda m\u0259lumat verib. Ukrayna qanunlar\u0131na \u0259sas\u0259n, prezident \u0259riz\u0259ni Ali Radaya t\u0259qdim etm\u0259lidir. \u201cM\u0259n prezidentin proqram\u0131n\u0131 yerin\u0259 yetirm\u0259k \u00fc\u00e7\u00fcn bu v\u0259zif\u0259y\u0259 g\u0259lmi\u015fdim. O, m\u0259nim \u00fc\u00e7\u00fcn l\u0259yaq\u0259t v\u0259 s\u0259mimiyy\u0259t n\u00fcmun\u0259sidir. Ancaq prezident\u0259 olan h\u00f6rm\u0259tim\u0259 v\u0259 etimad\u0131ma ist\u0259nil\u0259n \u015f\u00fcbh\u0259l\u0259ri r\u0259dd etm\u0259k \u00fc\u00e7\u00fcn istefa verm\u0259k q\u0259rar\u0131na g\u0259ldim\u201d, &#8211; o yaz\u0131b.<\/p>\n","protected":false},"author":2,"featured_media":119467,"comment_status":"closed","ping_status":"closed","sticky":false,"template":"","format":"standard","meta":{"om_disable_all_campaigns":false,"_monsterinsights_skip_tracking":false,"_monsterinsights_sitenote_active":false,"_monsterinsights_sitenote_note":"","_monsterinsights_sitenote_category":0},"categories":[7],"tags":[],"aioseo_notices":[],"gutentor_comment":0,"rttpg_featured_image_url":{"full":["https:\/\/arantv.az\/wp-content\/uploads\/2020\/01\/1024782865.jpg",620,347,false],"landscape":["https:\/\/arantv.az\/wp-content\/uploads\/2020\/01\/1024782865.jpg",620,347,false],"portraits":["https:\/\/arantv.az\/wp-content\/uploads\/2020\/01\/1024782865.jpg",620,347,false],"thumbnail":["https:\/\/arantv.az\/wp-content\/uploads\/2020\/01\/1024782865-150x150.jpg",150,150,true],"medium":["https:\/\/arantv.az\/wp-content\/uploads\/2020\/01\/1024782865-300x168.jpg",300,168,true],"large":["https:\/\/arantv.az\/wp-content\/uploads\/2020\/01\/1024782865.jpg",620,347,false],"1536x1536":["https:\/\/arantv.az\/wp-content\/uploads\/2020\/01\/1024782865.jpg",620,347,false],"2048x2048":["https:\/\/arantv.az\/wp-content\/uploads\/2020\/01\/1024782865.jpg",620,347,false],"post-thumbnail":["https:\/\/arantv.az\/wp-content\/uploads\/2020\/01\/1024782865-240x172.jpg",240,172,true],"advps-thumb-one":["https:\/\/arantv.az\/wp-content\/uploads\/2020\/01\/1024782865.jpg",620,347,false]},"rttpg_author":{"display_name":"V\u00fcsal Rafiqo\u011flu","author_link":"https:\/\/arantv.az\/?author=2"},"rttpg_comment":0,"rttpg_category":"<a href=\"https:\/\/arantv.az\/?cat=7\" rel=\"category\">D\u00fcnya<\/a>","rttpg_excerpt":"Ukraynan\u0131n Ba\u015f naziri Aleksey Qon\u00e7aruk istefa \u0259riz\u0259sini d\u00f6vl\u0259t ba\u015f\u00e7\u0131s\u0131 Vladimir Zelenskiy\u0259 t\u0259qdim edib \u201cR\u0130A Novosti\u201d x\u0259b\u0259r verir ki, bununla ba\u011fl\u0131 Qor\u00e7aruk \u201cFacebook\u201d hesab\u0131nda m\u0259lumat verib. Ukrayna qanunlar\u0131na \u0259sas\u0259n, prezident \u0259riz\u0259ni Ali Radaya t\u0259qdim etm\u0259lidir. \u201cM\u0259n prezidentin proqram\u0131n\u0131 yerin\u0259 yetirm\u0259k \u00fc\u00e7\u00fcn bu v\u0259zif\u0259y\u0259 g\u0259lmi\u015fdim. O, m\u0259nim \u00fc\u00e7\u00fcn l\u0259yaq\u0259t v\u0259 s\u0259mimiyy\u0259t n\u00fcmun\u0259sidir. Ancaq prezident\u0259 olan h\u00f6rm\u0259tim\u0259 v\u0259&hellip;","_links":{"self":[{"href":"https:\/\/arantv.az\/index.php?rest_route=\/wp\/v2\/posts\/119466"}],"collection":[{"href":"https:\/\/arantv.az\/index.php?rest_route=\/wp\/v2\/posts"}],"about":[{"href":"https:\/\/arantv.az\/index.php?rest_route=\/wp\/v2\/types\/post"}],"author":[{"embeddable":true,"href":"https:\/\/arantv.az\/index.php?rest_route=\/wp\/v2\/users\/2"}],"replies":[{"embeddable":true,"href":"https:\/\/arantv.az\/index.php?rest_route=%2Fwp%2Fv2%2Fcomments&post=119466"}],"version-history":[{"count":0,"href":"https:\/\/arantv.az\/index.php?rest_route=\/wp\/v2\/posts\/119466\/revisions"}],"wp:featuredmedia":[{"embeddable":true,"href":"https:\/\/arantv.az\/index.php?rest_route=\/wp\/v2\/media\/119467"}],"wp:attachment":[{"href":"https:\/\/arantv.az\/index.php?rest_route=%2Fwp%2Fv2%2Fmedia&parent=119466"}],"wp:term":[{"taxonomy":"category","embeddable":true,"href":"https:\/\/arantv.az\/index.php?rest_route=%2Fwp%2Fv2%2Fcategories&post=119466"},{"taxonomy":"post_tag","embeddable":true,"href":"https:\/\/arantv.az\/index.php?rest_route=%2Fwp%2Fv2%2Ftags&post=119466"}],"curies":[{"name":"wp","href":"https:\/\/api.w.org\/{rel}","templated":true}]}}