{"id":119470,"date":"2020-01-17T11:13:25","date_gmt":"2020-01-17T08:13:25","guid":{"rendered":"http:\/\/arantv.az\/?p=119470"},"modified":"2020-01-17T11:13:25","modified_gmt":"2020-01-17T08:13:25","slug":"bas-nazir-qurumlar-qarsisinda-vaxt-qoydu","status":"publish","type":"post","link":"https:\/\/arantv.az\/?p=119470","title":{"rendered":"Ba\u015f nazir qurumlar qar\u015f\u0131s\u0131nda vaxt qoydu"},"content":{"rendered":"<p>Yanvar\u0131n 16-da \u201cAz\u0259rbaycan Respublikas\u0131 Prezidentinin s\u0259drliyi il\u0259 ke\u00e7iril\u0259n 2019-cu ilin yekunlar\u0131na h\u0259sr olunmu\u015f m\u00fc\u015favir\u0259d\u0259n ir\u0259li g\u0259l\u0259n tap\u015f\u0131r\u0131qlar\u0131n icras\u0131n\u0131n t\u0259min edilm\u0259si \u00fczr\u0259 T\u0259dbirl\u0259r Plan\u0131\u201d t\u0259sdiql\u0259nib.<\/p>\n<p>Bununla ba\u011fl\u0131 Ba\u015f nazir \u018fli \u018fs\u0259dov m\u00fcvafiq s\u0259r\u0259ncam imzalay\u0131b.<\/p>\n<p><b>ARANTV.AZ<\/b>-\u0131n m\u0259lumat\u0131na g\u00f6r\u0259, s\u0259r\u0259ncamla nazirlikl\u0259r, d\u00f6vl\u0259t komit\u0259l\u0259ri, M\u0259rk\u0259zi Bank qar\u015f\u0131s\u0131nda m\u00fcvafiq i\u015fl\u0259rin h\u0259yata ke\u00e7irilm\u0259si istiqam\u0259tind\u0259 t\u0259l\u0259bl\u0259r qoyulub.<\/p>\n<p>\u0130cra\u00e7\u0131lar, y\u0259ni d\u00f6vl\u0259t qurumlar\u0131 h\u0259r\u0259si \u00f6z sah\u0259si \u00fczr\u0259 m\u00fc\u0259yy\u0259n edilmi\u015f vaxt \u00e7\u0259r\u00e7iv\u0259sind\u0259 s\u0259r\u0259ncamda n\u0259z\u0259rd\u0259 tutulan i\u015fl\u0259ri yerin\u0259 yetirm\u0259lidir.<\/p>\n<p><strong>Maliyy\u0259-bank sektoru \u00fczr\u0259\u00a0<\/strong><\/p>\n<p>Maliyy\u0259 Nazirliyi 2020-ci ilin mart\u0131nad\u0259k b\u00fcdc\u0259 x\u0259rcl\u0259rin\u0259 n\u0259zar\u0259tin g\u00fccl\u0259ndirilm\u0259si istiqam\u0259tind\u0259 m\u00fcvafiq t\u0259dbirl\u0259rin g\u00f6r\u00fclm\u0259si \u00fc\u00e7\u00fcn t\u0259klifl\u0259rin t\u0259qdim edilm\u0259sini h\u0259yata ke\u00e7irm\u0259lidir.<\/p>\n<p>Maliyy\u0259 v\u0259 \u0130qtisadiyyat nazirlikl\u0259ri 2020-ci ilin aprelin\u0259 q\u0259d\u0259r xarici borcun t\u0259rkibini t\u0259hlil etm\u0259lidir. Bura xarici borcun s\u0259viyy\u0259sinin azald\u0131lmas\u0131, restrukturizasiyas\u0131 (o c\u00fcml\u0259d\u0259n, bahal\u0131 kreditl\u0259rin nisb\u0259t\u0259n a\u015fa\u011f\u0131 faizli kreditl\u0259rl\u0259 \u0259v\u0259z edilm\u0259si) daxildir.<\/p>\n<p>Bildirilib ki, h\u0259min nazirlikl\u0259r xarici kreditl\u0259rin al\u0131nmas\u0131na z\u0259rur\u0259t yaranarsa,\u00a0 qabaqc\u0131l beyn\u0259lxalq texnoloji v\u0259 m\u00fcasir standartlara cavab ver\u0259n layih\u0259l\u0259rin h\u0259yata ke\u00e7irilm\u0259si bar\u0259d\u0259 t\u0259klifl\u0259r t\u0259qdim etm\u0259lidir.<\/p>\n<p>D\u00f6vl\u0259t Neft Fondu, Maliyy\u0259 Nazirliyi, \u0130qtisadiyyat Nazirliyi, M\u0259rk\u0259zi Bank 2020-ci ilin aprelin\u0259d\u0259k \u201cD\u00f6vl\u0259t Neft Fondunun valyuta v\u0259saitinin saxlan\u0131lmas\u0131, yerl\u0259\u015fdirilm\u0259si v\u0259 idar\u0259 edilm\u0259si haqq\u0131nda Qaydalar\u201d\u0131n v\u0259 investisiya siyas\u0259tinin t\u0259kmill\u0259\u015fdirilm\u0259si il\u0259 ba\u011fl\u0131 t\u0259klifl\u0259rin t\u0259qdim edilm\u0259sini tamamlamal\u0131d\u0131r.<\/p>\n<p>M\u0259rk\u0259zi Bank, \u0130qtisadiyyat Nazirliyi, Maliyy\u0259 Nazirliyi 2020-ci ilin sonunad\u0259k bank sektorunun real sektoru d\u0259st\u0259kl\u0259m\u0259si, biznes kreditl\u0259rinin verilm\u0259si v\u0259 faizl\u0259rin a\u015fa\u011f\u0131 sal\u0131nmas\u0131 istiqam\u0259tind\u0259 m\u00fcvafiq t\u0259dbirl\u0259ri g\u00f6rm\u0259lidir.<\/p>\n<p>M\u0259rk\u0259zi Bank 2020-ci ilin iyul ay\u0131nad\u0259k bank sektorunda, o c\u00fcml\u0259d\u0259n \u015f\u00fcbh\u0259li kreditl\u0259rin verilm\u0259sin\u0259 n\u0259zar\u0259tin g\u00fccl\u0259ndirilm\u0259si \u00fczr\u0259 m\u00fcvafiq t\u0259dbirl\u0259r g\u00f6rm\u0259lidir.<\/p>\n<p><strong>\u0130qtisadi art\u0131m\u0131n dayan\u0131ql\u0131l\u0131\u011f\u0131\u00a0<\/strong><\/p>\n<p>\u0130qtisadiyyat Nazirliyi 2020-ci ilin sonunad\u0259k d\u00f6vl\u0259t investisiya proqram\u0131 haz\u0131rlanark\u0259n ba\u015flan\u0131lm\u0131\u015f investisiya layih\u0259l\u0259rinin ba\u015fa \u00e7atd\u0131r\u0131lmas\u0131n\u0131n prioritetl\u0259\u015fdirilm\u0259sini t\u0259min etm\u0259lidir.<\/p>\n<p>\u0130qtisadiyyat Nazirliyi, eyni zamanda, 2020-ci ilin aprelin\u0259 q\u0259d\u0259r d\u00f6vl\u0259t investisiya proqram\u0131 \u00e7\u0259r\u00e7iv\u0259sind\u0259 h\u0259yata ke\u00e7iril\u0259n layih\u0259l\u0259rin, o c\u00fcml\u0259d\u0259n infrastruktur layih\u0259l\u0259rinin real sektora olan t\u0259sirinin qiym\u0259tl\u0259ndirilm\u0259sinin n\u0259tic\u0259l\u0259rini t\u0259qdim etm\u0259lidir.<\/p>\n<p>H\u0259min nazirlik 2020-ci ilin iyul ay\u0131nad\u0259k uzunm\u00fcdd\u0259tli qeyri-neft ixrac\u0131 strategiyas\u0131n\u0131n haz\u0131rlamal\u0131d\u0131r.<\/p>\n<p>\u0130qtisadiyyat Nazirliyi, K\u0259nd T\u0259s\u0259rr\u00fcfat\u0131 Nazirliyi 2020-ci ilin aprel ay\u0131nad\u0259k mal s\u0259nayesinin inki\u015faf\u0131, o c\u00fcml\u0259d\u0259n, k\u0259nd t\u0259s\u0259rr\u00fcfat\u0131 m\u0259hsullar\u0131n\u0131n emal\u0131 istiqam\u0259tind\u0259 t\u0259klifl\u0259ri t\u0259qdim etm\u0259lidir.<\/p>\n<p>\u0130qtisadiyyat Nazirliyi, \u018fm\u0259k v\u0259 \u018fhalinin Sosial M\u00fcdafi\u0259si Nazirliyi, D\u00f6vl\u0259t Statistika Komit\u0259si 2020-ci ilin oktyabr ay\u0131nad\u0259k beyn\u0259lxalq t\u0259cr\u00fcb\u0259 n\u0259z\u0259r\u0259 al\u0131nmaqla, \u0259hali art\u0131m\u0131n\u0131n iqtisadi art\u0131mla uy\u011funlu\u011funu n\u0259z\u0259rd\u0259 tutan uzunm\u00fcdd\u0259tli strategiyan\u0131 haz\u0131rlamal\u0131d\u0131r.<\/p>\n<p>\u0130qtisadiyyat Nazirliyi 2020-ci ilin may ay\u0131nad\u0259k \u00f6z\u0259l investisiyalar\u0131n c\u0259lb edilm\u0259si \u00fczr\u0259 t\u0259dbirl\u0259rin geni\u015fl\u0259ndirilm\u0259si istiqam\u0259tind\u0259 t\u0259klifl\u0259ri t\u0259qdim etm\u0259lidir.<\/p>\n<p>\u0130qtisadiyyat Nazirliyi, M\u0259rk\u0259zi Bank 2020-ci ilin sonunad\u0259k ki\u00e7ik v\u0259 orta biznesin inki\u015faf\u0131na d\u0259st\u0259yin g\u00fccl\u0259ndirilm\u0259sini t\u0259min etm\u0259lidir.<\/p>\n<p><strong>\u0130p\u0259k\u00e7ilik, turizmin inki\u015faf\u0131\u00a0<\/strong><\/p>\n<p>S\u0259r\u0259ncamda h\u0259m\u00e7inin ip\u0259k\u00e7ilik, turizmin inki\u015faf\u0131, toxuculuq m\u0259hsullar\u0131n istehsal\u0131n\u0131n t\u0259\u015fkili, beyn\u0259lxalq iqtisadi \u0259m\u0259kda\u015fl\u0131q g\u00fccl\u0259ndirilm\u0259si m\u0259s\u0259l\u0259l\u0259ri d\u0259 \u00f6z \u0259ksini tap\u0131b.<\/p>\n<p>Bununla yana\u015f\u0131, sosial t\u0259dbirl\u0259rin g\u00fccl\u0259ndirilm\u0259si, g\u00f6mr\u00fck sah\u0259sind\u0259 infrastrukturun yax\u015f\u0131la\u015fd\u0131r\u0131lmas\u0131 istiqam\u0259tind\u0259 d\u0259 m\u00fcvafiq qurumlar qar\u015f\u0131s\u0131nda tap\u015f\u0131r\u0131qlar qoyulub.\u00a0Oxu.Az<\/p>\n","protected":false},"excerpt":{"rendered":"<p>Yanvar\u0131n 16-da \u201cAz\u0259rbaycan Respublikas\u0131 Prezidentinin s\u0259drliyi il\u0259 ke\u00e7iril\u0259n 2019-cu ilin yekunlar\u0131na h\u0259sr olunmu\u015f m\u00fc\u015favir\u0259d\u0259n ir\u0259li g\u0259l\u0259n tap\u015f\u0131r\u0131qlar\u0131n icras\u0131n\u0131n t\u0259min edilm\u0259si \u00fczr\u0259 T\u0259dbirl\u0259r Plan\u0131\u201d t\u0259sdiql\u0259nib. Bununla ba\u011fl\u0131 Ba\u015f nazir \u018fli \u018fs\u0259dov m\u00fcvafiq s\u0259r\u0259ncam imzalay\u0131b. ARANTV.AZ-\u0131n m\u0259lumat\u0131na g\u00f6r\u0259, s\u0259r\u0259ncamla nazirlikl\u0259r, d\u00f6vl\u0259t komit\u0259l\u0259ri, M\u0259rk\u0259zi Bank qar\u015f\u0131s\u0131nda m\u00fcvafiq i\u015fl\u0259rin h\u0259yata ke\u00e7irilm\u0259si istiqam\u0259tind\u0259 t\u0259l\u0259bl\u0259r qoyulub. \u0130cra\u00e7\u0131lar, y\u0259ni d\u00f6vl\u0259t qurumlar\u0131 h\u0259r\u0259si \u00f6z sah\u0259si \u00fczr\u0259 m\u00fc\u0259yy\u0259n edilmi\u015f vaxt \u00e7\u0259r\u00e7iv\u0259sind\u0259 s\u0259r\u0259ncamda n\u0259z\u0259rd\u0259 tutulan i\u015fl\u0259ri yerin\u0259 yetirm\u0259lidir. Maliyy\u0259-bank sektoru \u00fczr\u0259\u00a0 Maliyy\u0259 Nazirliyi 2020-ci ilin mart\u0131nad\u0259k b\u00fcdc\u0259 x\u0259rcl\u0259rin\u0259 n\u0259zar\u0259tin g\u00fccl\u0259ndirilm\u0259si istiqam\u0259tind\u0259 m\u00fcvafiq t\u0259dbirl\u0259rin g\u00f6r\u00fclm\u0259si \u00fc\u00e7\u00fcn t\u0259klifl\u0259rin t\u0259qdim edilm\u0259sini h\u0259yata ke\u00e7irm\u0259lidir.&hellip;<\/p>\n","protected":false},"author":2,"featured_media":116661,"comment_status":"closed","ping_status":"closed","sticky":false,"template":"","format":"standard","meta":{"om_disable_all_campaigns":false,"_monsterinsights_skip_tracking":false,"_monsterinsights_sitenote_active":false,"_monsterinsights_sitenote_note":"","_monsterinsights_sitenote_category":0},"categories":[19],"tags":[],"aioseo_notices":[],"gutentor_comment":0,"rttpg_featured_image_url":{"full":["https:\/\/arantv.az\/wp-content\/uploads\/2020\/01\/eli_esedov.jpg",800,450,false],"landscape":["https:\/\/arantv.az\/wp-content\/uploads\/2020\/01\/eli_esedov.jpg",800,450,false],"portraits":["https:\/\/arantv.az\/wp-content\/uploads\/2020\/01\/eli_esedov.jpg",800,450,false],"thumbnail":["https:\/\/arantv.az\/wp-content\/uploads\/2020\/01\/eli_esedov-150x150.jpg",150,150,true],"medium":["https:\/\/arantv.az\/wp-content\/uploads\/2020\/01\/eli_esedov-300x169.jpg",300,169,true],"large":["https:\/\/arantv.az\/wp-content\/uploads\/2020\/01\/eli_esedov.jpg",640,360,false],"1536x1536":["https:\/\/arantv.az\/wp-content\/uploads\/2020\/01\/eli_esedov.jpg",800,450,false],"2048x2048":["https:\/\/arantv.az\/wp-content\/uploads\/2020\/01\/eli_esedov.jpg",800,450,false],"post-thumbnail":["https:\/\/arantv.az\/wp-content\/uploads\/2020\/01\/eli_esedov-240x172.jpg",240,172,true],"advps-thumb-one":["https:\/\/arantv.az\/wp-content\/uploads\/2020\/01\/eli_esedov.jpg",800,450,false]},"rttpg_author":{"display_name":"V\u00fcsal Rafiqo\u011flu","author_link":"https:\/\/arantv.az\/?author=2"},"rttpg_comment":0,"rttpg_category":"<a href=\"https:\/\/arantv.az\/?cat=19\" rel=\"category\">G\u00fcnd\u0259m<\/a>","rttpg_excerpt":"Yanvar\u0131n 16-da \u201cAz\u0259rbaycan Respublikas\u0131 Prezidentinin s\u0259drliyi il\u0259 ke\u00e7iril\u0259n 2019-cu ilin yekunlar\u0131na h\u0259sr olunmu\u015f m\u00fc\u015favir\u0259d\u0259n ir\u0259li g\u0259l\u0259n tap\u015f\u0131r\u0131qlar\u0131n icras\u0131n\u0131n t\u0259min edilm\u0259si \u00fczr\u0259 T\u0259dbirl\u0259r Plan\u0131\u201d t\u0259sdiql\u0259nib. Bununla ba\u011fl\u0131 Ba\u015f nazir \u018fli \u018fs\u0259dov m\u00fcvafiq s\u0259r\u0259ncam imzalay\u0131b. ARANTV.AZ-\u0131n m\u0259lumat\u0131na g\u00f6r\u0259, s\u0259r\u0259ncamla nazirlikl\u0259r, d\u00f6vl\u0259t komit\u0259l\u0259ri, M\u0259rk\u0259zi Bank qar\u015f\u0131s\u0131nda m\u00fcvafiq i\u015fl\u0259rin h\u0259yata ke\u00e7irilm\u0259si istiqam\u0259tind\u0259 t\u0259l\u0259bl\u0259r qoyulub. \u0130cra\u00e7\u0131lar, y\u0259ni d\u00f6vl\u0259t qurumlar\u0131 h\u0259r\u0259si&hellip;","_links":{"self":[{"href":"https:\/\/arantv.az\/index.php?rest_route=\/wp\/v2\/posts\/119470"}],"collection":[{"href":"https:\/\/arantv.az\/index.php?rest_route=\/wp\/v2\/posts"}],"about":[{"href":"https:\/\/arantv.az\/index.php?rest_route=\/wp\/v2\/types\/post"}],"author":[{"embeddable":true,"href":"https:\/\/arantv.az\/index.php?rest_route=\/wp\/v2\/users\/2"}],"replies":[{"embeddable":true,"href":"https:\/\/arantv.az\/index.php?rest_route=%2Fwp%2Fv2%2Fcomments&post=119470"}],"version-history":[{"count":0,"href":"https:\/\/arantv.az\/index.php?rest_route=\/wp\/v2\/posts\/119470\/revisions"}],"wp:featuredmedia":[{"embeddable":true,"href":"https:\/\/arantv.az\/index.php?rest_route=\/wp\/v2\/media\/116661"}],"wp:attachment":[{"href":"https:\/\/arantv.az\/index.php?rest_route=%2Fwp%2Fv2%2Fmedia&parent=119470"}],"wp:term":[{"taxonomy":"category","embeddable":true,"href":"https:\/\/arantv.az\/index.php?rest_route=%2Fwp%2Fv2%2Fcategories&post=119470"},{"taxonomy":"post_tag","embeddable":true,"href":"https:\/\/arantv.az\/index.php?rest_route=%2Fwp%2Fv2%2Ftags&post=119470"}],"curies":[{"name":"wp","href":"https:\/\/api.w.org\/{rel}","templated":true}]}}