{"id":119529,"date":"2020-01-17T12:32:01","date_gmt":"2020-01-17T09:32:01","guid":{"rendered":"http:\/\/arantv.az\/?p=119529"},"modified":"2020-01-17T12:32:01","modified_gmt":"2020-01-17T09:32:01","slug":"20-yanvar-umumxalq-huzn-gunudur","status":"publish","type":"post","link":"https:\/\/arantv.az\/?p=119529","title":{"rendered":"20 Yanvar &#8211; \u00dcmumxalq H\u00fczn G\u00fcn\u00fcd\u00fcr"},"content":{"rendered":"<p><strong>Az\u0259rbaycan xalq\u0131n\u0131n q\u0259hr\u0259manl\u0131q s\u0259hif\u0259si olan 20 Yanvar faci\u0259sind\u0259n 30 il \u00f6t\u00fcr. 1990-c\u0131 il yanvar\u0131n 19-dan 20-n\u0259 ke\u00e7\u0259n gec\u0259 ke\u00e7mi\u015f sovet ordusunun h\u0259rbi hiss\u0259l\u0259ri Bak\u0131 \u015f\u0259h\u0259rind\u0259 m\u00fcst\u0259qil d\u00f6vl\u0259t yaratmaq v\u0259 \u00f6z suverenliyini \u0259ld\u0259 etm\u0259k \u00fc\u00e7\u00fcn aya\u011fa qalxan dinc \u0259haliy\u0259 qar\u015f\u0131 misli g\u00f6r\u00fcnm\u0259mi\u015f q\u0259tliam t\u00f6r\u0259dib. Bu qanl\u0131 cinay\u0259t insanlar\u0131n azadl\u0131q e\u015fqini s\u00f6nd\u00fcr\u0259 bilm\u0259yib, xalq\u0131m\u0131z qan\u0131 bahas\u0131na da olsa, \u00f6z d\u00f6vl\u0259t m\u00fcst\u0259qilliyin\u0259 qovu\u015fub.<\/strong><\/p>\n<p><strong>Otuz <\/strong><strong>il \u0259vv\u0259l Az\u0259rbaycan xalq\u0131na qar\u015f\u0131 t\u00f6r\u0259dilmi\u015f cinay\u0259t \u0259slind\u0259 b\u0259\u015f\u0259riyy\u0259t\u0259, humanizm\u0259, insanl\u0131\u011fa qar\u015f\u0131 h\u0259yata ke\u00e7irilmi\u015f d\u0259h\u015f\u0259tli terror akt\u0131d\u0131r. Bu faci\u0259d\u0259 147 Az\u0259rbaycan v\u0259t\u0259nda\u015f\u0131 \u015f\u0259hid olub, 638 n\u0259f\u0259r yaralan\u0131b v\u0259 x\u0259sar\u0259t al\u0131b, 841 n\u0259f\u0259r qanunsuz olaraq h\u0259bs edilib, n\u0259tic\u0259d\u0259 insan h\u00fcquqlar\u0131na dair bir \u00e7ox beyn\u0259lxalq s\u0259n\u0259dl\u0259rin, o c\u00fcml\u0259d\u0259n \u00dcmumd\u00fcnya \u0130nsan H\u00fcquqlar\u0131 B\u0259yannam\u0259sinin t\u0259l\u0259bl\u0259ri kobudcas\u0131na pozulub.<\/strong><\/p>\n<p><strong>Bak\u0131dak\u0131 20 Yanvar hadis\u0259l\u0259rind\u0259n sonra Az\u0259rbaycan\u0131n Moskvadak\u0131 daimi n\u00fcmay\u0259nd\u0259liyin\u0259 g\u0259l\u0259n \u00fcmummilli lider Heyd\u0259r \u018fliyev ke\u00e7irdiyi m\u0259tbuat konfrans\u0131nda bu v\u0259h\u015filiyi k\u0259skin \u015f\u0259kild\u0259 pisl\u0259yib, \u0259liyal\u0131n xalqa qar\u015f\u0131 t\u00f6r\u0259dil\u0259n terroru h\u00fcquqa, demokratiyaya, insanl\u0131\u011fa zidd aksiya adland\u0131r\u0131b. H\u0259l\u0259 sovet imperiyas\u0131n\u0131n m\u00f6vcud oldu\u011fu bir d\u00f6vrd\u0259 Ulu \u00d6nd\u0259rin bu c\u00fcr b\u0259yanatla \u00e7\u0131x\u0131\u015f etm\u0259si bir daha s\u00fcbut etdi ki, siyas\u0259td\u0259 b\u00f6y\u00fck add\u0131mlar\u0131 ancaq dahi \u015f\u0259xsiyy\u0259tl\u0259r at\u0131rlar.<\/strong><\/p>\n<p><strong>V\u0259t\u0259n yolunda \u015f\u0259hidlik \u0259sl qeyr\u0259t, h\u00fcn\u0259r, \u015f\u0259r\u0259f v\u0259 l\u0259yaq\u0259t zirv\u0259sidir. Ulu \u00f6nd\u0259r Heyd\u0259r \u018fliyev 1990-c\u0131 ilin 20 Yanvar gec\u0259si m\u0259hz bel\u0259 bir zirv\u0259ni f\u0259th edib \u0259b\u0259diya\u015farl\u0131q h\u00fcququ qazanan V\u0259t\u0259n o\u011fullar\u0131n\u0131n f\u0259dakarl\u0131\u011f\u0131n\u0131 y\u00fcks\u0259k qiym\u0259tl\u0259ndir\u0259r\u0259k deyib: \u201c20 Yanvar \u015f\u0259hidl\u0259rinin q\u0259hr\u0259manl\u0131\u011f\u0131 Az\u0259rbaycan xalq\u0131 \u00fc\u00e7\u00fcn, Az\u0259rbaycan g\u0259ncl\u0259ri \u00fc\u00e7\u00fcn \u00f6rn\u0259kdir. Az\u0259rbaycan\u0131n bug\u00fcnk\u00fc n\u0259sli d\u0259, g\u0259l\u0259c\u0259k n\u0259sill\u0259ri d\u0259 bu \u015f\u0259hidl\u0259rin q\u0259hr\u0259manl\u0131\u011f\u0131ndan n\u00fcmun\u0259 g\u00f6t\u00fcr\u0259c\u0259kl\u0259r. Az\u0259rbaycan xalq\u0131n\u0131n milli azadl\u0131\u011f\u0131n\u0131 qorumaq \u00fc\u00e7\u00fcn, m\u00fcst\u0259qilliyini qorumaq \u00fc\u00e7\u00fcn daim m\u00fcbariz\u0259d\u0259 olacaqlar. Daim q\u0259hr\u0259manl\u0131q n\u00fcmun\u0259l\u0259ri, v\u0259t\u0259np\u0259rv\u0259rlik n\u00fcmun\u0259l\u0259ri g\u00f6st\u0259r\u0259c\u0259kl\u0259r. Ona g\u00f6r\u0259 d\u0259 bu \u015f\u0259hidl\u0259rin h\u0259lak olmas\u0131 bizim \u00fc\u00e7\u00fcn n\u0259 q\u0259d\u0259r q\u0259m-q\u00fcss\u0259 do\u011furursa, n\u0259 q\u0259d\u0259r a\u011f\u0131r itkidirs\u0259, o q\u0259d\u0259r d\u0259 xalq\u0131m\u0131z \u00fc\u00e7\u00fcn q\u0259hr\u0259manl\u0131q n\u00fcmun\u0259si kimi, \u00f6rn\u0259k kimi bizim milli s\u0259rv\u0259timizdir, milli iftixar\u0131m\u0131zd\u0131r\u201d.<\/strong><\/p>\n<p><strong>\u00dcmummilli lider Heyd\u0259r \u018fliyev \u00f6lk\u0259mizd\u0259 siyasi hakimiyy\u0259t\u0259 qay\u0131td\u0131qdan sonra faci\u0259y\u0259 d\u00f6vl\u0259t s\u0259viyy\u0259sind\u0259 siyasi-h\u00fcquqi qiym\u0259t verilib. Milli M\u0259clisin 1994-c\u00fc ilin fevral\u0131nda ke\u00e7iril\u0259n x\u00fcsusi sessiyas\u0131nda 1990-c\u0131 il yanvar\u0131n 20-d\u0259 g\u00fcnahs\u0131z insanlar\u0131n q\u0259ddarcas\u0131na q\u0259tl\u0259 yetirilm\u0259si h\u0259rbi t\u0259cav\u00fcz v\u0259 cinay\u0259t kimi qiym\u0259tl\u0259ndirilib, m\u00fczakir\u0259l\u0259rin yekunu olaraq h\u0259min ilin mart\u0131nda \u201c1990-c\u0131 il yanvar\u0131n 20-d\u0259 Bak\u0131da t\u00f6r\u0259dilmi\u015f faci\u0259li hadis\u0259l\u0259r haqq\u0131nda\u201d q\u0259rar q\u0259bul edilib.<\/strong><\/p>\n<p><strong>\u201c\u015e\u0259hidl\u0259r \u00f6lm\u00fcr, onlar bizim q\u0259lbimizd\u0259 \u0259b\u0259di ya\u015fay\u0131rlar\u201d, &#8211; dey\u0259n Az\u0259rbaycan Respublikas\u0131n\u0131n Prezidenti \u0130lham \u018fliyev d\u0259 20 Yanvar \u015f\u0259hidl\u0259rinin xatir\u0259sinin \u0259b\u0259dil\u0259\u015fdirilm\u0259si, adlar\u0131n\u0131n uca tutulmas\u0131, o c\u00fcml\u0259d\u0259n onlar\u0131n ail\u0259l\u0259rinin sosial m\u00fcdafi\u0259sinin g\u00fccl\u0259ndirilm\u0259sini daim diqq\u0259t m\u0259rk\u0259zind\u0259 saxlay\u0131r, bu istiqam\u0259td\u0259 m\u00fch\u00fcm t\u0259dbirl\u0259r h\u0259yata ke\u00e7irilir.<\/strong><\/p>\n<p><strong>Milli birlik v\u0259 v\u0259t\u0259np\u0259rv\u0259rliyin simvoluna \u00e7evrilmi\u015f 20 Yanvar faci\u0259si xalq\u0131m\u0131z\u0131n \u00f6z suverenliyi u\u011frunda apard\u0131\u011f\u0131 m\u00fcbariz\u0259nin \u015f\u0259r\u0259fli tarixidir. H\u0259r il faci\u0259nin ild\u00f6n\u00fcm\u00fcnd\u0259 milyonlarla insan paytaxt\u0131n \u0259n y\u00fcks\u0259k n\u00f6qt\u0259sind\u0259 sal\u0131nan \u015e\u0259hidl\u0259r Xiyaban\u0131n\u0131 ziyar\u0259t edir, q\u0259hr\u0259manlar\u0131n\u0131n xatir\u0259sini an\u0131r. \u015e\u0259hidl\u0259rin \u0259ziz xatir\u0259sini d\u0259rin ehtiramla yad ed\u0259rk\u0259n \u00fcmummilli liderimiz Heyd\u0259r \u018fliyevin bu fikirl\u0259ri bir daha yada d\u00fc\u015f\u00fcr: \u201c20 Yanvar faci\u0259sind\u0259 h\u0259lak olanlar xalq q\u0259hr\u0259manlar\u0131d\u0131r, onlar mill\u0259timizin q\u0259hr\u0259manlar\u0131d\u0131r. Onlar\u0131n h\u0259lak olmas\u0131 bizim \u00fc\u00e7\u00fcn, xalq\u0131m\u0131z \u00fc\u00e7\u00fcn b\u00f6y\u00fck itkidir. Ancaq eyni zamanda onlar\u0131n \u015f\u0259hid olmas\u0131 xalq\u0131m\u0131z\u0131n q\u0259hr\u0259manl\u0131q r\u0259mzidir. Onlar\u0131n t\u00f6k\u00fcl\u0259n qan\u0131 b\u00fct\u00fcn xalq\u0131m\u0131z\u0131n qan\u0131d\u0131r. O qan\u0131n h\u0259r damc\u0131s\u0131nda xalq\u0131m\u0131z\u0131n q\u00fcdr\u0259ti, q\u0259hr\u0259manl\u0131\u011f\u0131 var, xalq\u0131m\u0131z\u0131n milli azadl\u0131q, m\u00fcst\u0259qillik arzular\u0131 vard\u0131r. O gec\u0259 t\u00f6k\u00fcl\u0259n qanlar Az\u0259rbaycan\u0131n m\u00fcst\u0259qilliyini n\u00fcmayi\u015f etdir\u0259n milli bayra\u011f\u0131m\u0131z\u0131n \u00fcst\u00fcnd\u0259ki qand\u0131r\u201d.<\/strong><\/p>\n<p><strong>\u00a0<\/strong><\/p>\n<p><strong>Allah \u015f\u0259hidl\u0259rimiz\u0259 r\u0259hm\u0259t el\u0259sin&#8230;<\/strong><\/p>\n<p><strong>\u018ff\u0259ndiyeva M\u0259ftun\u0259 Mustafa q\u0131z\u0131<\/strong><\/p>\n<p><strong>B\u0259rd\u0259 regional ASAN xidm\u0259t m\u0259rk\u0259zind\u0259 \u018fdliyy\u0259 Nazirliyinin Qeydiyyat \u015f\u00f6b\u0259sinin r\u0259isi<\/strong><\/p>\n","protected":false},"excerpt":{"rendered":"<p>Az\u0259rbaycan xalq\u0131n\u0131n q\u0259hr\u0259manl\u0131q s\u0259hif\u0259si olan 20 Yanvar faci\u0259sind\u0259n 30 il \u00f6t\u00fcr. 1990-c\u0131 il yanvar\u0131n 19-dan 20-n\u0259 ke\u00e7\u0259n gec\u0259 ke\u00e7mi\u015f sovet ordusunun h\u0259rbi hiss\u0259l\u0259ri Bak\u0131 \u015f\u0259h\u0259rind\u0259 m\u00fcst\u0259qil d\u00f6vl\u0259t yaratmaq v\u0259 \u00f6z suverenliyini \u0259ld\u0259 etm\u0259k \u00fc\u00e7\u00fcn aya\u011fa qalxan dinc \u0259haliy\u0259 qar\u015f\u0131 misli g\u00f6r\u00fcnm\u0259mi\u015f q\u0259tliam t\u00f6r\u0259dib. Bu qanl\u0131 cinay\u0259t insanlar\u0131n azadl\u0131q e\u015fqini s\u00f6nd\u00fcr\u0259 bilm\u0259yib, xalq\u0131m\u0131z qan\u0131 bahas\u0131na da olsa, \u00f6z d\u00f6vl\u0259t m\u00fcst\u0259qilliyin\u0259 qovu\u015fub. Otuz il \u0259vv\u0259l Az\u0259rbaycan xalq\u0131na qar\u015f\u0131 t\u00f6r\u0259dilmi\u015f cinay\u0259t \u0259slind\u0259 b\u0259\u015f\u0259riyy\u0259t\u0259, humanizm\u0259, insanl\u0131\u011fa qar\u015f\u0131 h\u0259yata ke\u00e7irilmi\u015f d\u0259h\u015f\u0259tli terror akt\u0131d\u0131r. Bu faci\u0259d\u0259 147 Az\u0259rbaycan v\u0259t\u0259nda\u015f\u0131 \u015f\u0259hid olub, 638 n\u0259f\u0259r yaralan\u0131b v\u0259 x\u0259sar\u0259t&hellip;<\/p>\n","protected":false},"author":2,"featured_media":119530,"comment_status":"closed","ping_status":"closed","sticky":false,"template":"","format":"standard","meta":{"om_disable_all_campaigns":false,"_monsterinsights_skip_tracking":false,"_monsterinsights_sitenote_active":false,"_monsterinsights_sitenote_note":"","_monsterinsights_sitenote_category":0},"categories":[1],"tags":[],"aioseo_notices":[],"gutentor_comment":0,"rttpg_featured_image_url":{"full":["https:\/\/arantv.az\/wp-content\/uploads\/2020\/01\/83007244_869850570152845_910249689104777216_n.jpg",712,960,false],"landscape":["https:\/\/arantv.az\/wp-content\/uploads\/2020\/01\/83007244_869850570152845_910249689104777216_n.jpg",712,960,false],"portraits":["https:\/\/arantv.az\/wp-content\/uploads\/2020\/01\/83007244_869850570152845_910249689104777216_n.jpg",712,960,false],"thumbnail":["https:\/\/arantv.az\/wp-content\/uploads\/2020\/01\/83007244_869850570152845_910249689104777216_n-150x150.jpg",150,150,true],"medium":["https:\/\/arantv.az\/wp-content\/uploads\/2020\/01\/83007244_869850570152845_910249689104777216_n-223x300.jpg",223,300,true],"large":["https:\/\/arantv.az\/wp-content\/uploads\/2020\/01\/83007244_869850570152845_910249689104777216_n.jpg",623,840,false],"1536x1536":["https:\/\/arantv.az\/wp-content\/uploads\/2020\/01\/83007244_869850570152845_910249689104777216_n.jpg",712,960,false],"2048x2048":["https:\/\/arantv.az\/wp-content\/uploads\/2020\/01\/83007244_869850570152845_910249689104777216_n.jpg",712,960,false],"post-thumbnail":["https:\/\/arantv.az\/wp-content\/uploads\/2020\/01\/83007244_869850570152845_910249689104777216_n-240x172.jpg",240,172,true],"advps-thumb-one":["https:\/\/arantv.az\/wp-content\/uploads\/2020\/01\/83007244_869850570152845_910249689104777216_n-712x620.jpg",712,620,true]},"rttpg_author":{"display_name":"V\u00fcsal Rafiqo\u011flu","author_link":"https:\/\/arantv.az\/?author=2"},"rttpg_comment":0,"rttpg_category":"<a href=\"https:\/\/arantv.az\/?cat=1\" rel=\"category\">C\u0259miyy\u0259t<\/a>","rttpg_excerpt":"Az\u0259rbaycan xalq\u0131n\u0131n q\u0259hr\u0259manl\u0131q s\u0259hif\u0259si olan 20 Yanvar faci\u0259sind\u0259n 30 il \u00f6t\u00fcr. 1990-c\u0131 il yanvar\u0131n 19-dan 20-n\u0259 ke\u00e7\u0259n gec\u0259 ke\u00e7mi\u015f sovet ordusunun h\u0259rbi hiss\u0259l\u0259ri Bak\u0131 \u015f\u0259h\u0259rind\u0259 m\u00fcst\u0259qil d\u00f6vl\u0259t yaratmaq v\u0259 \u00f6z suverenliyini \u0259ld\u0259 etm\u0259k \u00fc\u00e7\u00fcn aya\u011fa qalxan dinc \u0259haliy\u0259 qar\u015f\u0131 misli g\u00f6r\u00fcnm\u0259mi\u015f q\u0259tliam t\u00f6r\u0259dib. Bu qanl\u0131 cinay\u0259t insanlar\u0131n azadl\u0131q e\u015fqini s\u00f6nd\u00fcr\u0259 bilm\u0259yib, xalq\u0131m\u0131z qan\u0131 bahas\u0131na da&hellip;","_links":{"self":[{"href":"https:\/\/arantv.az\/index.php?rest_route=\/wp\/v2\/posts\/119529"}],"collection":[{"href":"https:\/\/arantv.az\/index.php?rest_route=\/wp\/v2\/posts"}],"about":[{"href":"https:\/\/arantv.az\/index.php?rest_route=\/wp\/v2\/types\/post"}],"author":[{"embeddable":true,"href":"https:\/\/arantv.az\/index.php?rest_route=\/wp\/v2\/users\/2"}],"replies":[{"embeddable":true,"href":"https:\/\/arantv.az\/index.php?rest_route=%2Fwp%2Fv2%2Fcomments&post=119529"}],"version-history":[{"count":0,"href":"https:\/\/arantv.az\/index.php?rest_route=\/wp\/v2\/posts\/119529\/revisions"}],"wp:featuredmedia":[{"embeddable":true,"href":"https:\/\/arantv.az\/index.php?rest_route=\/wp\/v2\/media\/119530"}],"wp:attachment":[{"href":"https:\/\/arantv.az\/index.php?rest_route=%2Fwp%2Fv2%2Fmedia&parent=119529"}],"wp:term":[{"taxonomy":"category","embeddable":true,"href":"https:\/\/arantv.az\/index.php?rest_route=%2Fwp%2Fv2%2Fcategories&post=119529"},{"taxonomy":"post_tag","embeddable":true,"href":"https:\/\/arantv.az\/index.php?rest_route=%2Fwp%2Fv2%2Ftags&post=119529"}],"curies":[{"name":"wp","href":"https:\/\/api.w.org\/{rel}","templated":true}]}}