{"id":119541,"date":"2020-01-17T12:43:06","date_gmt":"2020-01-17T09:43:06","guid":{"rendered":"http:\/\/arantv.az\/?p=119541"},"modified":"2020-01-17T12:43:06","modified_gmt":"2020-01-17T09:43:06","slug":"niderlandda-turizm-s%c9%99rgisind%c9%99-erm%c9%99ni-t%c9%99xribatinin-qarsisi-alindi-foto","status":"publish","type":"post","link":"https:\/\/arantv.az\/?p=119541","title":{"rendered":"Niderlandda turizm s\u0259rgisind\u0259 erm\u0259ni t\u0259xribat\u0131n\u0131n qar\u015f\u0131s\u0131 al\u0131nd\u0131 &#8211; FOTO"},"content":{"rendered":"<p>Niderland\u0131n Utrext \u015f\u0259h\u0259rind\u0259 yerl\u0259\u015f\u0259n Yaarbeurs beyn\u0259lxalq s\u0259rgi kompleksind\u0259 \u0259n\u0259n\u0259vi turizm s\u0259rgisi t\u0259\u015fkil edilib v\u0259 s\u0259rgid\u0259 Erm\u0259nistan\u0131 3, G\u00fcrc\u00fcstan\u0131 8 turizm \u015firk\u0259ti t\u0259msil edib.<\/p>\n<p>Bu bar\u0259d\u0259 Diasporla \u0130\u015f \u00fczr\u0259 D\u00f6vl\u0259t Komit\u0259si m\u0259lumat verilib.<\/p>\n<p>Niderland-Bel\u00e7ika Az\u0259rbaycanl\u0131lar\u0131 Koordinasiya \u015euras\u0131n\u0131n \u0259laq\u0259l\u0259ndiricisi Emil \u018fliyev s\u0259rgi il\u0259 tan\u0131\u015fl\u0131q zaman\u0131 n\u00fcmayi\u015f olunan materiallarda Az\u0259rbaycan\u0131n \u0259razi b\u00fct\u00f6vl\u00fcy\u00fcn\u0259 qar\u015f\u0131 t\u0259xribat hallar\u0131n\u0131n oldu\u011funu m\u00fc\u015fahid\u0259 edib.<\/p>\n<div id=\"AdviadNativeVideo0\" class=\"AdviadNativeVideo\"><\/div>\n<p>Erm\u0259nistan\u0131 t\u0259msil ed\u0259n turizm \u015firk\u0259tl\u0259rinin t\u0259qdim etdikl\u0259ri bukletl\u0259rd\u0259, eyni zamanda G\u00fcrc\u00fcstan GroosCom Travel v\u0259 Niderland Krall\u0131\u011f\u0131n\u0131n Kaukasus Reisen Plus turizm \u015firk\u0259tl\u0259rinin t\u0259bli\u011fat materiallar\u0131nda Az\u0259rbaycan\u0131n i\u015fqal olunmu\u015f \u0259razil\u0259ri il\u0259 ba\u011fl\u0131 yanl\u0131\u015f informasiyalar yer al\u0131b.<\/p>\n<p>S\u0259rgid\u0259 G\u00fcrc\u00fcstan v\u0259 Niderland Krall\u0131\u011f\u0131n\u0131n turizm \u015firk\u0259tl\u0259ri i\u015f\u011fal alt\u0131nda olan Az\u0259rbaycan torpaqlar\u0131n\u0131n ba\u015fqa r\u0259nql\u0259 g\u00f6st\u0259rildiyi, h\u0259min \u0259razil\u0259rin \u201cNagorno Krabakh Republic\u201d v\u0259 \u201cArtsakh\u201d kimi qeyd olundu\u011fu x\u0259rit\u0259l\u0259rd\u0259n istifad\u0259 edibl\u0259r.<\/p>\n<p>\u201cT\u0259xribat \u0259m\u0259li m\u00fcbahis\u0259y\u0259 s\u0259b\u0259b olub v\u0259 Emil \u018fliyev t\u0259l\u0259b edib ki, x\u0259rit\u0259l\u0259r v\u0259 bukletl\u0259r d\u0259rhal s\u0259rgid\u0259n y\u0131\u011f\u0131\u015fd\u0131r\u0131ls\u0131n. Onun bu t\u0259klifi ciddi etirazla qar\u015f\u0131lan\u0131b, h\u0259tta m\u00fcbahis\u0259 zaman\u0131 \u015firk\u0259t n\u00fcmay\u0259nd\u0259l\u0259ri soyda\u015f\u0131m\u0131za fiziki t\u0259zyiq g\u00f6st\u0259rib, onu stendd\u0259n uzaqla\u015fd\u0131rma\u011fa c\u0259hd edibl\u0259r.<\/p>\n<p>G\u00fcrc\u00fcstan turizm \u015firk\u0259tl\u0259rinin t\u0259msil\u00e7il\u0259ri guya s\u0259rgi \u00fc\u00e7\u00fcn ba\u015fqa x\u0259rit\u0259 \u0259ld\u0259 ed\u0259 bilm\u0259dikl\u0259rind\u0259n bu x\u0259rit\u0259d\u0259n istifad\u0259 etdikl\u0259rini v\u0259 yaln\u0131z s\u0259rgi salonunun r\u0259hb\u0259rliyi t\u0259limat vers\u0259, h\u0259r hans\u0131 qada\u011fa mexanizmi olsa, x\u0259rit\u0259ni y\u0131\u011f\u0131\u015fd\u0131racaqlar\u0131n\u0131 bildiribl\u0259r.<\/p>\n<p>Emil \u018fliyev d\u0259f\u0259l\u0259rl\u0259 t\u0259\u015fkilat\u00e7\u0131larla g\u00f6r\u00fc\u015f\u00fcb v\u0259 onun ciddi s\u0259yi, t\u0259kidi t\u0259xribat xarakterli materiallar\u0131n s\u0259rgid\u0259n y\u0131\u011f\u0131\u015fd\u0131r\u0131lmas\u0131 il\u0259 n\u0259tic\u0259l\u0259nib.<\/p>\n<p>O t\u0259\u015fkilat\u00e7\u0131lara bildirib ki, yanvar\u0131n 19-d\u0259k s\u0259rgiy\u0259 g\u00fcnd\u0259lik n\u0259zar\u0259t ed\u0259c\u0259yik v\u0259 israrla t\u0259l\u0259b edirik ki, t\u0259xribat elementl\u0259ri da\u015f\u0131yan x\u0259rit\u0259 v\u0259 bukletl\u0259r yenid\u0259n istifad\u0259 olunmas\u0131n\u201c, &#8211; D\u00f6vl\u0259t Komit\u0259sind\u0259n bildirilib.<\/p>\n<div class=\"gallery\">\n<div class=\"gallery-i\"><img src=\"https:\/\/assets.oxu.az\/uploads\/W1siZiIsIjIwMjAvMDEvMTcvMTMvMjkvNDYvZDkxZTg4OTQtZjJhMy00NmFjLWEyZTMtODk3YjRkYzk1ZDI1LzEuanBnIl0sWyJwIiwiZW5jb2RlIiwianBnIiwiLXF1YWxpdHkgODAiXSxbInAiLCJ0aHVtYiIsIjU5MHg1OTBcdTAwM2UiXV0?sha=83f5fd92d4690c19\" alt=\"\" \/><\/p>\n<div class=\"gallery-i-caption\"><\/div>\n<\/div>\n<div class=\"gallery-i\"><img src=\"https:\/\/assets.oxu.az\/uploads\/W1siZiIsIjIwMjAvMDEvMTcvMTMvMjkvNDYvNDE5ZWVhMmItYzA1ZC00NjhmLThjYWUtMzQ3NGUxOGY1YjA2LzIuanBnIl0sWyJwIiwiZW5jb2RlIiwianBnIiwiLXF1YWxpdHkgODAiXSxbInAiLCJ0aHVtYiIsIjU5MHg1OTBcdTAwM2UiXV0?sha=9ef18325fe64ecbe\" alt=\"\" \/><\/p>\n<div class=\"gallery-i-caption\"><\/div>\n<\/div>\n<div class=\"gallery-i\"><img src=\"https:\/\/assets.oxu.az\/uploads\/W1siZiIsIjIwMjAvMDEvMTcvMTMvMjkvNDYvZDI2YzU2ZjEtNGJhZi00MTc4LWFlMTQtYWRhNmYzODRkZmEyLzQuanBnIl0sWyJwIiwiZW5jb2RlIiwianBnIiwiLXF1YWxpdHkgODAiXSxbInAiLCJ0aHVtYiIsIjU5MHg1OTBcdTAwM2UiXV0?sha=b799b7e635f125fe\" alt=\"\" \/><\/p>\n<div class=\"gallery-i-caption\"><\/div>\n<\/div>\n<div class=\"gallery-i\"><img src=\"https:\/\/assets.oxu.az\/uploads\/W1siZiIsIjIwMjAvMDEvMTcvMTMvMjkvNDYvMTYyZjVlZjItNGYyNC00NGYwLWEwMmYtYmFhNDQyNzcwZDQzLzUuanBnIl0sWyJwIiwiZW5jb2RlIiwianBnIiwiLXF1YWxpdHkgODAiXSxbInAiLCJ0aHVtYiIsIjU5MHg1OTBcdTAwM2UiXV0?sha=47dfad4029cdfc49\" alt=\"\" \/><\/div>\n<\/div>\n","protected":false},"excerpt":{"rendered":"<p>Niderland\u0131n Utrext \u015f\u0259h\u0259rind\u0259 yerl\u0259\u015f\u0259n Yaarbeurs beyn\u0259lxalq s\u0259rgi kompleksind\u0259 \u0259n\u0259n\u0259vi turizm s\u0259rgisi t\u0259\u015fkil edilib v\u0259 s\u0259rgid\u0259 Erm\u0259nistan\u0131 3, G\u00fcrc\u00fcstan\u0131 8 turizm \u015firk\u0259ti t\u0259msil edib. Bu bar\u0259d\u0259 Diasporla \u0130\u015f \u00fczr\u0259 D\u00f6vl\u0259t Komit\u0259si m\u0259lumat verilib. Niderland-Bel\u00e7ika Az\u0259rbaycanl\u0131lar\u0131 Koordinasiya \u015euras\u0131n\u0131n \u0259laq\u0259l\u0259ndiricisi Emil \u018fliyev s\u0259rgi il\u0259 tan\u0131\u015fl\u0131q zaman\u0131 n\u00fcmayi\u015f olunan materiallarda Az\u0259rbaycan\u0131n \u0259razi b\u00fct\u00f6vl\u00fcy\u00fcn\u0259 qar\u015f\u0131 t\u0259xribat hallar\u0131n\u0131n oldu\u011funu m\u00fc\u015fahid\u0259 edib. Erm\u0259nistan\u0131 t\u0259msil ed\u0259n turizm \u015firk\u0259tl\u0259rinin t\u0259qdim etdikl\u0259ri bukletl\u0259rd\u0259, eyni zamanda G\u00fcrc\u00fcstan GroosCom Travel v\u0259 Niderland Krall\u0131\u011f\u0131n\u0131n Kaukasus Reisen Plus turizm \u015firk\u0259tl\u0259rinin t\u0259bli\u011fat materiallar\u0131nda Az\u0259rbaycan\u0131n i\u015fqal olunmu\u015f \u0259razil\u0259ri il\u0259 ba\u011fl\u0131 yanl\u0131\u015f informasiyalar yer al\u0131b. S\u0259rgid\u0259 G\u00fcrc\u00fcstan&hellip;<\/p>\n","protected":false},"author":2,"featured_media":119542,"comment_status":"closed","ping_status":"closed","sticky":false,"template":"","format":"standard","meta":{"om_disable_all_campaigns":false,"_monsterinsights_skip_tracking":false,"_monsterinsights_sitenote_active":false,"_monsterinsights_sitenote_note":"","_monsterinsights_sitenote_category":0},"categories":[1],"tags":[],"aioseo_notices":[],"gutentor_comment":0,"rttpg_featured_image_url":{"full":["https:\/\/arantv.az\/wp-content\/uploads\/2020\/01\/3.jpg",620,426,false],"landscape":["https:\/\/arantv.az\/wp-content\/uploads\/2020\/01\/3.jpg",620,426,false],"portraits":["https:\/\/arantv.az\/wp-content\/uploads\/2020\/01\/3.jpg",620,426,false],"thumbnail":["https:\/\/arantv.az\/wp-content\/uploads\/2020\/01\/3-150x150.jpg",150,150,true],"medium":["https:\/\/arantv.az\/wp-content\/uploads\/2020\/01\/3-300x206.jpg",300,206,true],"large":["https:\/\/arantv.az\/wp-content\/uploads\/2020\/01\/3.jpg",620,426,false],"1536x1536":["https:\/\/arantv.az\/wp-content\/uploads\/2020\/01\/3.jpg",620,426,false],"2048x2048":["https:\/\/arantv.az\/wp-content\/uploads\/2020\/01\/3.jpg",620,426,false],"post-thumbnail":["https:\/\/arantv.az\/wp-content\/uploads\/2020\/01\/3-240x172.jpg",240,172,true],"advps-thumb-one":["https:\/\/arantv.az\/wp-content\/uploads\/2020\/01\/3.jpg",620,426,false]},"rttpg_author":{"display_name":"V\u00fcsal Rafiqo\u011flu","author_link":"https:\/\/arantv.az\/?author=2"},"rttpg_comment":0,"rttpg_category":"<a href=\"https:\/\/arantv.az\/?cat=1\" rel=\"category\">C\u0259miyy\u0259t<\/a>","rttpg_excerpt":"Niderland\u0131n Utrext \u015f\u0259h\u0259rind\u0259 yerl\u0259\u015f\u0259n Yaarbeurs beyn\u0259lxalq s\u0259rgi kompleksind\u0259 \u0259n\u0259n\u0259vi turizm s\u0259rgisi t\u0259\u015fkil edilib v\u0259 s\u0259rgid\u0259 Erm\u0259nistan\u0131 3, G\u00fcrc\u00fcstan\u0131 8 turizm \u015firk\u0259ti t\u0259msil edib. Bu bar\u0259d\u0259 Diasporla \u0130\u015f \u00fczr\u0259 D\u00f6vl\u0259t Komit\u0259si m\u0259lumat verilib. Niderland-Bel\u00e7ika Az\u0259rbaycanl\u0131lar\u0131 Koordinasiya \u015euras\u0131n\u0131n \u0259laq\u0259l\u0259ndiricisi Emil \u018fliyev s\u0259rgi il\u0259 tan\u0131\u015fl\u0131q zaman\u0131 n\u00fcmayi\u015f olunan materiallarda Az\u0259rbaycan\u0131n \u0259razi b\u00fct\u00f6vl\u00fcy\u00fcn\u0259 qar\u015f\u0131 t\u0259xribat hallar\u0131n\u0131n oldu\u011funu m\u00fc\u015fahid\u0259 edib.&hellip;","_links":{"self":[{"href":"https:\/\/arantv.az\/index.php?rest_route=\/wp\/v2\/posts\/119541"}],"collection":[{"href":"https:\/\/arantv.az\/index.php?rest_route=\/wp\/v2\/posts"}],"about":[{"href":"https:\/\/arantv.az\/index.php?rest_route=\/wp\/v2\/types\/post"}],"author":[{"embeddable":true,"href":"https:\/\/arantv.az\/index.php?rest_route=\/wp\/v2\/users\/2"}],"replies":[{"embeddable":true,"href":"https:\/\/arantv.az\/index.php?rest_route=%2Fwp%2Fv2%2Fcomments&post=119541"}],"version-history":[{"count":0,"href":"https:\/\/arantv.az\/index.php?rest_route=\/wp\/v2\/posts\/119541\/revisions"}],"wp:featuredmedia":[{"embeddable":true,"href":"https:\/\/arantv.az\/index.php?rest_route=\/wp\/v2\/media\/119542"}],"wp:attachment":[{"href":"https:\/\/arantv.az\/index.php?rest_route=%2Fwp%2Fv2%2Fmedia&parent=119541"}],"wp:term":[{"taxonomy":"category","embeddable":true,"href":"https:\/\/arantv.az\/index.php?rest_route=%2Fwp%2Fv2%2Fcategories&post=119541"},{"taxonomy":"post_tag","embeddable":true,"href":"https:\/\/arantv.az\/index.php?rest_route=%2Fwp%2Fv2%2Ftags&post=119541"}],"curies":[{"name":"wp","href":"https:\/\/api.w.org\/{rel}","templated":true}]}}