{"id":119878,"date":"2020-01-18T11:17:07","date_gmt":"2020-01-18T08:17:07","guid":{"rendered":"http:\/\/arantv.az\/?p=119878"},"modified":"2020-01-18T11:17:07","modified_gmt":"2020-01-18T08:17:07","slug":"arvadi-il%c9%99-mubahis%c9%99-ed%c9%99n-kisi-onu-magistral-yolda-qoydu-avtomobil-vurub-oldurdu","status":"publish","type":"post","link":"https:\/\/arantv.az\/?p=119878","title":{"rendered":"Arvad\u0131 il\u0259 m\u00fcbahis\u0259 ed\u0259n ki\u015fi onu magistral yolda qoydu, avtomobil vurub \u00f6ld\u00fcrd\u00fc"},"content":{"rendered":"<p>Rusiyan\u0131n Ural Federal Dair\u0259sind\u0259 taksid\u0259 arvad\u0131 il\u0259 m\u00fcbahis\u0259 ed\u0259n ki\u015fi s\u00fcr\u00fcc\u00fcd\u0259n onu yolun ortas\u0131nda d\u00fc\u015f\u00fcrm\u0259sini ist\u0259yib.<\/p>\n<p>E1.ru-nun x\u0259b\u0259rin\u0259 g\u00f6r\u0259, magistral yolun ortas\u0131nda taksid\u0259n d\u00fc\u015fm\u0259y\u0259 m\u0259cbur edil\u0259n 38 ya\u015fl\u0131 qad\u0131n\u0131 avtomobil vurub.<\/p>\n<p>\u018frazid\u0259n 100 metr m\u0259saf\u0259d\u0259 uzaqla\u015fan taksi s\u00fcr\u00fcc\u00fcs\u00fc avtomobilin g\u00fczg\u00fcs\u00fcnd\u0259n qad\u0131n\u0131 yolun ortas\u0131nda uzanm\u0131\u015f v\u0259ziyy\u0259t\u0259 g\u00f6r\u00fcb.<\/p>\n<p>S\u00fcr\u00fcc\u00fc v\u0259 \u0259ri avtomobill\u0259 geri qay\u0131danda qad\u0131n\u0131 avtomobil vurdu\u011funu bilibl\u0259r.<\/p>\n<p>T\u0259cili yard\u0131m g\u0259l\u0259n\u0259 q\u0259d\u0259r qad\u0131n \u00f6l\u00fcb.<\/p>\n","protected":false},"excerpt":{"rendered":"<p>Rusiyan\u0131n Ural Federal Dair\u0259sind\u0259 taksid\u0259 arvad\u0131 il\u0259 m\u00fcbahis\u0259 ed\u0259n ki\u015fi s\u00fcr\u00fcc\u00fcd\u0259n onu yolun ortas\u0131nda d\u00fc\u015f\u00fcrm\u0259sini ist\u0259yib. E1.ru-nun x\u0259b\u0259rin\u0259 g\u00f6r\u0259, magistral yolun ortas\u0131nda taksid\u0259n d\u00fc\u015fm\u0259y\u0259 m\u0259cbur edil\u0259n 38 ya\u015fl\u0131 qad\u0131n\u0131 avtomobil vurub. \u018frazid\u0259n 100 metr m\u0259saf\u0259d\u0259 uzaqla\u015fan taksi s\u00fcr\u00fcc\u00fcs\u00fc avtomobilin g\u00fczg\u00fcs\u00fcnd\u0259n qad\u0131n\u0131 yolun ortas\u0131nda uzanm\u0131\u015f v\u0259ziyy\u0259t\u0259 g\u00f6r\u00fcb. S\u00fcr\u00fcc\u00fc v\u0259 \u0259ri avtomobill\u0259 geri qay\u0131danda qad\u0131n\u0131 avtomobil vurdu\u011funu bilibl\u0259r. T\u0259cili yard\u0131m g\u0259l\u0259n\u0259 q\u0259d\u0259r qad\u0131n \u00f6l\u00fcb.<\/p>\n","protected":false},"author":2,"featured_media":119879,"comment_status":"closed","ping_status":"closed","sticky":false,"template":"","format":"standard","meta":{"om_disable_all_campaigns":false,"_monsterinsights_skip_tracking":false,"_monsterinsights_sitenote_active":false,"_monsterinsights_sitenote_note":"","_monsterinsights_sitenote_category":0},"categories":[7],"tags":[],"aioseo_notices":[],"gutentor_comment":0,"rttpg_featured_image_url":{"full":["https:\/\/arantv.az\/wp-content\/uploads\/2020\/01\/1578569830_1578568603860_ihonnwjq.jpg",620,331,false],"landscape":["https:\/\/arantv.az\/wp-content\/uploads\/2020\/01\/1578569830_1578568603860_ihonnwjq.jpg",620,331,false],"portraits":["https:\/\/arantv.az\/wp-content\/uploads\/2020\/01\/1578569830_1578568603860_ihonnwjq.jpg",620,331,false],"thumbnail":["https:\/\/arantv.az\/wp-content\/uploads\/2020\/01\/1578569830_1578568603860_ihonnwjq-150x150.jpg",150,150,true],"medium":["https:\/\/arantv.az\/wp-content\/uploads\/2020\/01\/1578569830_1578568603860_ihonnwjq-300x160.jpg",300,160,true],"large":["https:\/\/arantv.az\/wp-content\/uploads\/2020\/01\/1578569830_1578568603860_ihonnwjq.jpg",620,331,false],"1536x1536":["https:\/\/arantv.az\/wp-content\/uploads\/2020\/01\/1578569830_1578568603860_ihonnwjq.jpg",620,331,false],"2048x2048":["https:\/\/arantv.az\/wp-content\/uploads\/2020\/01\/1578569830_1578568603860_ihonnwjq.jpg",620,331,false],"post-thumbnail":["https:\/\/arantv.az\/wp-content\/uploads\/2020\/01\/1578569830_1578568603860_ihonnwjq-240x172.jpg",240,172,true],"advps-thumb-one":["https:\/\/arantv.az\/wp-content\/uploads\/2020\/01\/1578569830_1578568603860_ihonnwjq.jpg",620,331,false]},"rttpg_author":{"display_name":"V\u00fcsal Rafiqo\u011flu","author_link":"https:\/\/arantv.az\/?author=2"},"rttpg_comment":0,"rttpg_category":"<a href=\"https:\/\/arantv.az\/?cat=7\" rel=\"category\">D\u00fcnya<\/a>","rttpg_excerpt":"Rusiyan\u0131n Ural Federal Dair\u0259sind\u0259 taksid\u0259 arvad\u0131 il\u0259 m\u00fcbahis\u0259 ed\u0259n ki\u015fi s\u00fcr\u00fcc\u00fcd\u0259n onu yolun ortas\u0131nda d\u00fc\u015f\u00fcrm\u0259sini ist\u0259yib. E1.ru-nun x\u0259b\u0259rin\u0259 g\u00f6r\u0259, magistral yolun ortas\u0131nda taksid\u0259n d\u00fc\u015fm\u0259y\u0259 m\u0259cbur edil\u0259n 38 ya\u015fl\u0131 qad\u0131n\u0131 avtomobil vurub. \u018frazid\u0259n 100 metr m\u0259saf\u0259d\u0259 uzaqla\u015fan taksi s\u00fcr\u00fcc\u00fcs\u00fc avtomobilin g\u00fczg\u00fcs\u00fcnd\u0259n qad\u0131n\u0131 yolun ortas\u0131nda uzanm\u0131\u015f v\u0259ziyy\u0259t\u0259 g\u00f6r\u00fcb. S\u00fcr\u00fcc\u00fc v\u0259 \u0259ri avtomobill\u0259 geri qay\u0131danda qad\u0131n\u0131 avtomobil vurdu\u011funu&hellip;","_links":{"self":[{"href":"https:\/\/arantv.az\/index.php?rest_route=\/wp\/v2\/posts\/119878"}],"collection":[{"href":"https:\/\/arantv.az\/index.php?rest_route=\/wp\/v2\/posts"}],"about":[{"href":"https:\/\/arantv.az\/index.php?rest_route=\/wp\/v2\/types\/post"}],"author":[{"embeddable":true,"href":"https:\/\/arantv.az\/index.php?rest_route=\/wp\/v2\/users\/2"}],"replies":[{"embeddable":true,"href":"https:\/\/arantv.az\/index.php?rest_route=%2Fwp%2Fv2%2Fcomments&post=119878"}],"version-history":[{"count":0,"href":"https:\/\/arantv.az\/index.php?rest_route=\/wp\/v2\/posts\/119878\/revisions"}],"wp:featuredmedia":[{"embeddable":true,"href":"https:\/\/arantv.az\/index.php?rest_route=\/wp\/v2\/media\/119879"}],"wp:attachment":[{"href":"https:\/\/arantv.az\/index.php?rest_route=%2Fwp%2Fv2%2Fmedia&parent=119878"}],"wp:term":[{"taxonomy":"category","embeddable":true,"href":"https:\/\/arantv.az\/index.php?rest_route=%2Fwp%2Fv2%2Fcategories&post=119878"},{"taxonomy":"post_tag","embeddable":true,"href":"https:\/\/arantv.az\/index.php?rest_route=%2Fwp%2Fv2%2Ftags&post=119878"}],"curies":[{"name":"wp","href":"https:\/\/api.w.org\/{rel}","templated":true}]}}