{"id":119882,"date":"2020-01-18T11:27:58","date_gmt":"2020-01-18T08:27:58","guid":{"rendered":"http:\/\/arantv.az\/?p=119882"},"modified":"2020-01-18T11:27:58","modified_gmt":"2020-01-18T08:27:58","slug":"nazarbayev-x%c9%99z%c9%99rl%c9%99-qara-d%c9%99nizi-birl%c9%99sdirm%c9%99k-ist%c9%99yir","status":"publish","type":"post","link":"https:\/\/arantv.az\/?p=119882","title":{"rendered":"Nazarbayev X\u0259z\u0259rl\u0259 Qara d\u0259nizi birl\u0259\u015fdirm\u0259k ist\u0259yir"},"content":{"rendered":"<p>Qazax\u0131stan\u0131n \u00f6m\u00fcrl\u00fck \u00fcmummilli lideri olaraq qalan Nursultan Nazarbayev Qazax\u0131stan\u0131n Avrasiya \u0130qtisadi Birliyi \u00f6lk\u0259l\u0259rini (A\u0130B) Qara v\u0259 X\u0259z\u0259r d\u0259nizl\u0259ri aras\u0131nda n\u0259qliyyat kanal\u0131n\u0131n qurulmas\u0131 imkanlar\u0131n\u0131 n\u0259z\u0259rd\u0259n ke\u00e7irm\u0259y\u0259 d\u0259v\u0259t edib.<\/p>\n<p>Bu bar\u0259d\u0259 \u201cHaber7\u201d m\u0259lumat verib.<\/p>\n<div id=\"AdviadNativeVideo0\" class=\"AdviadNativeVideo\"><\/div>\n<p>\u201cQara d\u0259niz v\u0259 X\u0259z\u0259r d\u0259nizl\u0259rini su yollar\u0131 il\u0259 birl\u0259\u015fdir\u0259c\u0259k Avrasiya g\u0259mi kanal\u0131n\u0131n in\u015fas\u0131 perspektivli bir layih\u0259 ola bil\u0259r\u201d, &#8211; dey\u0259 Nazarbayev vur\u011fulay\u0131b.<\/p>\n<p>Bundan \u0259lav\u0259, Nazarbayev Rusiya il\u0259 Qazax\u0131stan \u0259razisind\u0259n ke\u00e7\u0259r\u0259k Avropan\u0131 Asiya il\u0259 birl\u0259\u015fdir\u0259c\u0259k y\u00fcks\u0259k s\u00fcr\u0259tli avtomobil yolunun in\u015fas\u0131n\u0131n m\u00fcmk\u00fcnl\u00fcy\u00fcn\u00fc ara\u015fd\u0131rma\u011f\u0131 t\u0259klif edib.<\/p>\n","protected":false},"excerpt":{"rendered":"<p>Qazax\u0131stan\u0131n \u00f6m\u00fcrl\u00fck \u00fcmummilli lideri olaraq qalan Nursultan Nazarbayev Qazax\u0131stan\u0131n Avrasiya \u0130qtisadi Birliyi \u00f6lk\u0259l\u0259rini (A\u0130B) Qara v\u0259 X\u0259z\u0259r d\u0259nizl\u0259ri aras\u0131nda n\u0259qliyyat kanal\u0131n\u0131n qurulmas\u0131 imkanlar\u0131n\u0131 n\u0259z\u0259rd\u0259n ke\u00e7irm\u0259y\u0259 d\u0259v\u0259t edib. Bu bar\u0259d\u0259 \u201cHaber7\u201d m\u0259lumat verib. \u201cQara d\u0259niz v\u0259 X\u0259z\u0259r d\u0259nizl\u0259rini su yollar\u0131 il\u0259 birl\u0259\u015fdir\u0259c\u0259k Avrasiya g\u0259mi kanal\u0131n\u0131n in\u015fas\u0131 perspektivli bir layih\u0259 ola bil\u0259r\u201d, &#8211; dey\u0259 Nazarbayev vur\u011fulay\u0131b. Bundan \u0259lav\u0259, Nazarbayev Rusiya il\u0259 Qazax\u0131stan \u0259razisind\u0259n ke\u00e7\u0259r\u0259k Avropan\u0131 Asiya il\u0259 birl\u0259\u015fdir\u0259c\u0259k y\u00fcks\u0259k s\u00fcr\u0259tli avtomobil yolunun in\u015fas\u0131n\u0131n m\u00fcmk\u00fcnl\u00fcy\u00fcn\u00fc ara\u015fd\u0131rma\u011f\u0131 t\u0259klif edib.<\/p>\n","protected":false},"author":2,"featured_media":119883,"comment_status":"closed","ping_status":"closed","sticky":false,"template":"","format":"standard","meta":{"om_disable_all_campaigns":false,"_monsterinsights_skip_tracking":false,"_monsterinsights_sitenote_active":false,"_monsterinsights_sitenote_note":"","_monsterinsights_sitenote_category":0},"categories":[7],"tags":[],"aioseo_notices":[],"gutentor_comment":0,"rttpg_featured_image_url":{"full":["https:\/\/arantv.az\/wp-content\/uploads\/2020\/01\/1579305842_mkk.jpg",620,380,false],"landscape":["https:\/\/arantv.az\/wp-content\/uploads\/2020\/01\/1579305842_mkk.jpg",620,380,false],"portraits":["https:\/\/arantv.az\/wp-content\/uploads\/2020\/01\/1579305842_mkk.jpg",620,380,false],"thumbnail":["https:\/\/arantv.az\/wp-content\/uploads\/2020\/01\/1579305842_mkk-150x150.jpg",150,150,true],"medium":["https:\/\/arantv.az\/wp-content\/uploads\/2020\/01\/1579305842_mkk-300x184.jpg",300,184,true],"large":["https:\/\/arantv.az\/wp-content\/uploads\/2020\/01\/1579305842_mkk.jpg",620,380,false],"1536x1536":["https:\/\/arantv.az\/wp-content\/uploads\/2020\/01\/1579305842_mkk.jpg",620,380,false],"2048x2048":["https:\/\/arantv.az\/wp-content\/uploads\/2020\/01\/1579305842_mkk.jpg",620,380,false],"post-thumbnail":["https:\/\/arantv.az\/wp-content\/uploads\/2020\/01\/1579305842_mkk-240x172.jpg",240,172,true],"advps-thumb-one":["https:\/\/arantv.az\/wp-content\/uploads\/2020\/01\/1579305842_mkk.jpg",620,380,false]},"rttpg_author":{"display_name":"V\u00fcsal Rafiqo\u011flu","author_link":"https:\/\/arantv.az\/?author=2"},"rttpg_comment":0,"rttpg_category":"<a href=\"https:\/\/arantv.az\/?cat=7\" rel=\"category\">D\u00fcnya<\/a>","rttpg_excerpt":"Qazax\u0131stan\u0131n \u00f6m\u00fcrl\u00fck \u00fcmummilli lideri olaraq qalan Nursultan Nazarbayev Qazax\u0131stan\u0131n Avrasiya \u0130qtisadi Birliyi \u00f6lk\u0259l\u0259rini (A\u0130B) Qara v\u0259 X\u0259z\u0259r d\u0259nizl\u0259ri aras\u0131nda n\u0259qliyyat kanal\u0131n\u0131n qurulmas\u0131 imkanlar\u0131n\u0131 n\u0259z\u0259rd\u0259n ke\u00e7irm\u0259y\u0259 d\u0259v\u0259t edib. Bu bar\u0259d\u0259 \u201cHaber7\u201d m\u0259lumat verib. \u201cQara d\u0259niz v\u0259 X\u0259z\u0259r d\u0259nizl\u0259rini su yollar\u0131 il\u0259 birl\u0259\u015fdir\u0259c\u0259k Avrasiya g\u0259mi kanal\u0131n\u0131n in\u015fas\u0131 perspektivli bir layih\u0259 ola bil\u0259r\u201d, &#8211; dey\u0259 Nazarbayev vur\u011fulay\u0131b. Bundan&hellip;","_links":{"self":[{"href":"https:\/\/arantv.az\/index.php?rest_route=\/wp\/v2\/posts\/119882"}],"collection":[{"href":"https:\/\/arantv.az\/index.php?rest_route=\/wp\/v2\/posts"}],"about":[{"href":"https:\/\/arantv.az\/index.php?rest_route=\/wp\/v2\/types\/post"}],"author":[{"embeddable":true,"href":"https:\/\/arantv.az\/index.php?rest_route=\/wp\/v2\/users\/2"}],"replies":[{"embeddable":true,"href":"https:\/\/arantv.az\/index.php?rest_route=%2Fwp%2Fv2%2Fcomments&post=119882"}],"version-history":[{"count":0,"href":"https:\/\/arantv.az\/index.php?rest_route=\/wp\/v2\/posts\/119882\/revisions"}],"wp:featuredmedia":[{"embeddable":true,"href":"https:\/\/arantv.az\/index.php?rest_route=\/wp\/v2\/media\/119883"}],"wp:attachment":[{"href":"https:\/\/arantv.az\/index.php?rest_route=%2Fwp%2Fv2%2Fmedia&parent=119882"}],"wp:term":[{"taxonomy":"category","embeddable":true,"href":"https:\/\/arantv.az\/index.php?rest_route=%2Fwp%2Fv2%2Fcategories&post=119882"},{"taxonomy":"post_tag","embeddable":true,"href":"https:\/\/arantv.az\/index.php?rest_route=%2Fwp%2Fv2%2Ftags&post=119882"}],"curies":[{"name":"wp","href":"https:\/\/api.w.org\/{rel}","templated":true}]}}