{"id":119922,"date":"2020-01-18T12:58:18","date_gmt":"2020-01-18T09:58:18","guid":{"rendered":"http:\/\/arantv.az\/?p=119922"},"modified":"2020-01-18T12:58:18","modified_gmt":"2020-01-18T09:58:18","slug":"abs-etiraf-etdi-rusiyaya-cata-bilmirik","status":"publish","type":"post","link":"https:\/\/arantv.az\/?p=119922","title":{"rendered":"AB\u015e etiraf etdi: \u201cRusiyaya \u00e7ata bilmirik\u201d"},"content":{"rendered":"<p>AB\u015e hipers\u0259sli silahlar sah\u0259sind\u0259 lider idi, lakin bu sah\u0259d\u0259 g\u00f6r\u00fcl\u0259n i\u015fl\u0259r u\u011fursuz oldu v\u0259 indi m\u00f6vqeyini yenid\u0259n b\u0259rpa etm\u0259k \u00fc\u00e7\u00fcn ill\u0259r laz\u0131md\u0131r.<\/p>\n<p>Bu bar\u0259d\u0259 \u201cR\u0130A Novosti\u201d AB\u015e Silahl\u0131 Q\u00fcvv\u0259l\u0259ri Ba\u015f Q\u0259rargah R\u0259isl\u0259ri Birliyinin s\u0259dr m\u00fcavini, general Con Hayten\u0259 istinad\u0259n m\u0259lumat yay\u0131b.<\/p>\n<p>\u201cBiz on il \u0259vv\u0259l \u00f6nd\u0259 idik. \u0130ki proqram\u0131m\u0131z, iki prototipimiz var idi&#8230; Onlar \u00e7ox yax\u015f\u0131 i\u015fl\u0259m\u0259di&#8221;, &#8211; dey\u0259 Hayten Va\u015finqtondak\u0131 Beyn\u0259lxalq Strateji Ara\u015fd\u0131rmalar M\u0259rk\u0259zind\u0259 \u00e7\u0131x\u0131\u015f\u0131 zaman\u0131 etiraf edib.<\/p>\n<div id=\"AdviadNativeVideo0\" class=\"AdviadNativeVideo\"><\/div>\n<p>O\u00a0bildirib ki, bu sah\u0259d\u0259 u\u011fursuzluqdan sonra onun s\u0259b\u0259bl\u0259rini \u00f6yr\u0259nm\u0259k \u00fc\u00e7\u00fcn uzunm\u00fcdd\u0259tli ara\u015fd\u0131rmalar ba\u015fland\u0131 v\u0259 sonra proqramlar, \u00fcmumiyy\u0259tl\u0259, l\u0259\u011fv edildi.<\/p>\n<p>General bu sah\u0259d\u0259 i\u015fl\u0259rin b\u0259rpas\u0131 \u00fc\u00e7\u00fcn ill\u0259r laz\u0131m olaca\u011f\u0131n\u0131 qeyd edib v\u0259 prosesi s\u00fcr\u0259tl\u0259ndirm\u0259y\u0259 \u00e7a\u011f\u0131r\u0131b.<\/p>\n<p>2019-cu ilin dekabr\u0131nda Pentaqonun r\u0259hb\u0259ri Mark Esper AB\u015e-\u0131n hipers\u0259sli silahlar\u0131n inki\u015faf\u0131nda Rusiyadan geri qald\u0131\u011f\u0131n\u0131 etiraf etmi\u015fdi.<\/p>\n<p>Qeyd ed\u0259k ki, Rusiya Prezidenti Vladimir Putin Federasiya M\u0259clisin\u0259 illik m\u00fcraci\u0259ti zaman\u0131 Rusiyan\u0131n silahlanma m\u0259s\u0259l\u0259sind\u0259, o c\u00fcml\u0259d\u0259n, n\u00fcv\u0259 silah\u0131nda d\u00fcnya birincisi olduqlar\u0131n\u0131 a\u00e7\u0131qlam\u0131\u015fd\u0131.<\/p>\n","protected":false},"excerpt":{"rendered":"<p>AB\u015e hipers\u0259sli silahlar sah\u0259sind\u0259 lider idi, lakin bu sah\u0259d\u0259 g\u00f6r\u00fcl\u0259n i\u015fl\u0259r u\u011fursuz oldu v\u0259 indi m\u00f6vqeyini yenid\u0259n b\u0259rpa etm\u0259k \u00fc\u00e7\u00fcn ill\u0259r laz\u0131md\u0131r. Bu bar\u0259d\u0259 \u201cR\u0130A Novosti\u201d AB\u015e Silahl\u0131 Q\u00fcvv\u0259l\u0259ri Ba\u015f Q\u0259rargah R\u0259isl\u0259ri Birliyinin s\u0259dr m\u00fcavini, general Con Hayten\u0259 istinad\u0259n m\u0259lumat yay\u0131b. \u201cBiz on il \u0259vv\u0259l \u00f6nd\u0259 idik. \u0130ki proqram\u0131m\u0131z, iki prototipimiz var idi&#8230; Onlar \u00e7ox yax\u015f\u0131 i\u015fl\u0259m\u0259di&#8221;, &#8211; dey\u0259 Hayten Va\u015finqtondak\u0131 Beyn\u0259lxalq Strateji Ara\u015fd\u0131rmalar M\u0259rk\u0259zind\u0259 \u00e7\u0131x\u0131\u015f\u0131 zaman\u0131 etiraf edib. O\u00a0bildirib ki, bu sah\u0259d\u0259 u\u011fursuzluqdan sonra onun s\u0259b\u0259bl\u0259rini \u00f6yr\u0259nm\u0259k \u00fc\u00e7\u00fcn uzunm\u00fcdd\u0259tli ara\u015fd\u0131rmalar ba\u015fland\u0131 v\u0259 sonra proqramlar, \u00fcmumiyy\u0259tl\u0259, l\u0259\u011fv edildi. General bu&hellip;<\/p>\n","protected":false},"author":2,"featured_media":119923,"comment_status":"closed","ping_status":"closed","sticky":false,"template":"","format":"standard","meta":{"om_disable_all_campaigns":false,"_monsterinsights_skip_tracking":false,"_monsterinsights_sitenote_active":false,"_monsterinsights_sitenote_note":"","_monsterinsights_sitenote_category":0},"categories":[7],"tags":[],"aioseo_notices":[],"gutentor_comment":0,"rttpg_featured_image_url":{"full":["https:\/\/arantv.az\/wp-content\/uploads\/2020\/01\/20f2c8612abec09894ba217633d82661_1440x.jpg",620,413,false],"landscape":["https:\/\/arantv.az\/wp-content\/uploads\/2020\/01\/20f2c8612abec09894ba217633d82661_1440x.jpg",620,413,false],"portraits":["https:\/\/arantv.az\/wp-content\/uploads\/2020\/01\/20f2c8612abec09894ba217633d82661_1440x.jpg",620,413,false],"thumbnail":["https:\/\/arantv.az\/wp-content\/uploads\/2020\/01\/20f2c8612abec09894ba217633d82661_1440x-150x150.jpg",150,150,true],"medium":["https:\/\/arantv.az\/wp-content\/uploads\/2020\/01\/20f2c8612abec09894ba217633d82661_1440x-300x200.jpg",300,200,true],"large":["https:\/\/arantv.az\/wp-content\/uploads\/2020\/01\/20f2c8612abec09894ba217633d82661_1440x.jpg",620,413,false],"1536x1536":["https:\/\/arantv.az\/wp-content\/uploads\/2020\/01\/20f2c8612abec09894ba217633d82661_1440x.jpg",620,413,false],"2048x2048":["https:\/\/arantv.az\/wp-content\/uploads\/2020\/01\/20f2c8612abec09894ba217633d82661_1440x.jpg",620,413,false],"post-thumbnail":["https:\/\/arantv.az\/wp-content\/uploads\/2020\/01\/20f2c8612abec09894ba217633d82661_1440x-240x172.jpg",240,172,true],"advps-thumb-one":["https:\/\/arantv.az\/wp-content\/uploads\/2020\/01\/20f2c8612abec09894ba217633d82661_1440x.jpg",620,413,false]},"rttpg_author":{"display_name":"V\u00fcsal Rafiqo\u011flu","author_link":"https:\/\/arantv.az\/?author=2"},"rttpg_comment":0,"rttpg_category":"<a href=\"https:\/\/arantv.az\/?cat=7\" rel=\"category\">D\u00fcnya<\/a>","rttpg_excerpt":"AB\u015e hipers\u0259sli silahlar sah\u0259sind\u0259 lider idi, lakin bu sah\u0259d\u0259 g\u00f6r\u00fcl\u0259n i\u015fl\u0259r u\u011fursuz oldu v\u0259 indi m\u00f6vqeyini yenid\u0259n b\u0259rpa etm\u0259k \u00fc\u00e7\u00fcn ill\u0259r laz\u0131md\u0131r. Bu bar\u0259d\u0259 \u201cR\u0130A Novosti\u201d AB\u015e Silahl\u0131 Q\u00fcvv\u0259l\u0259ri Ba\u015f Q\u0259rargah R\u0259isl\u0259ri Birliyinin s\u0259dr m\u00fcavini, general Con Hayten\u0259 istinad\u0259n m\u0259lumat yay\u0131b. \u201cBiz on il \u0259vv\u0259l \u00f6nd\u0259 idik. \u0130ki proqram\u0131m\u0131z, iki prototipimiz var idi&#8230; Onlar \u00e7ox&hellip;","_links":{"self":[{"href":"https:\/\/arantv.az\/index.php?rest_route=\/wp\/v2\/posts\/119922"}],"collection":[{"href":"https:\/\/arantv.az\/index.php?rest_route=\/wp\/v2\/posts"}],"about":[{"href":"https:\/\/arantv.az\/index.php?rest_route=\/wp\/v2\/types\/post"}],"author":[{"embeddable":true,"href":"https:\/\/arantv.az\/index.php?rest_route=\/wp\/v2\/users\/2"}],"replies":[{"embeddable":true,"href":"https:\/\/arantv.az\/index.php?rest_route=%2Fwp%2Fv2%2Fcomments&post=119922"}],"version-history":[{"count":0,"href":"https:\/\/arantv.az\/index.php?rest_route=\/wp\/v2\/posts\/119922\/revisions"}],"wp:featuredmedia":[{"embeddable":true,"href":"https:\/\/arantv.az\/index.php?rest_route=\/wp\/v2\/media\/119923"}],"wp:attachment":[{"href":"https:\/\/arantv.az\/index.php?rest_route=%2Fwp%2Fv2%2Fmedia&parent=119922"}],"wp:term":[{"taxonomy":"category","embeddable":true,"href":"https:\/\/arantv.az\/index.php?rest_route=%2Fwp%2Fv2%2Fcategories&post=119922"},{"taxonomy":"post_tag","embeddable":true,"href":"https:\/\/arantv.az\/index.php?rest_route=%2Fwp%2Fv2%2Ftags&post=119922"}],"curies":[{"name":"wp","href":"https:\/\/api.w.org\/{rel}","templated":true}]}}