{"id":120049,"date":"2020-01-18T15:00:28","date_gmt":"2020-01-18T12:00:28","guid":{"rendered":"http:\/\/arantv.az\/?p=120049"},"modified":"2020-01-18T15:00:28","modified_gmt":"2020-01-18T12:00:28","slug":"hikm%c9%99t-haciyev-az%c9%99rbaycan-fransa-il%c9%99-mudafi%c9%99-v%c9%99-t%c9%99hluk%c9%99sizlik-sah%c9%99sind%c9%99-%c9%99m%c9%99kdasliqda-boyuk-potensial-gorur","status":"publish","type":"post","link":"https:\/\/arantv.az\/?p=120049","title":{"rendered":"Hikm\u0259t Hac\u0131yev: &#8220;Az\u0259rbaycan Fransa il\u0259 m\u00fcdafi\u0259 v\u0259 t\u0259hl\u00fck\u0259sizlik sah\u0259sind\u0259 \u0259m\u0259kda\u015fl\u0131qda b\u00f6y\u00fck potensial g\u00f6r\u00fcr&#8221;"},"content":{"rendered":"<blockquote><p><em><strong>Az\u0259rbaycan Fransa il\u0259 m\u00fcdafi\u0259 v\u0259 t\u0259hl\u00fck\u0259sizlik sah\u0259sind\u0259 \u0259m\u0259kda\u015fl\u0131qda b\u00f6y\u00fck potensial g\u00f6r\u00fcr.<\/strong><\/em><\/p><\/blockquote>\n<p><strong>ARANTV.AZ<\/strong>\u00a0\u00a0<a href=\"http:\/\/az.trend.az\/\" target=\"_blank\" rel=\"noopener\">Trend<\/a>-\u0259 istinad\u0259n bildirir ki, bunu Az\u0259rbaycan Respublikas\u0131 Prezidentinin k\u00f6m\u0259k\u00e7isi &#8211; Prezident Administrasiyas\u0131n\u0131n Xarici siyas\u0259t m\u0259s\u0259l\u0259l\u0259ri \u015f\u00f6b\u0259sinin m\u00fcdiri Hikm\u0259t Hac\u0131yev &#8220;Radio France Internationale&#8221; radiosuna m\u00fcsahib\u0259sind\u0259 deyib.<\/p>\n<p>Onun s\u00f6zl\u0259rin\u0259 g\u00f6r\u0259, Az\u0259rbaycanla Fransa aras\u0131nda qar\u015f\u0131l\u0131ql\u0131 anla\u015fma v\u0259 qar\u015f\u0131l\u0131ql\u0131 faydaya \u0259saslanan \u0259m\u0259kda\u015fl\u0131q m\u00f6vcuddur:<\/p>\n<p>&#8220;Fransa Avropa \u0130ttifaq\u0131nda bizim \u00fc\u00e7\u00fcn \u0259sas partnyorlardan hesab edilir. Fransa, h\u0259m\u00e7inin Az\u0259rbaycan\u0131n vacib iqtisadi t\u0259r\u0259fda\u015f\u0131, AT\u018fT-in Minsk Qrupunun h\u0259ms\u0259dr \u00f6lk\u0259l\u0259rind\u0259n biridir. Biz h\u0259mi\u015f\u0259 frans\u0131z h\u0259mkarlar\u0131m\u0131za deyirik ki, Prezident Emmanuel Makron \u00fc\u00e7\u00fcn Az\u0259rbaycan a\u00e7\u0131q \u00f6lk\u0259dir, dostluq m\u00fcnasib\u0259tl\u0259ri m\u00f6vcuddur. Bundan \u0259vv\u0259lki prezidentl\u0259r Sarkozi v\u0259 Olland da Az\u0259rbaycana s\u0259f\u0259rl\u0259r edibl\u0259r. \u00d6t\u0259n il Az\u0259rbaycan Prezidenti \u0130lham \u018fliyev Fransada s\u0259f\u0259rd\u0259 olub. Birinci vitse-prezident Mehriban \u018fliyeva da Fransaya s\u0259f\u0259r edib. Birinci vitse-prezident Az\u0259rbaycanla Fransa aras\u0131nda \u0259m\u0259kda\u015fl\u0131\u011fa x\u00fcsusi \u00f6n\u0259m verir&#8221;.<\/p>\n<p>H.Hac\u0131yev qeyd edib ki, iki \u00f6lk\u0259 bu kimi m\u00fcsb\u0259t amill\u0259rin \u0259sas\u0131nda ir\u0259li ged\u0259 bil\u0259r:<\/p>\n<p>&#8220;Biz dialoqa \u0259saslanan siyasi m\u00fczakir\u0259l\u0259r, m\u00fcdafi\u0259 v\u0259 t\u0259hl\u00fck\u0259sizlik sah\u0259l\u0259rind\u0259 \u0259m\u0259kda\u015fl\u0131q \u00fc\u00e7\u00fcn b\u00f6y\u00fck potensial g\u00f6r\u00fcr\u00fck. Fransa enerji \u015firk\u0259tl\u0259ri, x\u00fcsus\u0259n d\u0259 Total X\u0259z\u0259r regionunda f\u0259aliyy\u0259t g\u00f6st\u0259rir. Frans\u0131z kompaniyalar\u0131 \u00f6lk\u0259mizd\u0259 ictimai layih\u0259l\u0259rin h\u0259yata ke\u00e7irilm\u0259sind\u0259 m\u00fch\u00fcm rol oynay\u0131r. Bak\u0131 v\u0259 Paris aras\u0131nda g\u00f6z\u0259l m\u00fcnasib\u0259tl\u0259r var. Biz \u0259m\u0259kda\u015fl\u0131\u011f\u0131 daha da m\u00f6hk\u0259ml\u0259ndirm\u0259k \u0259zmind\u0259yik&#8221;.<\/p>\n","protected":false},"excerpt":{"rendered":"<p>Az\u0259rbaycan Fransa il\u0259 m\u00fcdafi\u0259 v\u0259 t\u0259hl\u00fck\u0259sizlik sah\u0259sind\u0259 \u0259m\u0259kda\u015fl\u0131qda b\u00f6y\u00fck potensial g\u00f6r\u00fcr. ARANTV.AZ\u00a0\u00a0Trend-\u0259 istinad\u0259n bildirir ki, bunu Az\u0259rbaycan Respublikas\u0131 Prezidentinin k\u00f6m\u0259k\u00e7isi &#8211; Prezident Administrasiyas\u0131n\u0131n Xarici siyas\u0259t m\u0259s\u0259l\u0259l\u0259ri \u015f\u00f6b\u0259sinin m\u00fcdiri Hikm\u0259t Hac\u0131yev &#8220;Radio France Internationale&#8221; radiosuna m\u00fcsahib\u0259sind\u0259 deyib. Onun s\u00f6zl\u0259rin\u0259 g\u00f6r\u0259, Az\u0259rbaycanla Fransa aras\u0131nda qar\u015f\u0131l\u0131ql\u0131 anla\u015fma v\u0259 qar\u015f\u0131l\u0131ql\u0131 faydaya \u0259saslanan \u0259m\u0259kda\u015fl\u0131q m\u00f6vcuddur: &#8220;Fransa Avropa \u0130ttifaq\u0131nda bizim \u00fc\u00e7\u00fcn \u0259sas partnyorlardan hesab edilir. Fransa, h\u0259m\u00e7inin Az\u0259rbaycan\u0131n vacib iqtisadi t\u0259r\u0259fda\u015f\u0131, AT\u018fT-in Minsk Qrupunun h\u0259ms\u0259dr \u00f6lk\u0259l\u0259rind\u0259n biridir. Biz h\u0259mi\u015f\u0259 frans\u0131z h\u0259mkarlar\u0131m\u0131za deyirik ki, Prezident Emmanuel Makron \u00fc\u00e7\u00fcn Az\u0259rbaycan a\u00e7\u0131q \u00f6lk\u0259dir, dostluq m\u00fcnasib\u0259tl\u0259ri m\u00f6vcuddur. Bundan \u0259vv\u0259lki prezidentl\u0259r&hellip;<\/p>\n","protected":false},"author":2,"featured_media":120050,"comment_status":"closed","ping_status":"closed","sticky":false,"template":"","format":"standard","meta":{"om_disable_all_campaigns":false,"_monsterinsights_skip_tracking":false,"_monsterinsights_sitenote_active":false,"_monsterinsights_sitenote_note":"","_monsterinsights_sitenote_category":0},"categories":[4],"tags":[],"aioseo_notices":[],"gutentor_comment":0,"rttpg_featured_image_url":{"full":["https:\/\/arantv.az\/wp-content\/uploads\/2020\/01\/hikmet_haciyev_045.jpg",800,600,false],"landscape":["https:\/\/arantv.az\/wp-content\/uploads\/2020\/01\/hikmet_haciyev_045.jpg",800,600,false],"portraits":["https:\/\/arantv.az\/wp-content\/uploads\/2020\/01\/hikmet_haciyev_045.jpg",800,600,false],"thumbnail":["https:\/\/arantv.az\/wp-content\/uploads\/2020\/01\/hikmet_haciyev_045-150x150.jpg",150,150,true],"medium":["https:\/\/arantv.az\/wp-content\/uploads\/2020\/01\/hikmet_haciyev_045-300x225.jpg",300,225,true],"large":["https:\/\/arantv.az\/wp-content\/uploads\/2020\/01\/hikmet_haciyev_045.jpg",640,480,false],"1536x1536":["https:\/\/arantv.az\/wp-content\/uploads\/2020\/01\/hikmet_haciyev_045.jpg",800,600,false],"2048x2048":["https:\/\/arantv.az\/wp-content\/uploads\/2020\/01\/hikmet_haciyev_045.jpg",800,600,false],"post-thumbnail":["https:\/\/arantv.az\/wp-content\/uploads\/2020\/01\/hikmet_haciyev_045-240x172.jpg",240,172,true],"advps-thumb-one":["https:\/\/arantv.az\/wp-content\/uploads\/2020\/01\/hikmet_haciyev_045.jpg",800,600,false]},"rttpg_author":{"display_name":"V\u00fcsal Rafiqo\u011flu","author_link":"https:\/\/arantv.az\/?author=2"},"rttpg_comment":0,"rttpg_category":"<a href=\"https:\/\/arantv.az\/?cat=4\" rel=\"category\">Siyas\u0259t<\/a>","rttpg_excerpt":"Az\u0259rbaycan Fransa il\u0259 m\u00fcdafi\u0259 v\u0259 t\u0259hl\u00fck\u0259sizlik sah\u0259sind\u0259 \u0259m\u0259kda\u015fl\u0131qda b\u00f6y\u00fck potensial g\u00f6r\u00fcr. ARANTV.AZ\u00a0\u00a0Trend-\u0259 istinad\u0259n bildirir ki, bunu Az\u0259rbaycan Respublikas\u0131 Prezidentinin k\u00f6m\u0259k\u00e7isi &#8211; Prezident Administrasiyas\u0131n\u0131n Xarici siyas\u0259t m\u0259s\u0259l\u0259l\u0259ri \u015f\u00f6b\u0259sinin m\u00fcdiri Hikm\u0259t Hac\u0131yev &#8220;Radio France Internationale&#8221; radiosuna m\u00fcsahib\u0259sind\u0259 deyib. Onun s\u00f6zl\u0259rin\u0259 g\u00f6r\u0259, Az\u0259rbaycanla Fransa aras\u0131nda qar\u015f\u0131l\u0131ql\u0131 anla\u015fma v\u0259 qar\u015f\u0131l\u0131ql\u0131 faydaya \u0259saslanan \u0259m\u0259kda\u015fl\u0131q m\u00f6vcuddur: &#8220;Fransa Avropa \u0130ttifaq\u0131nda bizim \u00fc\u00e7\u00fcn&hellip;","_links":{"self":[{"href":"https:\/\/arantv.az\/index.php?rest_route=\/wp\/v2\/posts\/120049"}],"collection":[{"href":"https:\/\/arantv.az\/index.php?rest_route=\/wp\/v2\/posts"}],"about":[{"href":"https:\/\/arantv.az\/index.php?rest_route=\/wp\/v2\/types\/post"}],"author":[{"embeddable":true,"href":"https:\/\/arantv.az\/index.php?rest_route=\/wp\/v2\/users\/2"}],"replies":[{"embeddable":true,"href":"https:\/\/arantv.az\/index.php?rest_route=%2Fwp%2Fv2%2Fcomments&post=120049"}],"version-history":[{"count":0,"href":"https:\/\/arantv.az\/index.php?rest_route=\/wp\/v2\/posts\/120049\/revisions"}],"wp:featuredmedia":[{"embeddable":true,"href":"https:\/\/arantv.az\/index.php?rest_route=\/wp\/v2\/media\/120050"}],"wp:attachment":[{"href":"https:\/\/arantv.az\/index.php?rest_route=%2Fwp%2Fv2%2Fmedia&parent=120049"}],"wp:term":[{"taxonomy":"category","embeddable":true,"href":"https:\/\/arantv.az\/index.php?rest_route=%2Fwp%2Fv2%2Fcategories&post=120049"},{"taxonomy":"post_tag","embeddable":true,"href":"https:\/\/arantv.az\/index.php?rest_route=%2Fwp%2Fv2%2Ftags&post=120049"}],"curies":[{"name":"wp","href":"https:\/\/api.w.org\/{rel}","templated":true}]}}