{"id":120057,"date":"2020-01-18T15:13:02","date_gmt":"2020-01-18T12:13:02","guid":{"rendered":"http:\/\/arantv.az\/?p=120057"},"modified":"2020-01-18T15:13:02","modified_gmt":"2020-01-18T12:13:02","slug":"suat-onal-az%c9%99rbaycanda-parlamentin-yenil%c9%99nm%c9%99si-olk%c9%99nin-inkisafina-%c9%99lav%c9%99-impuls-ver%c9%99c%c9%99k","status":"publish","type":"post","link":"https:\/\/arantv.az\/?p=120057","title":{"rendered":"Suat \u00d6nal: &#8220;Az\u0259rbaycanda parlamentin yenil\u0259nm\u0259si \u00f6lk\u0259nin inki\u015faf\u0131na \u0259lav\u0259 impuls ver\u0259c\u0259k&#8221;"},"content":{"rendered":"<blockquote><p><em><strong>Az\u0259rbaycanda parlamentin yenil\u0259nm\u0259sinin iqtisadi islahatlar\u0131 daha da s\u00fcr\u0259tl\u0259ndir\u0259c\u0259yin\u0259, \u00f6lk\u0259nin inki\u015faf\u0131na \u0259lav\u0259 impuls ver\u0259c\u0259yin\u0259 inan\u0131ram.<\/strong><\/em><\/p><\/blockquote>\n<p><strong>ARANTV.AZ<\/strong>\u00a0<a href=\"https:\/\/az.trend.az\/\" target=\"_blank\" rel=\"noopener\">Trend<\/a>-\u0259 istinad\u0259n x\u0259b\u0259r verir ki, bunu secki-2020.az sayt\u0131na a\u00e7\u0131qlamas\u0131nda T\u00fcrkiy\u0259 B\u00f6y\u00fck Mill\u0259t M\u0259clisinin sabiq \u00fczv\u00fc Suat \u00d6nal deyib. O bildirib ki, Az\u0259rbaycanda se\u00e7kil\u0259rin \u015f\u0259ffaf v\u0259 \u0259dal\u0259tli ke\u00e7irilm\u0259si \u00fc\u00e7\u00fcn h\u0259r c\u00fcr \u015f\u0259rait var:<\/p>\n<p>&#8220;\u00dcmumiyy\u0259tl\u0259, bu vaxta q\u0259d\u0259r 15-\u0259 yax\u0131n Avropa \u00f6lk\u0259sind\u0259 se\u00e7kil\u0259ri m\u00fc\u015fahid\u0259\u00e7i kimi izl\u0259mi\u015f\u0259m, m\u00fcxt\u0259lif \u00f6lk\u0259l\u0259rin se\u00e7ki t\u0259cr\u00fcb\u0259si il\u0259 tan\u0131\u015f olmu\u015fam. 2018-ci ilin aprelind\u0259 Az\u0259rbaycanda ke\u00e7iril\u0259n prezident se\u00e7kil\u0259rind\u0259 A\u015ePA-n\u0131n m\u00fc\u015fahid\u0259 missiyas\u0131n\u0131n t\u0259rkibind\u0259 t\u0259msil olunurdum. \u00d6z t\u0259cr\u00fcb\u0259m\u0259 \u0259saslanaraq dey\u0259 bil\u0259r\u0259m ki, xalq\u0131n demokratik v\u0259 \u015f\u0259ffaf \u015f\u0259kild\u0259 ist\u0259diyi namiz\u0259d\u0259 s\u0259s verm\u0259si \u00fc\u00e7\u00fcn h\u0259r c\u00fcr \u015f\u0259rait yarad\u0131lm\u0131\u015fd\u0131. Bundan \u0259vv\u0259lki se\u00e7kil\u0259rd\u0259 oldu\u011fu kimi, fevral\u0131n 9-da ke\u00e7iril\u0259c\u0259k parlament se\u00e7kil\u0259rinin d\u0259 \u015f\u0259ffaf v\u0259 \u0259dal\u0259tli ke\u00e7iril\u0259c\u0259yin\u0259 \u0259min\u0259m&#8221;.<\/p>\n","protected":false},"excerpt":{"rendered":"<p>Az\u0259rbaycanda parlamentin yenil\u0259nm\u0259sinin iqtisadi islahatlar\u0131 daha da s\u00fcr\u0259tl\u0259ndir\u0259c\u0259yin\u0259, \u00f6lk\u0259nin inki\u015faf\u0131na \u0259lav\u0259 impuls ver\u0259c\u0259yin\u0259 inan\u0131ram. ARANTV.AZ\u00a0Trend-\u0259 istinad\u0259n x\u0259b\u0259r verir ki, bunu secki-2020.az sayt\u0131na a\u00e7\u0131qlamas\u0131nda T\u00fcrkiy\u0259 B\u00f6y\u00fck Mill\u0259t M\u0259clisinin sabiq \u00fczv\u00fc Suat \u00d6nal deyib. O bildirib ki, Az\u0259rbaycanda se\u00e7kil\u0259rin \u015f\u0259ffaf v\u0259 \u0259dal\u0259tli ke\u00e7irilm\u0259si \u00fc\u00e7\u00fcn h\u0259r c\u00fcr \u015f\u0259rait var: &#8220;\u00dcmumiyy\u0259tl\u0259, bu vaxta q\u0259d\u0259r 15-\u0259 yax\u0131n Avropa \u00f6lk\u0259sind\u0259 se\u00e7kil\u0259ri m\u00fc\u015fahid\u0259\u00e7i kimi izl\u0259mi\u015f\u0259m, m\u00fcxt\u0259lif \u00f6lk\u0259l\u0259rin se\u00e7ki t\u0259cr\u00fcb\u0259si il\u0259 tan\u0131\u015f olmu\u015fam. 2018-ci ilin aprelind\u0259 Az\u0259rbaycanda ke\u00e7iril\u0259n prezident se\u00e7kil\u0259rind\u0259 A\u015ePA-n\u0131n m\u00fc\u015fahid\u0259 missiyas\u0131n\u0131n t\u0259rkibind\u0259 t\u0259msil olunurdum. \u00d6z t\u0259cr\u00fcb\u0259m\u0259 \u0259saslanaraq dey\u0259 bil\u0259r\u0259m ki, xalq\u0131n demokratik v\u0259 \u015f\u0259ffaf \u015f\u0259kild\u0259 ist\u0259diyi&hellip;<\/p>\n","protected":false},"author":2,"featured_media":120058,"comment_status":"closed","ping_status":"closed","sticky":false,"template":"","format":"standard","meta":{"om_disable_all_campaigns":false,"_monsterinsights_skip_tracking":false,"_monsterinsights_sitenote_active":false,"_monsterinsights_sitenote_note":"","_monsterinsights_sitenote_category":0},"categories":[4],"tags":[],"aioseo_notices":[],"gutentor_comment":0,"rttpg_featured_image_url":{"full":["https:\/\/arantv.az\/wp-content\/uploads\/2020\/01\/819067.jpg",800,600,false],"landscape":["https:\/\/arantv.az\/wp-content\/uploads\/2020\/01\/819067.jpg",800,600,false],"portraits":["https:\/\/arantv.az\/wp-content\/uploads\/2020\/01\/819067.jpg",800,600,false],"thumbnail":["https:\/\/arantv.az\/wp-content\/uploads\/2020\/01\/819067-150x150.jpg",150,150,true],"medium":["https:\/\/arantv.az\/wp-content\/uploads\/2020\/01\/819067-300x225.jpg",300,225,true],"large":["https:\/\/arantv.az\/wp-content\/uploads\/2020\/01\/819067.jpg",640,480,false],"1536x1536":["https:\/\/arantv.az\/wp-content\/uploads\/2020\/01\/819067.jpg",800,600,false],"2048x2048":["https:\/\/arantv.az\/wp-content\/uploads\/2020\/01\/819067.jpg",800,600,false],"post-thumbnail":["https:\/\/arantv.az\/wp-content\/uploads\/2020\/01\/819067-240x172.jpg",240,172,true],"advps-thumb-one":["https:\/\/arantv.az\/wp-content\/uploads\/2020\/01\/819067.jpg",800,600,false]},"rttpg_author":{"display_name":"V\u00fcsal Rafiqo\u011flu","author_link":"https:\/\/arantv.az\/?author=2"},"rttpg_comment":0,"rttpg_category":"<a href=\"https:\/\/arantv.az\/?cat=4\" rel=\"category\">Siyas\u0259t<\/a>","rttpg_excerpt":"Az\u0259rbaycanda parlamentin yenil\u0259nm\u0259sinin iqtisadi islahatlar\u0131 daha da s\u00fcr\u0259tl\u0259ndir\u0259c\u0259yin\u0259, \u00f6lk\u0259nin inki\u015faf\u0131na \u0259lav\u0259 impuls ver\u0259c\u0259yin\u0259 inan\u0131ram. ARANTV.AZ\u00a0Trend-\u0259 istinad\u0259n x\u0259b\u0259r verir ki, bunu secki-2020.az sayt\u0131na a\u00e7\u0131qlamas\u0131nda T\u00fcrkiy\u0259 B\u00f6y\u00fck Mill\u0259t M\u0259clisinin sabiq \u00fczv\u00fc Suat \u00d6nal deyib. O bildirib ki, Az\u0259rbaycanda se\u00e7kil\u0259rin \u015f\u0259ffaf v\u0259 \u0259dal\u0259tli ke\u00e7irilm\u0259si \u00fc\u00e7\u00fcn h\u0259r c\u00fcr \u015f\u0259rait var: &#8220;\u00dcmumiyy\u0259tl\u0259, bu vaxta q\u0259d\u0259r 15-\u0259 yax\u0131n Avropa \u00f6lk\u0259sind\u0259 se\u00e7kil\u0259ri&hellip;","_links":{"self":[{"href":"https:\/\/arantv.az\/index.php?rest_route=\/wp\/v2\/posts\/120057"}],"collection":[{"href":"https:\/\/arantv.az\/index.php?rest_route=\/wp\/v2\/posts"}],"about":[{"href":"https:\/\/arantv.az\/index.php?rest_route=\/wp\/v2\/types\/post"}],"author":[{"embeddable":true,"href":"https:\/\/arantv.az\/index.php?rest_route=\/wp\/v2\/users\/2"}],"replies":[{"embeddable":true,"href":"https:\/\/arantv.az\/index.php?rest_route=%2Fwp%2Fv2%2Fcomments&post=120057"}],"version-history":[{"count":0,"href":"https:\/\/arantv.az\/index.php?rest_route=\/wp\/v2\/posts\/120057\/revisions"}],"wp:featuredmedia":[{"embeddable":true,"href":"https:\/\/arantv.az\/index.php?rest_route=\/wp\/v2\/media\/120058"}],"wp:attachment":[{"href":"https:\/\/arantv.az\/index.php?rest_route=%2Fwp%2Fv2%2Fmedia&parent=120057"}],"wp:term":[{"taxonomy":"category","embeddable":true,"href":"https:\/\/arantv.az\/index.php?rest_route=%2Fwp%2Fv2%2Fcategories&post=120057"},{"taxonomy":"post_tag","embeddable":true,"href":"https:\/\/arantv.az\/index.php?rest_route=%2Fwp%2Fv2%2Ftags&post=120057"}],"curies":[{"name":"wp","href":"https:\/\/api.w.org\/{rel}","templated":true}]}}