{"id":120077,"date":"2020-01-18T15:43:00","date_gmt":"2020-01-18T12:43:00","guid":{"rendered":"http:\/\/arantv.az\/?p=120077"},"modified":"2020-01-18T15:43:00","modified_gmt":"2020-01-18T12:43:00","slug":"nazir-muavini-2019-cu-ild%c9%99-34-yanvar-s%c9%99hidinin-ail%c9%99si-m%c9%99nzill%c9%99-t%c9%99min-olunub","status":"publish","type":"post","link":"https:\/\/arantv.az\/?p=120077","title":{"rendered":"Nazir m\u00fcavini: &#8220;2019-cu ild\u0259 34 yanvar \u015f\u0259hidinin ail\u0259si m\u0259nzill\u0259 t\u0259min olunub&#8221;"},"content":{"rendered":"<blockquote><p><em><strong>2006-c\u0131 il yanvar\u0131n 19-da Prezident \u0130lham \u018fliyevin f\u0259rman\u0131 il\u0259 20 Yanvar \u015f\u0259hidl\u0259rinin ail\u0259l\u0259ri \u00fc\u00e7\u00fcn Az\u0259rbaycan Respublikas\u0131 Prezidentinin t\u0259qa\u00fcd\u00fc t\u0259sis edilib.<\/strong><\/em><\/p><\/blockquote>\n<p><strong>ARANTV.AZ<\/strong>\u00a0\u00a0<a href=\"https:\/\/az.trend.az\/\" target=\"_blank\" rel=\"noopener\">Trend<\/a>-\u0259 istinad\u0259n x\u0259b\u0259r verir ki, bunu Yeni Az\u0259rbaycan Partiyas\u0131n\u0131n (YAP) \u0130cra Katibliyind\u0259 20 Yanvar faci\u0259sinin 30-cu ild\u00f6n\u00fcm\u00fc il\u0259 ba\u011fl\u0131 ke\u00e7iril\u0259n t\u0259dbird\u0259 \u018fm\u0259k v\u0259 \u018fhalinin Sosial M\u00fcdafi\u0259si nazirinin m\u00fcavini Anar \u018fliyev deyib.<\/p>\n<p>Onun s\u00f6zl\u0259rin\u0259 \u0259sas\u0259n, f\u0259rmana uy\u011fun olaraq 20 Yanvar \u015f\u0259hidl\u0259ri f\u0259xri ad\u0131 alm\u0131\u015f \u015f\u0259xsl\u0259rin ail\u0259l\u0259ri 100 manat, I d\u0259r\u0259c\u0259 \u0259lilliyi olanlara 250 manat, II d\u0259r\u0259c\u0259 \u0259lilliyi olan \u015f\u0259xsl\u0259r\u0259 230 manat, III d\u0259r\u0259c\u0259 \u0259lilliyi olan \u015f\u0259xsl\u0259r\u0259 is\u0259 210 m\u0259bl\u0259\u011find\u0259 Az\u0259rbaycan Respublikas\u0131 Prezidentinin ayl\u0131q t\u0259qa\u00fcdl\u0259ri verilir: &#8220;Bu t\u0259qa\u00fcdl\u0259rl\u0259 yana\u015f\u0131, 20 Yanvar hadis\u0259l\u0259ri il\u0259 \u0259laq\u0259dar I d\u0259r\u0259c\u0259 \u0259lilliyi olan \u015f\u0259xsl\u0259r\u0259 150 manat, II d\u0259r\u0259c\u0259 \u0259lilliyi olan \u015f\u0259xsl\u0259r\u0259 130 manat, III d\u0259r\u0259c\u0259 \u0259lilliyi olan \u015f\u0259xsl\u0259r\u0259 is\u0259 110 manat ayl\u0131q m\u00fcavin\u0259tl\u0259r \u00f6d\u0259nilir. 20 Yanvar hadis\u0259l\u0259ri il\u0259 \u0259laq\u0259dar \u015f\u0259hid olmu\u015f \u015f\u0259xsl\u0259rin \u0259m\u0259k pensiyas\u0131 almaq h\u00fcququ olmayan ail\u0259 \u00fczvl\u0259rinin h\u0259r birin\u0259 ayl\u0131q sosial m\u00fcavin\u0259t \u00f6d\u0259nilir. Ail\u0259 ba\u015f\u00e7\u0131s\u0131n\u0131 itirm\u0259y\u0259 g\u00f6r\u0259 \u0259m\u0259k pensiyas\u0131 t\u0259yin edilmi\u015f 20 Yanvar hadis\u0259l\u0259ri il\u0259 \u0259laq\u0259dar \u015f\u0259hid olmu\u015f \u015f\u0259xsl\u0259rin ail\u0259 \u00fczvl\u0259rinin \u0259m\u0259k pensiyas\u0131n\u0131n s\u0131\u011forta hiss\u0259sin\u0259 93,5 manat m\u0259bl\u0259\u011find\u0259 \u0259lav\u0259 hesablan\u0131b&#8221;.<\/p>\n<p>Nazir m\u00fcavini deyib ki, 20 Yanvar hadis\u0259l\u0259ri il\u0259 \u0259laq\u0259dar \u015f\u0259hid olan \u015f\u0259xsl\u0259rin u\u015faqlar\u0131na orta ixtisas t\u0259hsil m\u00fc\u0259ssis\u0259l\u0259rind\u0259, Az\u0259rbaycan\u0131n ali t\u0259hsil m\u00fc\u0259ssis\u0259l\u0259rin\u0259 bakalavriat v\u0259 magistratura s\u0259viyy\u0259sind\u0259, AMEA-n\u0131n magistratura s\u0259viyy\u0259sind\u0259 \u00f6d\u0259ni\u015fli \u0259saslarla t\u0259hsil haqq\u0131 2014-2015-ci il t\u0259dris ilind\u0259n etibar\u0259n d\u00f6vl\u0259t b\u00fcdc\u0259si v\u0259saiti hesab\u0131na \u00f6d\u0259nilir: &#8220;Bununla yana\u015f\u0131, 20 Yanvar \u0259lill\u0259rinin, \u015f\u0259hid ail\u0259l\u0259rinin d\u00f6vl\u0259t b\u00fcdc\u0259si hesab\u0131na m\u0259nzil v\u0259 avtomobil t\u0259min edilm\u0259si istiqam\u0259tind\u0259 d\u0259 m\u0259qs\u0259dy\u00f6nl\u00fc i\u015fl\u0259r apar\u0131l\u0131r. Nazirlik t\u0259r\u0259find\u0259n bug\u00fcn\u0259d\u0259k 116-\u0131 20 Yanvar \u0259lil v\u0259 \u015f\u0259hid ail\u0259si m\u0259nzil, 92-si is\u0259 avtomobill\u0259 t\u0259min edilib. X\u00fcsusil\u0259 olaraq qeyd edim ki, 2019-cu ild\u0259 34 20 Yanvar \u015f\u0259hidinin ail\u0259si m\u0259nzill\u0259 t\u0259min olunub&#8221;.<\/p>\n","protected":false},"excerpt":{"rendered":"<p>2006-c\u0131 il yanvar\u0131n 19-da Prezident \u0130lham \u018fliyevin f\u0259rman\u0131 il\u0259 20 Yanvar \u015f\u0259hidl\u0259rinin ail\u0259l\u0259ri \u00fc\u00e7\u00fcn Az\u0259rbaycan Respublikas\u0131 Prezidentinin t\u0259qa\u00fcd\u00fc t\u0259sis edilib. ARANTV.AZ\u00a0\u00a0Trend-\u0259 istinad\u0259n x\u0259b\u0259r verir ki, bunu Yeni Az\u0259rbaycan Partiyas\u0131n\u0131n (YAP) \u0130cra Katibliyind\u0259 20 Yanvar faci\u0259sinin 30-cu ild\u00f6n\u00fcm\u00fc il\u0259 ba\u011fl\u0131 ke\u00e7iril\u0259n t\u0259dbird\u0259 \u018fm\u0259k v\u0259 \u018fhalinin Sosial M\u00fcdafi\u0259si nazirinin m\u00fcavini Anar \u018fliyev deyib. Onun s\u00f6zl\u0259rin\u0259 \u0259sas\u0259n, f\u0259rmana uy\u011fun olaraq 20 Yanvar \u015f\u0259hidl\u0259ri f\u0259xri ad\u0131 alm\u0131\u015f \u015f\u0259xsl\u0259rin ail\u0259l\u0259ri 100 manat, I d\u0259r\u0259c\u0259 \u0259lilliyi olanlara 250 manat, II d\u0259r\u0259c\u0259 \u0259lilliyi olan \u015f\u0259xsl\u0259r\u0259 230 manat, III d\u0259r\u0259c\u0259 \u0259lilliyi olan \u015f\u0259xsl\u0259r\u0259 is\u0259 210 m\u0259bl\u0259\u011find\u0259 Az\u0259rbaycan Respublikas\u0131&hellip;<\/p>\n","protected":false},"author":2,"featured_media":120078,"comment_status":"closed","ping_status":"closed","sticky":false,"template":"","format":"standard","meta":{"om_disable_all_campaigns":false,"_monsterinsights_skip_tracking":false,"_monsterinsights_sitenote_active":false,"_monsterinsights_sitenote_note":"","_monsterinsights_sitenote_category":0},"categories":[1],"tags":[],"aioseo_notices":[],"gutentor_comment":0,"rttpg_featured_image_url":{"full":["https:\/\/arantv.az\/wp-content\/uploads\/2020\/01\/819068.jpg",600,300,false],"landscape":["https:\/\/arantv.az\/wp-content\/uploads\/2020\/01\/819068.jpg",600,300,false],"portraits":["https:\/\/arantv.az\/wp-content\/uploads\/2020\/01\/819068.jpg",600,300,false],"thumbnail":["https:\/\/arantv.az\/wp-content\/uploads\/2020\/01\/819068-150x150.jpg",150,150,true],"medium":["https:\/\/arantv.az\/wp-content\/uploads\/2020\/01\/819068-300x150.jpg",300,150,true],"large":["https:\/\/arantv.az\/wp-content\/uploads\/2020\/01\/819068.jpg",600,300,false],"1536x1536":["https:\/\/arantv.az\/wp-content\/uploads\/2020\/01\/819068.jpg",600,300,false],"2048x2048":["https:\/\/arantv.az\/wp-content\/uploads\/2020\/01\/819068.jpg",600,300,false],"post-thumbnail":["https:\/\/arantv.az\/wp-content\/uploads\/2020\/01\/819068-240x172.jpg",240,172,true],"advps-thumb-one":["https:\/\/arantv.az\/wp-content\/uploads\/2020\/01\/819068.jpg",600,300,false]},"rttpg_author":{"display_name":"V\u00fcsal Rafiqo\u011flu","author_link":"https:\/\/arantv.az\/?author=2"},"rttpg_comment":0,"rttpg_category":"<a href=\"https:\/\/arantv.az\/?cat=1\" rel=\"category\">C\u0259miyy\u0259t<\/a>","rttpg_excerpt":"2006-c\u0131 il yanvar\u0131n 19-da Prezident \u0130lham \u018fliyevin f\u0259rman\u0131 il\u0259 20 Yanvar \u015f\u0259hidl\u0259rinin ail\u0259l\u0259ri \u00fc\u00e7\u00fcn Az\u0259rbaycan Respublikas\u0131 Prezidentinin t\u0259qa\u00fcd\u00fc t\u0259sis edilib. ARANTV.AZ\u00a0\u00a0Trend-\u0259 istinad\u0259n x\u0259b\u0259r verir ki, bunu Yeni Az\u0259rbaycan Partiyas\u0131n\u0131n (YAP) \u0130cra Katibliyind\u0259 20 Yanvar faci\u0259sinin 30-cu ild\u00f6n\u00fcm\u00fc il\u0259 ba\u011fl\u0131 ke\u00e7iril\u0259n t\u0259dbird\u0259 \u018fm\u0259k v\u0259 \u018fhalinin Sosial M\u00fcdafi\u0259si nazirinin m\u00fcavini Anar \u018fliyev deyib. Onun s\u00f6zl\u0259rin\u0259 \u0259sas\u0259n, f\u0259rmana&hellip;","_links":{"self":[{"href":"https:\/\/arantv.az\/index.php?rest_route=\/wp\/v2\/posts\/120077"}],"collection":[{"href":"https:\/\/arantv.az\/index.php?rest_route=\/wp\/v2\/posts"}],"about":[{"href":"https:\/\/arantv.az\/index.php?rest_route=\/wp\/v2\/types\/post"}],"author":[{"embeddable":true,"href":"https:\/\/arantv.az\/index.php?rest_route=\/wp\/v2\/users\/2"}],"replies":[{"embeddable":true,"href":"https:\/\/arantv.az\/index.php?rest_route=%2Fwp%2Fv2%2Fcomments&post=120077"}],"version-history":[{"count":0,"href":"https:\/\/arantv.az\/index.php?rest_route=\/wp\/v2\/posts\/120077\/revisions"}],"wp:featuredmedia":[{"embeddable":true,"href":"https:\/\/arantv.az\/index.php?rest_route=\/wp\/v2\/media\/120078"}],"wp:attachment":[{"href":"https:\/\/arantv.az\/index.php?rest_route=%2Fwp%2Fv2%2Fmedia&parent=120077"}],"wp:term":[{"taxonomy":"category","embeddable":true,"href":"https:\/\/arantv.az\/index.php?rest_route=%2Fwp%2Fv2%2Fcategories&post=120077"},{"taxonomy":"post_tag","embeddable":true,"href":"https:\/\/arantv.az\/index.php?rest_route=%2Fwp%2Fv2%2Ftags&post=120077"}],"curies":[{"name":"wp","href":"https:\/\/api.w.org\/{rel}","templated":true}]}}