{"id":120097,"date":"2020-01-18T16:16:49","date_gmt":"2020-01-18T13:16:49","guid":{"rendered":"http:\/\/arantv.az\/?p=120097"},"modified":"2020-01-18T16:16:49","modified_gmt":"2020-01-18T13:16:49","slug":"dunya-iqtisadi-forumunun-saytinda-ilham-%c9%99liyevin-m%c9%99qal%c9%99si-d%c9%99rc-edildi","status":"publish","type":"post","link":"https:\/\/arantv.az\/?p=120097","title":{"rendered":"D\u00fcnya \u0130qtisadi Forumunun sayt\u0131nda \u0130lham \u018fliyevin m\u0259qal\u0259si d\u0259rc edildi"},"content":{"rendered":"<p><strong>Davos Forumu kimi tan\u0131nan D\u00fcnya \u0130qtisadi Forumunun sayt\u0131nda Az\u0259rbaycan Prezidenti \u0130lham \u018fliyevin m\u0259qal\u0259si d\u0259rc edilib.<\/strong><\/p>\n<p>D\u00f6vl\u0259t ba\u015f\u00e7\u0131s\u0131 yanvar\u0131n 21-24-d\u0259 ke\u00e7iril\u0259c\u0259k D\u00fcnya \u0130qtisadi Forumunun illik toplant\u0131s\u0131na yazd\u0131\u011f\u0131 m\u0259qal\u0259sind\u0259 Az\u0259rbaycan iqtisadiyyat\u0131n\u0131n 2007-ci ild\u0259n b\u0259ri sabit inki\u015faf trayektoriyas\u0131 c\u0131zd\u0131\u011f\u0131n\u0131, \u00f6lk\u0259nin \u00f6z\u00fcn\u00fc Avropa il\u0259 Asiya aras\u0131nda strateji n\u0259qliyyat m\u0259rk\u0259zi kimi m\u00f6vqe tutdu\u011funu v\u0259 Az\u0259rbaycan\u0131n Avropaya t\u0259bii qaz ixrac\u0131n\u0131 \u0259h\u0259miyy\u0259tli d\u0259r\u0259c\u0259d\u0259 art\u0131rmas\u0131na imkan ver\u0259c\u0259k boru k\u0259m\u0259rl\u0259rinin (TANAP, TAP) inki\u015faf\u0131 bar\u0259d\u0259 yaz\u0131b.<\/p>\n<p>&#8220;2007-ci ild\u0259n b\u0259ri 14-c\u00fc d\u0259f\u0259 Davos Forumunda ke\u00e7iril\u0259c\u0259k illik toplant\u0131ya qat\u0131lma\u011f\u0131 planla\u015fd\u0131r\u0131ram. D\u00fcnya \u0130qtisadi Forumu t\u0259kc\u0259 Az\u0259rbaycan h\u0259qiq\u0259tl\u0259rini d\u00fcnya ictimaiyy\u0259tin\u0259 t\u0259qdim etm\u0259k \u00fc\u00e7\u00fcn yox, h\u0259m d\u0259 qlobal iqtisadi tendensiyalar haqq\u0131nda h\u0259rt\u0259r\u0259fli m\u0259lumat ver\u0259n \u0259la platformad\u0131r. Bu, biz\u0259 sosial-iqtisadi islahatlar\u0131 t\u0259\u015fviq etm\u0259y\u0259 v\u0259 xarici s\u0259rmay\u0259 c\u0259lb etm\u0259y\u0259 yard\u0131m g\u00f6st\u0259rir\u201d, &#8211; Prezident \u0130lham \u018fliyev vur\u011fulay\u0131b.<\/p>\n<p>Qeyd ed\u0259k ki, D\u00fcnya \u0130qtisadi Forumu qlobal iqtisadi prosesl\u0259ri, g\u00fcnd\u0259mi v\u0259 sosial-siyasi prosesl\u0259ri m\u00fczakir\u0259 etm\u0259k \u00fc\u00e7\u00fcn siyas\u0259t\u00e7il\u0259ri, i\u015f adamlar\u0131n\u0131 v\u0259 ictimai t\u0259\u015fkilatlar\u0131 bir araya g\u0259tir\u0259n \u0259n b\u00f6y\u00fck platformalardan biridir. Forum d\u00fcnya iqtisadi tendensiyalar\u0131 haqq\u0131ndak\u0131 \u0259trafl\u0131 m\u0259lumatlara geni\u015f \u00e7\u0131x\u0131\u015f imkan\u0131 verir.<\/p>\n<p>Davosda \u0259n\u0259n\u0259vi illik toplant\u0131da D\u00fcnya \u0130qtisadi Forumu iki qlobal t\u0259\u015f\u0259bb\u00fcs\u00fcn h\u0259yata ke\u00e7irilm\u0259sin\u0259 ba\u015flayacaq. T\u0259\u015f\u0259bb\u00fcsl\u0259rd\u0259n biri d\u00fcnyada 1 milyard insan\u0131n t\u0259hsil almas\u0131na imkan ver\u0259c\u0259k qlobal t\u0259hsil proqram\u0131d\u0131r. \u0130kinci t\u0259\u015f\u0259bb\u00fcs is\u0259 d\u00fcnyada 1 milyard a\u011fac\u0131n \u0259kilm\u0259sidir. (report)<\/p>\n","protected":false},"excerpt":{"rendered":"<p>Davos Forumu kimi tan\u0131nan D\u00fcnya \u0130qtisadi Forumunun sayt\u0131nda Az\u0259rbaycan Prezidenti \u0130lham \u018fliyevin m\u0259qal\u0259si d\u0259rc edilib. D\u00f6vl\u0259t ba\u015f\u00e7\u0131s\u0131 yanvar\u0131n 21-24-d\u0259 ke\u00e7iril\u0259c\u0259k D\u00fcnya \u0130qtisadi Forumunun illik toplant\u0131s\u0131na yazd\u0131\u011f\u0131 m\u0259qal\u0259sind\u0259 Az\u0259rbaycan iqtisadiyyat\u0131n\u0131n 2007-ci ild\u0259n b\u0259ri sabit inki\u015faf trayektoriyas\u0131 c\u0131zd\u0131\u011f\u0131n\u0131, \u00f6lk\u0259nin \u00f6z\u00fcn\u00fc Avropa il\u0259 Asiya aras\u0131nda strateji n\u0259qliyyat m\u0259rk\u0259zi kimi m\u00f6vqe tutdu\u011funu v\u0259 Az\u0259rbaycan\u0131n Avropaya t\u0259bii qaz ixrac\u0131n\u0131 \u0259h\u0259miyy\u0259tli d\u0259r\u0259c\u0259d\u0259 art\u0131rmas\u0131na imkan ver\u0259c\u0259k boru k\u0259m\u0259rl\u0259rinin (TANAP, TAP) inki\u015faf\u0131 bar\u0259d\u0259 yaz\u0131b. &#8220;2007-ci ild\u0259n b\u0259ri 14-c\u00fc d\u0259f\u0259 Davos Forumunda ke\u00e7iril\u0259c\u0259k illik toplant\u0131ya qat\u0131lma\u011f\u0131 planla\u015fd\u0131r\u0131ram. D\u00fcnya \u0130qtisadi Forumu t\u0259kc\u0259 Az\u0259rbaycan h\u0259qiq\u0259tl\u0259rini d\u00fcnya ictimaiyy\u0259tin\u0259 t\u0259qdim etm\u0259k \u00fc\u00e7\u00fcn yox,&hellip;<\/p>\n","protected":false},"author":2,"featured_media":120098,"comment_status":"closed","ping_status":"closed","sticky":false,"template":"","format":"standard","meta":{"om_disable_all_campaigns":false,"_monsterinsights_skip_tracking":false,"_monsterinsights_sitenote_active":false,"_monsterinsights_sitenote_note":"","_monsterinsights_sitenote_category":0},"categories":[4],"tags":[],"aioseo_notices":[],"gutentor_comment":0,"rttpg_featured_image_url":{"full":["https:\/\/arantv.az\/wp-content\/uploads\/2020\/01\/ilham_aliyev_president_291217_1.jpg",800,450,false],"landscape":["https:\/\/arantv.az\/wp-content\/uploads\/2020\/01\/ilham_aliyev_president_291217_1.jpg",800,450,false],"portraits":["https:\/\/arantv.az\/wp-content\/uploads\/2020\/01\/ilham_aliyev_president_291217_1.jpg",800,450,false],"thumbnail":["https:\/\/arantv.az\/wp-content\/uploads\/2020\/01\/ilham_aliyev_president_291217_1-150x150.jpg",150,150,true],"medium":["https:\/\/arantv.az\/wp-content\/uploads\/2020\/01\/ilham_aliyev_president_291217_1-300x169.jpg",300,169,true],"large":["https:\/\/arantv.az\/wp-content\/uploads\/2020\/01\/ilham_aliyev_president_291217_1.jpg",640,360,false],"1536x1536":["https:\/\/arantv.az\/wp-content\/uploads\/2020\/01\/ilham_aliyev_president_291217_1.jpg",800,450,false],"2048x2048":["https:\/\/arantv.az\/wp-content\/uploads\/2020\/01\/ilham_aliyev_president_291217_1.jpg",800,450,false],"post-thumbnail":["https:\/\/arantv.az\/wp-content\/uploads\/2020\/01\/ilham_aliyev_president_291217_1-240x172.jpg",240,172,true],"advps-thumb-one":["https:\/\/arantv.az\/wp-content\/uploads\/2020\/01\/ilham_aliyev_president_291217_1.jpg",800,450,false]},"rttpg_author":{"display_name":"V\u00fcsal Rafiqo\u011flu","author_link":"https:\/\/arantv.az\/?author=2"},"rttpg_comment":0,"rttpg_category":"<a href=\"https:\/\/arantv.az\/?cat=4\" rel=\"category\">Siyas\u0259t<\/a>","rttpg_excerpt":"Davos Forumu kimi tan\u0131nan D\u00fcnya \u0130qtisadi Forumunun sayt\u0131nda Az\u0259rbaycan Prezidenti \u0130lham \u018fliyevin m\u0259qal\u0259si d\u0259rc edilib. D\u00f6vl\u0259t ba\u015f\u00e7\u0131s\u0131 yanvar\u0131n 21-24-d\u0259 ke\u00e7iril\u0259c\u0259k D\u00fcnya \u0130qtisadi Forumunun illik toplant\u0131s\u0131na yazd\u0131\u011f\u0131 m\u0259qal\u0259sind\u0259 Az\u0259rbaycan iqtisadiyyat\u0131n\u0131n 2007-ci ild\u0259n b\u0259ri sabit inki\u015faf trayektoriyas\u0131 c\u0131zd\u0131\u011f\u0131n\u0131, \u00f6lk\u0259nin \u00f6z\u00fcn\u00fc Avropa il\u0259 Asiya aras\u0131nda strateji n\u0259qliyyat m\u0259rk\u0259zi kimi m\u00f6vqe tutdu\u011funu v\u0259 Az\u0259rbaycan\u0131n Avropaya t\u0259bii qaz ixrac\u0131n\u0131 \u0259h\u0259miyy\u0259tli&hellip;","_links":{"self":[{"href":"https:\/\/arantv.az\/index.php?rest_route=\/wp\/v2\/posts\/120097"}],"collection":[{"href":"https:\/\/arantv.az\/index.php?rest_route=\/wp\/v2\/posts"}],"about":[{"href":"https:\/\/arantv.az\/index.php?rest_route=\/wp\/v2\/types\/post"}],"author":[{"embeddable":true,"href":"https:\/\/arantv.az\/index.php?rest_route=\/wp\/v2\/users\/2"}],"replies":[{"embeddable":true,"href":"https:\/\/arantv.az\/index.php?rest_route=%2Fwp%2Fv2%2Fcomments&post=120097"}],"version-history":[{"count":0,"href":"https:\/\/arantv.az\/index.php?rest_route=\/wp\/v2\/posts\/120097\/revisions"}],"wp:featuredmedia":[{"embeddable":true,"href":"https:\/\/arantv.az\/index.php?rest_route=\/wp\/v2\/media\/120098"}],"wp:attachment":[{"href":"https:\/\/arantv.az\/index.php?rest_route=%2Fwp%2Fv2%2Fmedia&parent=120097"}],"wp:term":[{"taxonomy":"category","embeddable":true,"href":"https:\/\/arantv.az\/index.php?rest_route=%2Fwp%2Fv2%2Fcategories&post=120097"},{"taxonomy":"post_tag","embeddable":true,"href":"https:\/\/arantv.az\/index.php?rest_route=%2Fwp%2Fv2%2Ftags&post=120097"}],"curies":[{"name":"wp","href":"https:\/\/api.w.org\/{rel}","templated":true}]}}