{"id":120124,"date":"2020-01-18T16:34:07","date_gmt":"2020-01-18T13:34:07","guid":{"rendered":"http:\/\/arantv.az\/?p=120124"},"modified":"2020-01-18T16:34:07","modified_gmt":"2020-01-18T13:34:07","slug":"vilay%c9%99t-eyvazovdan-gucl%c9%99ndirilmis-rejim-%c9%99mri","status":"publish","type":"post","link":"https:\/\/arantv.az\/?p=120124","title":{"rendered":"Vilay\u0259t Eyvazovdan g\u00fccl\u0259ndirilmi\u015f rejim \u018fMR\u0130"},"content":{"rendered":"<p>20 Yanvar \u00dcmumxalq h\u00fczn g\u00fcn\u00fc daxili i\u015fl\u0259r orqanlar\u0131 g\u00fccl\u0259ndirilmi\u015f i\u015f rejimind\u0259 \u00e7al\u0131\u015facaq. Bununla ba\u011fl\u0131 Daxili \u0130\u015fl\u0259r naziri, general-polkovnik Vilay\u0259t Eyvazov m\u00fcvafiq \u0259mr imzalay\u0131b.<\/p>\n<p>D\u0130N M\u0259tbuat Xidm\u0259tind\u0259n veril\u0259n m\u0259lumata g\u00f6r\u0259, \u0259mr\u0259 \u0259sas\u0259n, 20 Yanvar faci\u0259sinin 30-cu ild\u00f6n\u00fcm\u00fc il\u0259 \u0259laq\u0259dar ke\u00e7iril\u0259n t\u0259dbirl\u0259r zaman\u0131 ictimai qaydan\u0131n qorunmas\u0131 v\u0259 ictimai t\u0259hl\u00fck\u0259sizliyin t\u0259min edilm\u0259si m\u0259qs\u0259dil\u0259 daxili i\u015fl\u0259r orqanlar\u0131 v\u0259 Daxili Qo\u015funlar\u0131n \u015f\u0259xsi hey\u0259ti g\u00fccl\u0259ndirilmi\u015f i\u015f rejimid\u0259 xidm\u0259t aparacaq.<\/p>\n<p>\u015e\u0259hidl\u0259r xiyaban\u0131na ziyar\u0259t\u0259 g\u0259l\u0259n v\u0259t\u0259nda\u015flar\u0131m\u0131z\u0131n s\u0259rb\u0259st v\u0259 mane\u0259siz h\u0259r\u0259k\u0259t etm\u0259l\u0259ri, respublika \u0259razisind\u0259 20 Yanvar faci\u0259si il\u0259 \u0259laq\u0259dar ke\u00e7iril\u0259c\u0259k t\u0259dbirl\u0259r v\u0259 m\u0259rasiml\u0259r zaman\u0131, el\u0259c\u0259 d\u0259 Bak\u0131 Metropoliteninin stansiyalar\u0131nda t\u0259hl\u00fck\u0259sizliyin t\u0259min olunmas\u0131 \u00fc\u00e7\u00fcn polis \u0259m\u0259kda\u015flar\u0131 q\u00fcvv\u0259l\u0259rini s\u0259f\u0259rb\u0259r ed\u0259c\u0259kl\u0259r.<\/p>\n<div id=\"AdviadNativeVideo0\" class=\"AdviadNativeVideo\"><\/div>\n<p>H\u0259min g\u00fcn t\u0131xaclar\u0131n yaranmas\u0131 ehtimal olunan \u0259razil\u0259r \u0259vv\u0259lc\u0259d\u0259n m\u00fc\u0259yy\u0259n edil\u0259r\u0259k n\u0259qliyyat vasit\u0259l\u0259rinin h\u0259r\u0259k\u0259tinin t\u0259nziml\u0259nm\u0259si m\u0259qs\u0259dil\u0259 z\u0259ruri t\u0259dbirl\u0259r g\u00f6r\u00fcl\u0259c\u0259k.<\/p>\n<p>Saat 12.00-da \u015f\u0259hidl\u0259rin xatir\u0259si bir d\u0259qiq\u0259lik s\u00fckutla yad edil\u0259c\u0259k.<\/p>\n<p>Avton\u0259qliyyat vasit\u0259l\u0259rinin s\u00fcr\u00fcc\u00fcl\u0259ri t\u0259r\u0259find\u0259n s\u0259s siqnallar\u0131n\u0131n verilm\u0259si \u00fc\u00e7\u00fcn m\u00fcvafiq t\u0259dbirl\u0259r h\u0259yata ke\u00e7iril\u0259c\u0259k.<\/p>\n","protected":false},"excerpt":{"rendered":"<p>20 Yanvar \u00dcmumxalq h\u00fczn g\u00fcn\u00fc daxili i\u015fl\u0259r orqanlar\u0131 g\u00fccl\u0259ndirilmi\u015f i\u015f rejimind\u0259 \u00e7al\u0131\u015facaq. Bununla ba\u011fl\u0131 Daxili \u0130\u015fl\u0259r naziri, general-polkovnik Vilay\u0259t Eyvazov m\u00fcvafiq \u0259mr imzalay\u0131b. D\u0130N M\u0259tbuat Xidm\u0259tind\u0259n veril\u0259n m\u0259lumata g\u00f6r\u0259, \u0259mr\u0259 \u0259sas\u0259n, 20 Yanvar faci\u0259sinin 30-cu ild\u00f6n\u00fcm\u00fc il\u0259 \u0259laq\u0259dar ke\u00e7iril\u0259n t\u0259dbirl\u0259r zaman\u0131 ictimai qaydan\u0131n qorunmas\u0131 v\u0259 ictimai t\u0259hl\u00fck\u0259sizliyin t\u0259min edilm\u0259si m\u0259qs\u0259dil\u0259 daxili i\u015fl\u0259r orqanlar\u0131 v\u0259 Daxili Qo\u015funlar\u0131n \u015f\u0259xsi hey\u0259ti g\u00fccl\u0259ndirilmi\u015f i\u015f rejimid\u0259 xidm\u0259t aparacaq. \u015e\u0259hidl\u0259r xiyaban\u0131na ziyar\u0259t\u0259 g\u0259l\u0259n v\u0259t\u0259nda\u015flar\u0131m\u0131z\u0131n s\u0259rb\u0259st v\u0259 mane\u0259siz h\u0259r\u0259k\u0259t etm\u0259l\u0259ri, respublika \u0259razisind\u0259 20 Yanvar faci\u0259si il\u0259 \u0259laq\u0259dar ke\u00e7iril\u0259c\u0259k t\u0259dbirl\u0259r v\u0259 m\u0259rasiml\u0259r zaman\u0131, el\u0259c\u0259 d\u0259 Bak\u0131 Metropoliteninin stansiyalar\u0131nda&hellip;<\/p>\n","protected":false},"author":2,"featured_media":120125,"comment_status":"closed","ping_status":"closed","sticky":false,"template":"","format":"standard","meta":{"om_disable_all_campaigns":false,"_monsterinsights_skip_tracking":false,"_monsterinsights_sitenote_active":false,"_monsterinsights_sitenote_note":"","_monsterinsights_sitenote_category":0},"categories":[1],"tags":[],"aioseo_notices":[],"gutentor_comment":0,"rttpg_featured_image_url":{"full":["https:\/\/arantv.az\/wp-content\/uploads\/2020\/01\/157554644615681514595de8ee4eb77bd.jpg",620,410,false],"landscape":["https:\/\/arantv.az\/wp-content\/uploads\/2020\/01\/157554644615681514595de8ee4eb77bd.jpg",620,410,false],"portraits":["https:\/\/arantv.az\/wp-content\/uploads\/2020\/01\/157554644615681514595de8ee4eb77bd.jpg",620,410,false],"thumbnail":["https:\/\/arantv.az\/wp-content\/uploads\/2020\/01\/157554644615681514595de8ee4eb77bd-150x150.jpg",150,150,true],"medium":["https:\/\/arantv.az\/wp-content\/uploads\/2020\/01\/157554644615681514595de8ee4eb77bd-300x198.jpg",300,198,true],"large":["https:\/\/arantv.az\/wp-content\/uploads\/2020\/01\/157554644615681514595de8ee4eb77bd.jpg",620,410,false],"1536x1536":["https:\/\/arantv.az\/wp-content\/uploads\/2020\/01\/157554644615681514595de8ee4eb77bd.jpg",620,410,false],"2048x2048":["https:\/\/arantv.az\/wp-content\/uploads\/2020\/01\/157554644615681514595de8ee4eb77bd.jpg",620,410,false],"post-thumbnail":["https:\/\/arantv.az\/wp-content\/uploads\/2020\/01\/157554644615681514595de8ee4eb77bd-240x172.jpg",240,172,true],"advps-thumb-one":["https:\/\/arantv.az\/wp-content\/uploads\/2020\/01\/157554644615681514595de8ee4eb77bd.jpg",620,410,false]},"rttpg_author":{"display_name":"V\u00fcsal Rafiqo\u011flu","author_link":"https:\/\/arantv.az\/?author=2"},"rttpg_comment":0,"rttpg_category":"<a href=\"https:\/\/arantv.az\/?cat=1\" rel=\"category\">C\u0259miyy\u0259t<\/a>","rttpg_excerpt":"20 Yanvar \u00dcmumxalq h\u00fczn g\u00fcn\u00fc daxili i\u015fl\u0259r orqanlar\u0131 g\u00fccl\u0259ndirilmi\u015f i\u015f rejimind\u0259 \u00e7al\u0131\u015facaq. Bununla ba\u011fl\u0131 Daxili \u0130\u015fl\u0259r naziri, general-polkovnik Vilay\u0259t Eyvazov m\u00fcvafiq \u0259mr imzalay\u0131b. D\u0130N M\u0259tbuat Xidm\u0259tind\u0259n veril\u0259n m\u0259lumata g\u00f6r\u0259, \u0259mr\u0259 \u0259sas\u0259n, 20 Yanvar faci\u0259sinin 30-cu ild\u00f6n\u00fcm\u00fc il\u0259 \u0259laq\u0259dar ke\u00e7iril\u0259n t\u0259dbirl\u0259r zaman\u0131 ictimai qaydan\u0131n qorunmas\u0131 v\u0259 ictimai t\u0259hl\u00fck\u0259sizliyin t\u0259min edilm\u0259si m\u0259qs\u0259dil\u0259 daxili i\u015fl\u0259r orqanlar\u0131 v\u0259 Daxili&hellip;","_links":{"self":[{"href":"https:\/\/arantv.az\/index.php?rest_route=\/wp\/v2\/posts\/120124"}],"collection":[{"href":"https:\/\/arantv.az\/index.php?rest_route=\/wp\/v2\/posts"}],"about":[{"href":"https:\/\/arantv.az\/index.php?rest_route=\/wp\/v2\/types\/post"}],"author":[{"embeddable":true,"href":"https:\/\/arantv.az\/index.php?rest_route=\/wp\/v2\/users\/2"}],"replies":[{"embeddable":true,"href":"https:\/\/arantv.az\/index.php?rest_route=%2Fwp%2Fv2%2Fcomments&post=120124"}],"version-history":[{"count":0,"href":"https:\/\/arantv.az\/index.php?rest_route=\/wp\/v2\/posts\/120124\/revisions"}],"wp:featuredmedia":[{"embeddable":true,"href":"https:\/\/arantv.az\/index.php?rest_route=\/wp\/v2\/media\/120125"}],"wp:attachment":[{"href":"https:\/\/arantv.az\/index.php?rest_route=%2Fwp%2Fv2%2Fmedia&parent=120124"}],"wp:term":[{"taxonomy":"category","embeddable":true,"href":"https:\/\/arantv.az\/index.php?rest_route=%2Fwp%2Fv2%2Fcategories&post=120124"},{"taxonomy":"post_tag","embeddable":true,"href":"https:\/\/arantv.az\/index.php?rest_route=%2Fwp%2Fv2%2Ftags&post=120124"}],"curies":[{"name":"wp","href":"https:\/\/api.w.org\/{rel}","templated":true}]}}