{"id":120193,"date":"2020-01-20T08:59:14","date_gmt":"2020-01-20T05:59:14","guid":{"rendered":"http:\/\/arantv.az\/?p=120193"},"modified":"2020-01-20T08:59:14","modified_gmt":"2020-01-20T05:59:14","slug":"mehriban-%c9%99liyeva-20-yanvar-1990-ci-il-az%c9%99rbaycanin-tarixin%c9%99-%c9%99n-faci%c9%99li-gunl%c9%99rd%c9%99n-biri-kimi-daxil-olub-foto","status":"publish","type":"post","link":"https:\/\/arantv.az\/?p=120193","title":{"rendered":"Mehriban \u018fliyeva: 20 Yanvar 1990-c\u0131 il Az\u0259rbaycan\u0131n tarixin\u0259 \u0259n faci\u0259li g\u00fcnl\u0259rd\u0259n biri kimi daxil olub &#8211; FOTO"},"content":{"rendered":"<p>Az\u0259rbaycan Respublikas\u0131n\u0131n Birinci vitse-prezidenti Mehriban \u018fliyeva sosial \u015f\u0259b\u0259k\u0259d\u0259 20 Yanvar faci\u0259sinin 30-cu ild\u00f6n\u00fcm\u00fc il\u0259 ba\u011fl\u0131 payla\u015f\u0131m edib.<\/p>\n<p><strong>ARANTV.AZ\u00a0<\/strong>\u00a0x\u0259b\u0259r verir ki, payla\u015f\u0131mda deyilir: \u201c20 Yanvar 1990-c\u0131 il Az\u0259rbaycan\u0131n tarixin\u0259 \u0259n faci\u0259li g\u00fcnl\u0259rd\u0259n biri kimi daxil olub. 30 il bundan \u0259vv\u0259l xalq\u0131m\u0131z\u0131n q\u0259hr\u0259man o\u011ful v\u0259 q\u0131zlar\u0131 azadl\u0131q v\u0259 V\u0259t\u0259nimizin istiqlaliyy\u0259ti u\u011frunda canlar\u0131ndan ke\u00e7\u0259r\u0259k, \u015f\u0259hidlik zirv\u0259sin\u0259 ucalm\u0131\u015flar.<\/p>\n<article class=\"news\">\n<div class=\"news-inner\">\n<p>\u00dcmumxalq H\u00fczn G\u00fcn\u00fcnd\u0259 20 Yanvar faci\u0259sinin g\u00fcnahs\u0131z qurbanlar\u0131n\u0131n \u0259ziz xatir\u0259sini ehtiramla yad edir, b\u00fct\u00fcn \u015f\u0259hidl\u0259rimiz\u0259 Allahdan r\u0259hm\u0259t dil\u0259yir\u0259m\u201d.<\/p>\n<p>&nbsp;<\/p>\n<p><iframe loading=\"lazy\" id=\"instagram-embed-0\" class=\"instagram-media instagram-media-rendered\" src=\"https:\/\/www.instagram.com\/p\/B7g4u6Xgj3-\/embed\/captioned\/?cr=1&amp;v=12&amp;wp=540&amp;rd=https%3A%2F%2Foxu.az&amp;rp=%2Fpolitics%2F356892#%7B%22ci%22%3A0%2C%22os%22%3A4386.75000000012%2C%22ls%22%3A1783.3550000000287%2C%22le%22%3A1909.2799999998533%7D\" width=\"300\" height=\"996\" frameborder=\"0\" scrolling=\"no\" allowfullscreen=\"allowfullscreen\" data-instgrm-payload-id=\"instagram-media-payload-0\" data-mce-fragment=\"1\"><\/iframe><\/div>\n<\/article>\n<h2 class=\"news-share-title\"><\/h2>\n","protected":false},"excerpt":{"rendered":"<p>Az\u0259rbaycan Respublikas\u0131n\u0131n Birinci vitse-prezidenti Mehriban \u018fliyeva sosial \u015f\u0259b\u0259k\u0259d\u0259 20 Yanvar faci\u0259sinin 30-cu ild\u00f6n\u00fcm\u00fc il\u0259 ba\u011fl\u0131 payla\u015f\u0131m edib. ARANTV.AZ\u00a0\u00a0x\u0259b\u0259r verir ki, payla\u015f\u0131mda deyilir: \u201c20 Yanvar 1990-c\u0131 il Az\u0259rbaycan\u0131n tarixin\u0259 \u0259n faci\u0259li g\u00fcnl\u0259rd\u0259n biri kimi daxil olub. 30 il bundan \u0259vv\u0259l xalq\u0131m\u0131z\u0131n q\u0259hr\u0259man o\u011ful v\u0259 q\u0131zlar\u0131 azadl\u0131q v\u0259 V\u0259t\u0259nimizin istiqlaliyy\u0259ti u\u011frunda canlar\u0131ndan ke\u00e7\u0259r\u0259k, \u015f\u0259hidlik zirv\u0259sin\u0259 ucalm\u0131\u015flar. \u00dcmumxalq H\u00fczn G\u00fcn\u00fcnd\u0259 20 Yanvar faci\u0259sinin g\u00fcnahs\u0131z qurbanlar\u0131n\u0131n \u0259ziz xatir\u0259sini ehtiramla yad edir, b\u00fct\u00fcn \u015f\u0259hidl\u0259rimiz\u0259 Allahdan r\u0259hm\u0259t dil\u0259yir\u0259m\u201d. &nbsp;<\/p>\n","protected":false},"author":2,"featured_media":120194,"comment_status":"closed","ping_status":"closed","sticky":false,"template":"","format":"standard","meta":{"om_disable_all_campaigns":false,"_monsterinsights_skip_tracking":false,"_monsterinsights_sitenote_active":false,"_monsterinsights_sitenote_note":"","_monsterinsights_sitenote_category":0},"categories":[4],"tags":[],"aioseo_notices":[],"gutentor_comment":0,"rttpg_featured_image_url":{"full":["https:\/\/arantv.az\/wp-content\/uploads\/2020\/01\/MEHR\u00c4\u00b0BAN\u00c6_L\u00c4\u00b0YEVA.jpg",620,433,false],"landscape":["https:\/\/arantv.az\/wp-content\/uploads\/2020\/01\/MEHR\u00c4\u00b0BAN\u00c6_L\u00c4\u00b0YEVA.jpg",620,433,false],"portraits":["https:\/\/arantv.az\/wp-content\/uploads\/2020\/01\/MEHR\u00c4\u00b0BAN\u00c6_L\u00c4\u00b0YEVA.jpg",620,433,false],"thumbnail":["https:\/\/arantv.az\/wp-content\/uploads\/2020\/01\/MEHR\u00c4\u00b0BAN\u00c6_L\u00c4\u00b0YEVA-150x150.jpg",150,150,true],"medium":["https:\/\/arantv.az\/wp-content\/uploads\/2020\/01\/MEHR\u00c4\u00b0BAN\u00c6_L\u00c4\u00b0YEVA-300x210.jpg",300,210,true],"large":["https:\/\/arantv.az\/wp-content\/uploads\/2020\/01\/MEHR\u00c4\u00b0BAN\u00c6_L\u00c4\u00b0YEVA.jpg",620,433,false],"1536x1536":["https:\/\/arantv.az\/wp-content\/uploads\/2020\/01\/MEHR\u00c4\u00b0BAN\u00c6_L\u00c4\u00b0YEVA.jpg",620,433,false],"2048x2048":["https:\/\/arantv.az\/wp-content\/uploads\/2020\/01\/MEHR\u00c4\u00b0BAN\u00c6_L\u00c4\u00b0YEVA.jpg",620,433,false],"post-thumbnail":["https:\/\/arantv.az\/wp-content\/uploads\/2020\/01\/MEHR\u00c4\u00b0BAN\u00c6_L\u00c4\u00b0YEVA-240x172.jpg",240,172,true],"advps-thumb-one":["https:\/\/arantv.az\/wp-content\/uploads\/2020\/01\/MEHR\u00c4\u00b0BAN\u00c6_L\u00c4\u00b0YEVA.jpg",620,433,false]},"rttpg_author":{"display_name":"V\u00fcsal Rafiqo\u011flu","author_link":"https:\/\/arantv.az\/?author=2"},"rttpg_comment":0,"rttpg_category":"<a href=\"https:\/\/arantv.az\/?cat=4\" rel=\"category\">Siyas\u0259t<\/a>","rttpg_excerpt":"Az\u0259rbaycan Respublikas\u0131n\u0131n Birinci vitse-prezidenti Mehriban \u018fliyeva sosial \u015f\u0259b\u0259k\u0259d\u0259 20 Yanvar faci\u0259sinin 30-cu ild\u00f6n\u00fcm\u00fc il\u0259 ba\u011fl\u0131 payla\u015f\u0131m edib. ARANTV.AZ\u00a0\u00a0x\u0259b\u0259r verir ki, payla\u015f\u0131mda deyilir: \u201c20 Yanvar 1990-c\u0131 il Az\u0259rbaycan\u0131n tarixin\u0259 \u0259n faci\u0259li g\u00fcnl\u0259rd\u0259n biri kimi daxil olub. 30 il bundan \u0259vv\u0259l xalq\u0131m\u0131z\u0131n q\u0259hr\u0259man o\u011ful v\u0259 q\u0131zlar\u0131 azadl\u0131q v\u0259 V\u0259t\u0259nimizin istiqlaliyy\u0259ti u\u011frunda canlar\u0131ndan ke\u00e7\u0259r\u0259k, \u015f\u0259hidlik zirv\u0259sin\u0259 ucalm\u0131\u015flar. \u00dcmumxalq&hellip;","_links":{"self":[{"href":"https:\/\/arantv.az\/index.php?rest_route=\/wp\/v2\/posts\/120193"}],"collection":[{"href":"https:\/\/arantv.az\/index.php?rest_route=\/wp\/v2\/posts"}],"about":[{"href":"https:\/\/arantv.az\/index.php?rest_route=\/wp\/v2\/types\/post"}],"author":[{"embeddable":true,"href":"https:\/\/arantv.az\/index.php?rest_route=\/wp\/v2\/users\/2"}],"replies":[{"embeddable":true,"href":"https:\/\/arantv.az\/index.php?rest_route=%2Fwp%2Fv2%2Fcomments&post=120193"}],"version-history":[{"count":0,"href":"https:\/\/arantv.az\/index.php?rest_route=\/wp\/v2\/posts\/120193\/revisions"}],"wp:featuredmedia":[{"embeddable":true,"href":"https:\/\/arantv.az\/index.php?rest_route=\/wp\/v2\/media\/120194"}],"wp:attachment":[{"href":"https:\/\/arantv.az\/index.php?rest_route=%2Fwp%2Fv2%2Fmedia&parent=120193"}],"wp:term":[{"taxonomy":"category","embeddable":true,"href":"https:\/\/arantv.az\/index.php?rest_route=%2Fwp%2Fv2%2Fcategories&post=120193"},{"taxonomy":"post_tag","embeddable":true,"href":"https:\/\/arantv.az\/index.php?rest_route=%2Fwp%2Fv2%2Ftags&post=120193"}],"curies":[{"name":"wp","href":"https:\/\/api.w.org\/{rel}","templated":true}]}}