{"id":1202,"date":"2018-07-26T13:15:50","date_gmt":"2018-07-26T10:15:50","guid":{"rendered":"http:\/\/arantv.az\/?p=1202"},"modified":"2018-07-26T13:15:50","modified_gmt":"2018-07-26T10:15:50","slug":"ekspert-az%c9%99rbaycan-dozumluluk-prinsipinin-n%c9%99-q%c9%99d%c9%99r-yuks%c9%99k-s%c9%99viyy%c9%99d%c9%99-oldugunu-subut-edir","status":"publish","type":"post","link":"https:\/\/arantv.az\/?p=1202","title":{"rendered":"Ekspert: &#8220;Az\u0259rbaycan d\u00f6z\u00fcml\u00fcl\u00fck prinsipinin n\u0259 q\u0259d\u0259r y\u00fcks\u0259k s\u0259viyy\u0259d\u0259 oldu\u011funu s\u00fcbut edir&#8221;"},"content":{"rendered":"<blockquote>\n<h4><em><strong>Az\u0259rbaycanda &#8220;Jara&#8221; festival\u0131n\u0131n ke\u00e7irilm\u0259sini, ilk n\u00f6vb\u0259d\u0259, \u00f6lk\u0259mizin m\u0259d\u0259niyy\u0259t sah\u0259sind\u0259 \u0259ld\u0259 etdiyi u\u011fur kimi qiym\u0259tl\u0259ndirm\u0259k laz\u0131md\u0131r. Bel\u0259 ki, bu festivalda bir \u00e7ox tan\u0131nm\u0131\u015f xarici estrada ulduzlar\u0131n\u0131n i\u015ftirak\u0131, Az\u0259rbaycan\u0131n tan\u0131d\u0131lmas\u0131, \u00f6lk\u0259mizin tolerant v\u0259 multikultural d\u0259y\u0259rl\u0259ri istiqam\u0259tind\u0259 at\u0131lan \u0259h\u0259miyy\u0259tli add\u0131md\u0131r.<\/strong><\/em><\/h4>\n<\/blockquote>\n<p><strong>ARANTV.AZ\u00a0<\/strong> x\u0259b\u0259r verir ki, bu fikirl\u0259ri trend-\u0259 ekspert B\u0259hruz Quliyev erm\u0259ni \u0259silli Zara Mqoyan\u0131n &#8220;Jara&#8221; festival\u0131nda i\u015ftirak etm\u0259sin\u0259 m\u00fcnasib\u0259tini a\u00e7\u0131qlayark\u0259n deyib.<\/p>\n<p>Onun s\u00f6zl\u0259rin\u0259 g\u00f6r\u0259, ad\u0131\u00e7\u0259kil\u0259n m\u00fc\u011f\u0259nni festival \u00e7\u0259r\u00e7iv\u0259sind\u0259 Az\u0259rbaycan dilind\u0259 mahn\u0131 da ifa ed\u0259c\u0259k v\u0259 bu add\u0131m bilavasit\u0259 bir erm\u0259ni \u0259silli m\u0259d\u0259niyy\u0259t n\u00fcmay\u0259nd\u0259sinin Az\u0259rbaycan\u0131n h\u0259qiq\u0259tl\u0259rinin t\u0259bli\u011find\u0259 rol almas\u0131 kimi d\u0259 d\u0259y\u0259rl\u0259ndiril\u0259 bil\u0259r:<\/p>\n<div id=\"AdributorNativeVideo0\" class=\"AdributorNativeVideo\"><\/div>\n<p>&#8220;Kims\u0259y\u0259 sirr deyil ki, t\u0259kc\u0259 Az\u0259rbaycanda 30 min\u0259 yax\u0131n erm\u0259ni \u0259silli ya\u015fay\u0131r, Erm\u0259nistan is\u0259 dem\u0259k olar ki, erm\u0259nil\u0259rd\u0259n ibar\u0259t olan bir \u00f6lk\u0259dir. \u018flb\u0259tt\u0259, \u0259g\u0259r n\u0259z\u0259r\u0259 alsaq ki, Erm\u0259nistan monoetnik d\u00f6vl\u0259tdir v\u0259 orada ya\u015fayan \u0259halinin 95 faizi erm\u0259nidir, bu zaman Az\u0259rbaycanda s\u00fclhp\u0259rv\u0259r v\u0259 d\u00f6z\u00fcml\u00fcl\u00fck prinsipinin n\u0259 q\u0259d\u0259r y\u00fcks\u0259k s\u0259viyy\u0259d\u0259 oldu\u011funun \u015fahidi olar\u0131q&#8221;.<\/p>\n<p>Ekspert son olaraq vur\u011fulay\u0131b ki, siyas\u0259tl\u0259 m\u0259d\u0259niyy\u0259ti qar\u0131\u015fd\u0131rmaq do\u011fru se\u00e7im deyil: &#8220;Siyas\u0259tl\u0259 siyas\u0259t\u00e7il\u0259r m\u0259\u015f\u011ful olurlar. M\u0259d\u0259niyy\u0259t is\u0259 insanlara xo\u015f ovqat b\u0259x\u015f ed\u0259n bir sah\u0259dir. &#8220;Jara&#8221; festival\u0131 da art\u0131q bir \u0259n\u0259n\u0259 \u015f\u0259klini alaraq, \u0259n tan\u0131nm\u0131\u015f m\u0259d\u0259niyy\u0259t ulduzlar\u0131n\u0131n Bak\u0131ya g\u0259lm\u0259sini t\u0259min edir. Hesab edir\u0259m ki, bu d\u0259f\u0259 ke\u00e7iril\u0259n festival da d\u00fcnyan\u0131n diqq\u0259tind\u0259 olacaq v\u0259 \u00f6lk\u0259mizin ad\u0131 n\u00f6vb\u0259ti d\u0259f\u0259 y\u00fcks\u0259kl\u0259r\u0259 ucalacaq&#8221;.<\/p>\n","protected":false},"excerpt":{"rendered":"<p>Az\u0259rbaycanda &#8220;Jara&#8221; festival\u0131n\u0131n ke\u00e7irilm\u0259sini, ilk n\u00f6vb\u0259d\u0259, \u00f6lk\u0259mizin m\u0259d\u0259niyy\u0259t sah\u0259sind\u0259 \u0259ld\u0259 etdiyi u\u011fur kimi qiym\u0259tl\u0259ndirm\u0259k laz\u0131md\u0131r. Bel\u0259 ki, bu festivalda bir \u00e7ox tan\u0131nm\u0131\u015f xarici estrada ulduzlar\u0131n\u0131n i\u015ftirak\u0131, Az\u0259rbaycan\u0131n tan\u0131d\u0131lmas\u0131, \u00f6lk\u0259mizin tolerant v\u0259 multikultural d\u0259y\u0259rl\u0259ri istiqam\u0259tind\u0259 at\u0131lan \u0259h\u0259miyy\u0259tli add\u0131md\u0131r. ARANTV.AZ\u00a0 x\u0259b\u0259r verir ki, bu fikirl\u0259ri trend-\u0259 ekspert B\u0259hruz Quliyev erm\u0259ni \u0259silli Zara Mqoyan\u0131n &#8220;Jara&#8221; festival\u0131nda i\u015ftirak etm\u0259sin\u0259 m\u00fcnasib\u0259tini a\u00e7\u0131qlayark\u0259n deyib. Onun s\u00f6zl\u0259rin\u0259 g\u00f6r\u0259, ad\u0131\u00e7\u0259kil\u0259n m\u00fc\u011f\u0259nni festival \u00e7\u0259r\u00e7iv\u0259sind\u0259 Az\u0259rbaycan dilind\u0259 mahn\u0131 da ifa ed\u0259c\u0259k v\u0259 bu add\u0131m bilavasit\u0259 bir erm\u0259ni \u0259silli m\u0259d\u0259niyy\u0259t n\u00fcmay\u0259nd\u0259sinin Az\u0259rbaycan\u0131n h\u0259qiq\u0259tl\u0259rinin t\u0259bli\u011find\u0259 rol almas\u0131 kimi d\u0259 d\u0259y\u0259rl\u0259ndiril\u0259 bil\u0259r: &#8220;Kims\u0259y\u0259&hellip;<\/p>\n","protected":false},"author":2,"featured_media":1203,"comment_status":"open","ping_status":"open","sticky":false,"template":"","format":"standard","meta":{"om_disable_all_campaigns":false,"_monsterinsights_skip_tracking":false,"_monsterinsights_sitenote_active":false,"_monsterinsights_sitenote_note":"","_monsterinsights_sitenote_category":0},"categories":[1],"tags":[],"aioseo_notices":[],"gutentor_comment":0,"rttpg_featured_image_url":{"full":["https:\/\/arantv.az\/wp-content\/uploads\/2018\/07\/behruz_quliyev_0256.jpg",800,600,false],"landscape":["https:\/\/arantv.az\/wp-content\/uploads\/2018\/07\/behruz_quliyev_0256.jpg",800,600,false],"portraits":["https:\/\/arantv.az\/wp-content\/uploads\/2018\/07\/behruz_quliyev_0256.jpg",800,600,false],"thumbnail":["https:\/\/arantv.az\/wp-content\/uploads\/2018\/07\/behruz_quliyev_0256-150x150.jpg",150,150,true],"medium":["https:\/\/arantv.az\/wp-content\/uploads\/2018\/07\/behruz_quliyev_0256-300x225.jpg",300,225,true],"large":["https:\/\/arantv.az\/wp-content\/uploads\/2018\/07\/behruz_quliyev_0256.jpg",640,480,false],"1536x1536":["https:\/\/arantv.az\/wp-content\/uploads\/2018\/07\/behruz_quliyev_0256.jpg",800,600,false],"2048x2048":["https:\/\/arantv.az\/wp-content\/uploads\/2018\/07\/behruz_quliyev_0256.jpg",800,600,false],"post-thumbnail":["https:\/\/arantv.az\/wp-content\/uploads\/2018\/07\/behruz_quliyev_0256.jpg",229,172,false],"advps-thumb-one":["https:\/\/arantv.az\/wp-content\/uploads\/2018\/07\/behruz_quliyev_0256.jpg",800,600,false]},"rttpg_author":{"display_name":"V\u00fcsal Rafiqo\u011flu","author_link":"https:\/\/arantv.az\/?author=2"},"rttpg_comment":0,"rttpg_category":"<a href=\"https:\/\/arantv.az\/?cat=1\" rel=\"category\">C\u0259miyy\u0259t<\/a>","rttpg_excerpt":"Az\u0259rbaycanda &#8220;Jara&#8221; festival\u0131n\u0131n ke\u00e7irilm\u0259sini, ilk n\u00f6vb\u0259d\u0259, \u00f6lk\u0259mizin m\u0259d\u0259niyy\u0259t sah\u0259sind\u0259 \u0259ld\u0259 etdiyi u\u011fur kimi qiym\u0259tl\u0259ndirm\u0259k laz\u0131md\u0131r. Bel\u0259 ki, bu festivalda bir \u00e7ox tan\u0131nm\u0131\u015f xarici estrada ulduzlar\u0131n\u0131n i\u015ftirak\u0131, Az\u0259rbaycan\u0131n tan\u0131d\u0131lmas\u0131, \u00f6lk\u0259mizin tolerant v\u0259 multikultural d\u0259y\u0259rl\u0259ri istiqam\u0259tind\u0259 at\u0131lan \u0259h\u0259miyy\u0259tli add\u0131md\u0131r. ARANTV.AZ\u00a0 x\u0259b\u0259r verir ki, bu fikirl\u0259ri trend-\u0259 ekspert B\u0259hruz Quliyev erm\u0259ni \u0259silli Zara Mqoyan\u0131n &#8220;Jara&#8221; festival\u0131nda i\u015ftirak etm\u0259sin\u0259&hellip;","_links":{"self":[{"href":"https:\/\/arantv.az\/index.php?rest_route=\/wp\/v2\/posts\/1202"}],"collection":[{"href":"https:\/\/arantv.az\/index.php?rest_route=\/wp\/v2\/posts"}],"about":[{"href":"https:\/\/arantv.az\/index.php?rest_route=\/wp\/v2\/types\/post"}],"author":[{"embeddable":true,"href":"https:\/\/arantv.az\/index.php?rest_route=\/wp\/v2\/users\/2"}],"replies":[{"embeddable":true,"href":"https:\/\/arantv.az\/index.php?rest_route=%2Fwp%2Fv2%2Fcomments&post=1202"}],"version-history":[{"count":0,"href":"https:\/\/arantv.az\/index.php?rest_route=\/wp\/v2\/posts\/1202\/revisions"}],"wp:featuredmedia":[{"embeddable":true,"href":"https:\/\/arantv.az\/index.php?rest_route=\/wp\/v2\/media\/1203"}],"wp:attachment":[{"href":"https:\/\/arantv.az\/index.php?rest_route=%2Fwp%2Fv2%2Fmedia&parent=1202"}],"wp:term":[{"taxonomy":"category","embeddable":true,"href":"https:\/\/arantv.az\/index.php?rest_route=%2Fwp%2Fv2%2Fcategories&post=1202"},{"taxonomy":"post_tag","embeddable":true,"href":"https:\/\/arantv.az\/index.php?rest_route=%2Fwp%2Fv2%2Ftags&post=1202"}],"curies":[{"name":"wp","href":"https:\/\/api.w.org\/{rel}","templated":true}]}}