{"id":120274,"date":"2020-01-20T09:42:59","date_gmt":"2020-01-20T06:42:59","guid":{"rendered":"http:\/\/arantv.az\/?p=120274"},"modified":"2020-01-20T09:42:59","modified_gmt":"2020-01-20T06:42:59","slug":"t%c9%99briz-m%c9%99tbuati-20-yanvar-faci%c9%99si-bar%c9%99d%c9%99-m%c9%99qal%c9%99-yayib","status":"publish","type":"post","link":"https:\/\/arantv.az\/?p=120274","title":{"rendered":"T\u0259briz m\u0259tbuat\u0131 20 Yanvar faci\u0259si bar\u0259d\u0259 m\u0259qal\u0259 yay\u0131b"},"content":{"rendered":"<p>T\u0259briz \u015f\u0259h\u0259rind\u0259 f\u0259aliyy\u0259t g\u00f6st\u0259r\u0259n \u201cF\u0259cr Az\u0259rbaycan\u201d q\u0259zetind\u0259, \u201cShabestan.ir\u201d sayt\u0131nda v\u0259 \u201cSarirnews Agency\u201dd\u0259 20 Yanvar faci\u0259sind\u0259n 30 il ke\u00e7m\u0259sin\u0259 baxmayaraq, Az\u0259rbaycan xalq\u0131 h\u0259l\u0259 d\u0259 bu a\u011fr\u0131n\u0131 \u00f6z q\u0259lbind\u0259 hiss edir\u201d s\u0259rl\u00f6vh\u0259li m\u0259qal\u0259 d\u0259rc olunub.<\/p>\n<p>M\u0259qal\u0259d\u0259 qeyd olunub ki, 20 Yanvar Az\u0259rbaycan tarixind\u0259 silinm\u0259z iz burax\u0131b. M\u0259hz 20 Yanvar faci\u0259sind\u0259 Az\u0259rbaycan xalq\u0131 m\u00fcbariz, azadl\u0131qsev\u0259r v\u0259 m\u00fcst\u0259qilliy\u0259 can atan bir xalq oldu\u011funu g\u00f6st\u0259rdi. SSR\u0130 r\u0259hb\u0259rliyinin haqs\u0131zl\u0131\u011f\u0131na v\u0259 Erm\u0259nistan\u0131n t\u0259cav\u00fcz\u00fcn\u0259 qar\u015f\u0131 s\u0259sini y\u00fcks\u0259ld\u0259n xalqa qar\u015f\u0131 amans\u0131z divan tutuldu. Bu v\u0259h\u015fi aksiya n\u0259tic\u0259sind\u0259 147 n\u0259f\u0259r h\u0259lak olub, 700-d\u0259n art\u0131q insan yaralan\u0131b. Yaln\u0131z Az\u0259rbaycan xalq\u0131n\u0131n \u00fcmummilli lideri Heyd\u0259r \u018fliyev bu aksiyaya etiraz ed\u0259r\u0259k Moskvada SSR\u0130 r\u0259hb\u0259rliyini k\u0259skin t\u0259nqid etdi v\u0259 informasiya blokadas\u0131n\u0131 yararaq Bak\u0131da ba\u015f ver\u0259nl\u0259ri d\u00fcnyaya \u00e7atd\u0131rd\u0131.<\/p>\n<p>M\u0259qal\u0259d\u0259 vur\u011fulan\u0131r ki, bu g\u00fcn Prezident \u0130lham \u018fliyevin r\u0259hb\u0259rliyi il\u0259 Az\u0259rbaycan d\u00fcnyan\u0131n s\u00fcr\u0259tl\u0259 inki\u015faf ed\u0259n d\u00f6vl\u0259tl\u0259rind\u0259n birin\u0259 \u00e7evrilib. Canlar\u0131n\u0131 azadl\u0131q u\u011frunda itir\u0259n \u015f\u0259hidl\u0259rin xatir\u0259si d\u00f6vl\u0259t t\u0259r\u0259find\u0259n h\u0259mi\u015f\u0259 \u0259ziz tutulur.<\/p>\n","protected":false},"excerpt":{"rendered":"<p>T\u0259briz \u015f\u0259h\u0259rind\u0259 f\u0259aliyy\u0259t g\u00f6st\u0259r\u0259n \u201cF\u0259cr Az\u0259rbaycan\u201d q\u0259zetind\u0259, \u201cShabestan.ir\u201d sayt\u0131nda v\u0259 \u201cSarirnews Agency\u201dd\u0259 20 Yanvar faci\u0259sind\u0259n 30 il ke\u00e7m\u0259sin\u0259 baxmayaraq, Az\u0259rbaycan xalq\u0131 h\u0259l\u0259 d\u0259 bu a\u011fr\u0131n\u0131 \u00f6z q\u0259lbind\u0259 hiss edir\u201d s\u0259rl\u00f6vh\u0259li m\u0259qal\u0259 d\u0259rc olunub. M\u0259qal\u0259d\u0259 qeyd olunub ki, 20 Yanvar Az\u0259rbaycan tarixind\u0259 silinm\u0259z iz burax\u0131b. M\u0259hz 20 Yanvar faci\u0259sind\u0259 Az\u0259rbaycan xalq\u0131 m\u00fcbariz, azadl\u0131qsev\u0259r v\u0259 m\u00fcst\u0259qilliy\u0259 can atan bir xalq oldu\u011funu g\u00f6st\u0259rdi. SSR\u0130 r\u0259hb\u0259rliyinin haqs\u0131zl\u0131\u011f\u0131na v\u0259 Erm\u0259nistan\u0131n t\u0259cav\u00fcz\u00fcn\u0259 qar\u015f\u0131 s\u0259sini y\u00fcks\u0259ld\u0259n xalqa qar\u015f\u0131 amans\u0131z divan tutuldu. Bu v\u0259h\u015fi aksiya n\u0259tic\u0259sind\u0259 147 n\u0259f\u0259r h\u0259lak olub, 700-d\u0259n art\u0131q insan yaralan\u0131b. Yaln\u0131z Az\u0259rbaycan xalq\u0131n\u0131n \u00fcmummilli&hellip;<\/p>\n","protected":false},"author":2,"featured_media":120275,"comment_status":"closed","ping_status":"closed","sticky":false,"template":"","format":"standard","meta":{"om_disable_all_campaigns":false,"_monsterinsights_skip_tracking":false,"_monsterinsights_sitenote_active":false,"_monsterinsights_sitenote_note":"","_monsterinsights_sitenote_category":0},"categories":[19],"tags":[],"aioseo_notices":[],"gutentor_comment":0,"rttpg_featured_image_url":{"full":["https:\/\/arantv.az\/wp-content\/uploads\/2020\/01\/6b5027cc3d11e99a21771d81a4d2f8b9_17581_68.jpg",975,540,false],"landscape":["https:\/\/arantv.az\/wp-content\/uploads\/2020\/01\/6b5027cc3d11e99a21771d81a4d2f8b9_17581_68.jpg",975,540,false],"portraits":["https:\/\/arantv.az\/wp-content\/uploads\/2020\/01\/6b5027cc3d11e99a21771d81a4d2f8b9_17581_68.jpg",975,540,false],"thumbnail":["https:\/\/arantv.az\/wp-content\/uploads\/2020\/01\/6b5027cc3d11e99a21771d81a4d2f8b9_17581_68-150x150.jpg",150,150,true],"medium":["https:\/\/arantv.az\/wp-content\/uploads\/2020\/01\/6b5027cc3d11e99a21771d81a4d2f8b9_17581_68-300x166.jpg",300,166,true],"large":["https:\/\/arantv.az\/wp-content\/uploads\/2020\/01\/6b5027cc3d11e99a21771d81a4d2f8b9_17581_68.jpg",640,354,false],"1536x1536":["https:\/\/arantv.az\/wp-content\/uploads\/2020\/01\/6b5027cc3d11e99a21771d81a4d2f8b9_17581_68.jpg",975,540,false],"2048x2048":["https:\/\/arantv.az\/wp-content\/uploads\/2020\/01\/6b5027cc3d11e99a21771d81a4d2f8b9_17581_68.jpg",975,540,false],"post-thumbnail":["https:\/\/arantv.az\/wp-content\/uploads\/2020\/01\/6b5027cc3d11e99a21771d81a4d2f8b9_17581_68-240x172.jpg",240,172,true],"advps-thumb-one":["https:\/\/arantv.az\/wp-content\/uploads\/2020\/01\/6b5027cc3d11e99a21771d81a4d2f8b9_17581_68.jpg",975,540,false]},"rttpg_author":{"display_name":"V\u00fcsal Rafiqo\u011flu","author_link":"https:\/\/arantv.az\/?author=2"},"rttpg_comment":0,"rttpg_category":"<a href=\"https:\/\/arantv.az\/?cat=19\" rel=\"category\">G\u00fcnd\u0259m<\/a>","rttpg_excerpt":"T\u0259briz \u015f\u0259h\u0259rind\u0259 f\u0259aliyy\u0259t g\u00f6st\u0259r\u0259n \u201cF\u0259cr Az\u0259rbaycan\u201d q\u0259zetind\u0259, \u201cShabestan.ir\u201d sayt\u0131nda v\u0259 \u201cSarirnews Agency\u201dd\u0259 20 Yanvar faci\u0259sind\u0259n 30 il ke\u00e7m\u0259sin\u0259 baxmayaraq, Az\u0259rbaycan xalq\u0131 h\u0259l\u0259 d\u0259 bu a\u011fr\u0131n\u0131 \u00f6z q\u0259lbind\u0259 hiss edir\u201d s\u0259rl\u00f6vh\u0259li m\u0259qal\u0259 d\u0259rc olunub. M\u0259qal\u0259d\u0259 qeyd olunub ki, 20 Yanvar Az\u0259rbaycan tarixind\u0259 silinm\u0259z iz burax\u0131b. M\u0259hz 20 Yanvar faci\u0259sind\u0259 Az\u0259rbaycan xalq\u0131 m\u00fcbariz, azadl\u0131qsev\u0259r v\u0259 m\u00fcst\u0259qilliy\u0259 can&hellip;","_links":{"self":[{"href":"https:\/\/arantv.az\/index.php?rest_route=\/wp\/v2\/posts\/120274"}],"collection":[{"href":"https:\/\/arantv.az\/index.php?rest_route=\/wp\/v2\/posts"}],"about":[{"href":"https:\/\/arantv.az\/index.php?rest_route=\/wp\/v2\/types\/post"}],"author":[{"embeddable":true,"href":"https:\/\/arantv.az\/index.php?rest_route=\/wp\/v2\/users\/2"}],"replies":[{"embeddable":true,"href":"https:\/\/arantv.az\/index.php?rest_route=%2Fwp%2Fv2%2Fcomments&post=120274"}],"version-history":[{"count":0,"href":"https:\/\/arantv.az\/index.php?rest_route=\/wp\/v2\/posts\/120274\/revisions"}],"wp:featuredmedia":[{"embeddable":true,"href":"https:\/\/arantv.az\/index.php?rest_route=\/wp\/v2\/media\/120275"}],"wp:attachment":[{"href":"https:\/\/arantv.az\/index.php?rest_route=%2Fwp%2Fv2%2Fmedia&parent=120274"}],"wp:term":[{"taxonomy":"category","embeddable":true,"href":"https:\/\/arantv.az\/index.php?rest_route=%2Fwp%2Fv2%2Fcategories&post=120274"},{"taxonomy":"post_tag","embeddable":true,"href":"https:\/\/arantv.az\/index.php?rest_route=%2Fwp%2Fv2%2Ftags&post=120274"}],"curies":[{"name":"wp","href":"https:\/\/api.w.org\/{rel}","templated":true}]}}