{"id":120286,"date":"2020-01-20T09:52:05","date_gmt":"2020-01-20T06:52:05","guid":{"rendered":"http:\/\/arantv.az\/?p=120286"},"modified":"2020-01-20T09:52:05","modified_gmt":"2020-01-20T06:52:05","slug":"deputatliga-namiz%c9%99dl%c9%99rin-n%c9%99z%c9%99rin%c9%99-hesabatlar-bu-gund%c9%99n-t%c9%99qdim-edilm%c9%99lidir","status":"publish","type":"post","link":"https:\/\/arantv.az\/?p=120286","title":{"rendered":"Deputatl\u0131\u011fa namiz\u0259dl\u0259rin n\u0259z\u0259rin\u0259: hesabatlar bu g\u00fcnd\u0259n t\u0259qdim edilm\u0259lidir"},"content":{"rendered":"<p><strong>Fevral\u0131n 9-da ke\u00e7iril\u0259c\u0259k Milli M\u0259clis\u0259 n\u00f6vb\u0259d\u0259nk\u0259nar se\u00e7kil\u0259rd\u0259 qeyd\u0259 al\u0131nm\u0131\u015f namiz\u0259dl\u0259rin ikinci ilkin maliyy\u0259 hesabat\u0131n\u0131n t\u0259qdim edilm\u0259sin\u0259 ba\u015flan\u0131l\u0131r.<\/strong><\/p>\n<p><strong>ARANTV.AZ<\/strong>\u00a0\u00a0<a href=\"http:\/\/az.trend.az\/\" target=\"_blank\" rel=\"noopener\">Trend<\/a>-\u0259 istinad\u0259n bildirir ki,\u00a0Az\u0259rbaycan Respublikas\u0131nda n\u00f6vb\u0259d\u0259nk\u0259nar parlament se\u00e7kil\u0259rinin haz\u0131rlan\u0131b ke\u00e7irilm\u0259si \u00fczr\u0259 \u0259sas h\u0259r\u0259k\u0259t v\u0259 t\u0259dbirl\u0259rin T\u0259qvim Plan\u0131na \u0259sas\u0259n, ikinci ilkin maliyy\u0259 hesabat\u0131 s\u0259sverm\u0259 g\u00fcn\u00fcn\u0259 \u0259n tezi 20, \u0259n geci 10 g\u00fcn qalanad\u0259k, y\u0259ni 2020-ci il yanvar\u0131n 20-d\u0259n 30-d\u0259k m\u00fcvafiq se\u00e7ki komissiyas\u0131na t\u0259qdim edilm\u0259lidir.<\/p>\n<p>Hesabat qeyd\u0259 al\u0131nm\u0131\u015f namiz\u0259d v\u0259 ya onun s\u0259lahiyy\u0259tli n\u00fcmay\u0259nd\u0259si, namiz\u0259di qeyd\u0259 al\u0131nm\u0131\u015f siyasi partiyan\u0131n, siyasi partiyalar blokunun maliyy\u0259 m\u0259s\u0259l\u0259l\u0259ri \u00fczr\u0259 s\u0259lahiyy\u0259tli n\u00fcmay\u0259nd\u0259l\u0259ri t\u0259r\u0259find\u0259n t\u0259qdim edilm\u0259lidir.<\/p>\n<p>Se\u00e7ki M\u0259s\u0259ll\u0259sinin 94.3.2. madd\u0259sin\u0259 \u0259sas\u0259n, bu hesabata orada g\u00f6st\u0259rilmi\u015f tarix\u0259 7 g\u00fcn qalm\u0131\u015fdan \u0259vv\u0259lki d\u00f6vr \u00fc\u00e7\u00fcn m\u0259lumatlar daxil edilir.<\/p>\n","protected":false},"excerpt":{"rendered":"<p>Fevral\u0131n 9-da ke\u00e7iril\u0259c\u0259k Milli M\u0259clis\u0259 n\u00f6vb\u0259d\u0259nk\u0259nar se\u00e7kil\u0259rd\u0259 qeyd\u0259 al\u0131nm\u0131\u015f namiz\u0259dl\u0259rin ikinci ilkin maliyy\u0259 hesabat\u0131n\u0131n t\u0259qdim edilm\u0259sin\u0259 ba\u015flan\u0131l\u0131r. ARANTV.AZ\u00a0\u00a0Trend-\u0259 istinad\u0259n bildirir ki,\u00a0Az\u0259rbaycan Respublikas\u0131nda n\u00f6vb\u0259d\u0259nk\u0259nar parlament se\u00e7kil\u0259rinin haz\u0131rlan\u0131b ke\u00e7irilm\u0259si \u00fczr\u0259 \u0259sas h\u0259r\u0259k\u0259t v\u0259 t\u0259dbirl\u0259rin T\u0259qvim Plan\u0131na \u0259sas\u0259n, ikinci ilkin maliyy\u0259 hesabat\u0131 s\u0259sverm\u0259 g\u00fcn\u00fcn\u0259 \u0259n tezi 20, \u0259n geci 10 g\u00fcn qalanad\u0259k, y\u0259ni 2020-ci il yanvar\u0131n 20-d\u0259n 30-d\u0259k m\u00fcvafiq se\u00e7ki komissiyas\u0131na t\u0259qdim edilm\u0259lidir. Hesabat qeyd\u0259 al\u0131nm\u0131\u015f namiz\u0259d v\u0259 ya onun s\u0259lahiyy\u0259tli n\u00fcmay\u0259nd\u0259si, namiz\u0259di qeyd\u0259 al\u0131nm\u0131\u015f siyasi partiyan\u0131n, siyasi partiyalar blokunun maliyy\u0259 m\u0259s\u0259l\u0259l\u0259ri \u00fczr\u0259 s\u0259lahiyy\u0259tli n\u00fcmay\u0259nd\u0259l\u0259ri t\u0259r\u0259find\u0259n t\u0259qdim edilm\u0259lidir. Se\u00e7ki M\u0259s\u0259ll\u0259sinin 94.3.2. madd\u0259sin\u0259 \u0259sas\u0259n,&hellip;<\/p>\n","protected":false},"author":2,"featured_media":120287,"comment_status":"closed","ping_status":"closed","sticky":false,"template":"","format":"standard","meta":{"om_disable_all_campaigns":false,"_monsterinsights_skip_tracking":false,"_monsterinsights_sitenote_active":false,"_monsterinsights_sitenote_note":"","_monsterinsights_sitenote_category":0},"categories":[1],"tags":[],"aioseo_notices":[],"gutentor_comment":0,"rttpg_featured_image_url":{"full":["https:\/\/arantv.az\/wp-content\/uploads\/2020\/01\/819326.jpg",800,600,false],"landscape":["https:\/\/arantv.az\/wp-content\/uploads\/2020\/01\/819326.jpg",800,600,false],"portraits":["https:\/\/arantv.az\/wp-content\/uploads\/2020\/01\/819326.jpg",800,600,false],"thumbnail":["https:\/\/arantv.az\/wp-content\/uploads\/2020\/01\/819326-150x150.jpg",150,150,true],"medium":["https:\/\/arantv.az\/wp-content\/uploads\/2020\/01\/819326-300x225.jpg",300,225,true],"large":["https:\/\/arantv.az\/wp-content\/uploads\/2020\/01\/819326.jpg",640,480,false],"1536x1536":["https:\/\/arantv.az\/wp-content\/uploads\/2020\/01\/819326.jpg",800,600,false],"2048x2048":["https:\/\/arantv.az\/wp-content\/uploads\/2020\/01\/819326.jpg",800,600,false],"post-thumbnail":["https:\/\/arantv.az\/wp-content\/uploads\/2020\/01\/819326-240x172.jpg",240,172,true],"advps-thumb-one":["https:\/\/arantv.az\/wp-content\/uploads\/2020\/01\/819326.jpg",800,600,false]},"rttpg_author":{"display_name":"V\u00fcsal Rafiqo\u011flu","author_link":"https:\/\/arantv.az\/?author=2"},"rttpg_comment":0,"rttpg_category":"<a href=\"https:\/\/arantv.az\/?cat=1\" rel=\"category\">C\u0259miyy\u0259t<\/a>","rttpg_excerpt":"Fevral\u0131n 9-da ke\u00e7iril\u0259c\u0259k Milli M\u0259clis\u0259 n\u00f6vb\u0259d\u0259nk\u0259nar se\u00e7kil\u0259rd\u0259 qeyd\u0259 al\u0131nm\u0131\u015f namiz\u0259dl\u0259rin ikinci ilkin maliyy\u0259 hesabat\u0131n\u0131n t\u0259qdim edilm\u0259sin\u0259 ba\u015flan\u0131l\u0131r. ARANTV.AZ\u00a0\u00a0Trend-\u0259 istinad\u0259n bildirir ki,\u00a0Az\u0259rbaycan Respublikas\u0131nda n\u00f6vb\u0259d\u0259nk\u0259nar parlament se\u00e7kil\u0259rinin haz\u0131rlan\u0131b ke\u00e7irilm\u0259si \u00fczr\u0259 \u0259sas h\u0259r\u0259k\u0259t v\u0259 t\u0259dbirl\u0259rin T\u0259qvim Plan\u0131na \u0259sas\u0259n, ikinci ilkin maliyy\u0259 hesabat\u0131 s\u0259sverm\u0259 g\u00fcn\u00fcn\u0259 \u0259n tezi 20, \u0259n geci 10 g\u00fcn qalanad\u0259k, y\u0259ni 2020-ci il yanvar\u0131n 20-d\u0259n 30-d\u0259k&hellip;","_links":{"self":[{"href":"https:\/\/arantv.az\/index.php?rest_route=\/wp\/v2\/posts\/120286"}],"collection":[{"href":"https:\/\/arantv.az\/index.php?rest_route=\/wp\/v2\/posts"}],"about":[{"href":"https:\/\/arantv.az\/index.php?rest_route=\/wp\/v2\/types\/post"}],"author":[{"embeddable":true,"href":"https:\/\/arantv.az\/index.php?rest_route=\/wp\/v2\/users\/2"}],"replies":[{"embeddable":true,"href":"https:\/\/arantv.az\/index.php?rest_route=%2Fwp%2Fv2%2Fcomments&post=120286"}],"version-history":[{"count":0,"href":"https:\/\/arantv.az\/index.php?rest_route=\/wp\/v2\/posts\/120286\/revisions"}],"wp:featuredmedia":[{"embeddable":true,"href":"https:\/\/arantv.az\/index.php?rest_route=\/wp\/v2\/media\/120287"}],"wp:attachment":[{"href":"https:\/\/arantv.az\/index.php?rest_route=%2Fwp%2Fv2%2Fmedia&parent=120286"}],"wp:term":[{"taxonomy":"category","embeddable":true,"href":"https:\/\/arantv.az\/index.php?rest_route=%2Fwp%2Fv2%2Fcategories&post=120286"},{"taxonomy":"post_tag","embeddable":true,"href":"https:\/\/arantv.az\/index.php?rest_route=%2Fwp%2Fv2%2Ftags&post=120286"}],"curies":[{"name":"wp","href":"https:\/\/api.w.org\/{rel}","templated":true}]}}