{"id":120306,"date":"2020-01-20T10:22:32","date_gmt":"2020-01-20T07:22:32","guid":{"rendered":"http:\/\/arantv.az\/?p=120306"},"modified":"2020-01-20T10:22:32","modified_gmt":"2020-01-20T07:22:32","slug":"medvedevin-yeni-v%c9%99zif%c9%99si-putinin-sag-%c9%99li-oldu","status":"publish","type":"post","link":"https:\/\/arantv.az\/?p=120306","title":{"rendered":"Medvedevin yeni v\u0259zif\u0259si: Putinin \u201csa\u011f \u0259li\u201d oldu"},"content":{"rendered":"<p>Rusiya D\u00f6vl\u0259t Dumas\u0131 yanvar\u0131n 20-d\u0259 ke\u00e7mi\u015f Ba\u015f nazir Dmitri Medvedevin tutaca\u011f\u0131 T\u0259hl\u00fck\u0259sizlik \u015euras\u0131n\u0131n s\u0259dr m\u00fcavini v\u0259zif\u0259sinin yarad\u0131lmas\u0131n\u0131 t\u0259sdiql\u0259m\u0259lidir. B\u0259zi ekspertl\u0259r bu t\u0259yinat\u0131 \u201cv\u0259zif\u0259nin endirilm\u0259si\u201d kimi qiym\u0259tl\u0259ndirs\u0259 d\u0259, \u0259slind\u0259, Medvedev Putinin t\u0259hl\u00fck\u0259sizlik sah\u0259sind\u0259 \u201csa\u011f \u0259li\u201d, \u0259n vacib orqanlardan birind\u0259 is\u0259 ikinci \u015f\u0259xs olacaq.<\/p>\n<p>RT-nin m\u0259lumat\u0131na g\u00f6r\u0259, Medvedin s\u0259lahiyy\u0259tl\u0259rinin \u00e7\u0259r\u00e7iv\u0259si h\u0259l\u0259lik m\u00fc\u0259yy\u0259n deyil, \u00e7\u00fcnki buna q\u0259d\u0259r Rusiyada s\u00f6z\u00fcged\u0259n v\u0259zif\u0259 m\u00f6vcud olmay\u0131b.<\/p>\n<p>B\u0259zi ekspertl\u0259r yanl\u0131\u015fl\u0131qla eks-ba\u015f nazirin T\u0259hl\u00fck\u0259sizlik \u015euras\u0131 katibi Nikolay Patru\u015fevin m\u00fcavini olaca\u011f\u0131n\u0131 d\u00fc\u015f\u00fcn\u0259r\u0259k, bunu Medvedevin m\u00f6vqel\u0259rinin z\u0259ifl\u0259m\u0259si kimi qiym\u0259tl\u0259ndiribl\u0259r. \u018fslind\u0259, is\u0259 v\u0259ziyy\u0259t \u0259ksin\u0259dir. Yeni konfiqurasiyada Medvedev T\u0259hl\u00fck\u0259sizlik \u015euras\u0131 katibinin deyil, onun s\u0259dri Vladimir Putinin \u201csa\u011f \u0259li\u201d olacaq.<\/p>\n<p>Gazeta.ru-ya\u00a0dan\u0131\u015fan rus politoloq Stanislav Belkovskinin s\u00f6zl\u0259rin\u0259 g\u00f6r\u0259, s\u00f6z\u00fcged\u0259n t\u0259yinat Medvedevin faktiki olaraq vitse-prezident olmas\u0131 anlam\u0131na g\u0259lir:<\/p>\n<p>\u201cAparatdak\u0131 \u00e7\u0259kisi v\u0259 Q\u0259rbd\u0259ki \u0259laq\u0259l\u0259ri Medvedev\u0259 h\u0259tta yeni v\u0259zif\u0259d\u0259 daha az s\u0259lahiyy\u0259tl\u0259ri olsa bel\u0259, prezidentin \u201cx\u00fcsusi tap\u015f\u0131r\u0131qlar\u0131\u201dn\u0131 yerin\u0259 yetirm\u0259y\u0259 imkan ver\u0259c\u0259k\u201d.<\/p>\n<p>Medvedevin yeni v\u0259zif\u0259si r\u0259smi qaydada t\u0259sdiq olmasa da, onun f\u0259aliyy\u0259t dair\u0259si t\u0259xmin edilir. Medvedevi bu v\u0259zif\u0259y\u0259 t\u0259yin etm\u0259kl\u0259 Putin ona \u00f6lk\u0259nin t\u0259hl\u00fck\u0259sizliyinin v\u0259 m\u00fcdafi\u0259 qabiliyy\u0259tinin art\u0131r\u0131lmas\u0131n\u0131 tap\u015f\u0131r\u0131b. Ke\u00e7mi\u015f ba\u015f nazirin bundan sonra m\u00fcdafi\u0259 v\u0259 g\u00fcc strukturlar\u0131 sah\u0259sind\u0259 \u00f6z\u00fcn\u0259m\u0259xsus \u201cmoderator\u201d olaca\u011f\u0131 ehtimal edilir.<\/p>\n","protected":false},"excerpt":{"rendered":"<p>Rusiya D\u00f6vl\u0259t Dumas\u0131 yanvar\u0131n 20-d\u0259 ke\u00e7mi\u015f Ba\u015f nazir Dmitri Medvedevin tutaca\u011f\u0131 T\u0259hl\u00fck\u0259sizlik \u015euras\u0131n\u0131n s\u0259dr m\u00fcavini v\u0259zif\u0259sinin yarad\u0131lmas\u0131n\u0131 t\u0259sdiql\u0259m\u0259lidir. B\u0259zi ekspertl\u0259r bu t\u0259yinat\u0131 \u201cv\u0259zif\u0259nin endirilm\u0259si\u201d kimi qiym\u0259tl\u0259ndirs\u0259 d\u0259, \u0259slind\u0259, Medvedev Putinin t\u0259hl\u00fck\u0259sizlik sah\u0259sind\u0259 \u201csa\u011f \u0259li\u201d, \u0259n vacib orqanlardan birind\u0259 is\u0259 ikinci \u015f\u0259xs olacaq. RT-nin m\u0259lumat\u0131na g\u00f6r\u0259, Medvedin s\u0259lahiyy\u0259tl\u0259rinin \u00e7\u0259r\u00e7iv\u0259si h\u0259l\u0259lik m\u00fc\u0259yy\u0259n deyil, \u00e7\u00fcnki buna q\u0259d\u0259r Rusiyada s\u00f6z\u00fcged\u0259n v\u0259zif\u0259 m\u00f6vcud olmay\u0131b. B\u0259zi ekspertl\u0259r yanl\u0131\u015fl\u0131qla eks-ba\u015f nazirin T\u0259hl\u00fck\u0259sizlik \u015euras\u0131 katibi Nikolay Patru\u015fevin m\u00fcavini olaca\u011f\u0131n\u0131 d\u00fc\u015f\u00fcn\u0259r\u0259k, bunu Medvedevin m\u00f6vqel\u0259rinin z\u0259ifl\u0259m\u0259si kimi qiym\u0259tl\u0259ndiribl\u0259r. \u018fslind\u0259, is\u0259 v\u0259ziyy\u0259t \u0259ksin\u0259dir. Yeni konfiqurasiyada Medvedev T\u0259hl\u00fck\u0259sizlik \u015euras\u0131 katibinin deyil, onun&hellip;<\/p>\n","protected":false},"author":2,"featured_media":120307,"comment_status":"closed","ping_status":"closed","sticky":false,"template":"","format":"standard","meta":{"om_disable_all_campaigns":false,"_monsterinsights_skip_tracking":false,"_monsterinsights_sitenote_active":false,"_monsterinsights_sitenote_note":"","_monsterinsights_sitenote_category":0},"categories":[7],"tags":[],"aioseo_notices":[],"gutentor_comment":0,"rttpg_featured_image_url":{"full":["https:\/\/arantv.az\/wp-content\/uploads\/2020\/01\/medvi.jpg",620,349,false],"landscape":["https:\/\/arantv.az\/wp-content\/uploads\/2020\/01\/medvi.jpg",620,349,false],"portraits":["https:\/\/arantv.az\/wp-content\/uploads\/2020\/01\/medvi.jpg",620,349,false],"thumbnail":["https:\/\/arantv.az\/wp-content\/uploads\/2020\/01\/medvi-150x150.jpg",150,150,true],"medium":["https:\/\/arantv.az\/wp-content\/uploads\/2020\/01\/medvi-300x169.jpg",300,169,true],"large":["https:\/\/arantv.az\/wp-content\/uploads\/2020\/01\/medvi.jpg",620,349,false],"1536x1536":["https:\/\/arantv.az\/wp-content\/uploads\/2020\/01\/medvi.jpg",620,349,false],"2048x2048":["https:\/\/arantv.az\/wp-content\/uploads\/2020\/01\/medvi.jpg",620,349,false],"post-thumbnail":["https:\/\/arantv.az\/wp-content\/uploads\/2020\/01\/medvi-240x172.jpg",240,172,true],"advps-thumb-one":["https:\/\/arantv.az\/wp-content\/uploads\/2020\/01\/medvi.jpg",620,349,false]},"rttpg_author":{"display_name":"V\u00fcsal Rafiqo\u011flu","author_link":"https:\/\/arantv.az\/?author=2"},"rttpg_comment":0,"rttpg_category":"<a href=\"https:\/\/arantv.az\/?cat=7\" rel=\"category\">D\u00fcnya<\/a>","rttpg_excerpt":"Rusiya D\u00f6vl\u0259t Dumas\u0131 yanvar\u0131n 20-d\u0259 ke\u00e7mi\u015f Ba\u015f nazir Dmitri Medvedevin tutaca\u011f\u0131 T\u0259hl\u00fck\u0259sizlik \u015euras\u0131n\u0131n s\u0259dr m\u00fcavini v\u0259zif\u0259sinin yarad\u0131lmas\u0131n\u0131 t\u0259sdiql\u0259m\u0259lidir. B\u0259zi ekspertl\u0259r bu t\u0259yinat\u0131 \u201cv\u0259zif\u0259nin endirilm\u0259si\u201d kimi qiym\u0259tl\u0259ndirs\u0259 d\u0259, \u0259slind\u0259, Medvedev Putinin t\u0259hl\u00fck\u0259sizlik sah\u0259sind\u0259 \u201csa\u011f \u0259li\u201d, \u0259n vacib orqanlardan birind\u0259 is\u0259 ikinci \u015f\u0259xs olacaq. RT-nin m\u0259lumat\u0131na g\u00f6r\u0259, Medvedin s\u0259lahiyy\u0259tl\u0259rinin \u00e7\u0259r\u00e7iv\u0259si h\u0259l\u0259lik m\u00fc\u0259yy\u0259n deyil, \u00e7\u00fcnki buna q\u0259d\u0259r Rusiyada&hellip;","_links":{"self":[{"href":"https:\/\/arantv.az\/index.php?rest_route=\/wp\/v2\/posts\/120306"}],"collection":[{"href":"https:\/\/arantv.az\/index.php?rest_route=\/wp\/v2\/posts"}],"about":[{"href":"https:\/\/arantv.az\/index.php?rest_route=\/wp\/v2\/types\/post"}],"author":[{"embeddable":true,"href":"https:\/\/arantv.az\/index.php?rest_route=\/wp\/v2\/users\/2"}],"replies":[{"embeddable":true,"href":"https:\/\/arantv.az\/index.php?rest_route=%2Fwp%2Fv2%2Fcomments&post=120306"}],"version-history":[{"count":0,"href":"https:\/\/arantv.az\/index.php?rest_route=\/wp\/v2\/posts\/120306\/revisions"}],"wp:featuredmedia":[{"embeddable":true,"href":"https:\/\/arantv.az\/index.php?rest_route=\/wp\/v2\/media\/120307"}],"wp:attachment":[{"href":"https:\/\/arantv.az\/index.php?rest_route=%2Fwp%2Fv2%2Fmedia&parent=120306"}],"wp:term":[{"taxonomy":"category","embeddable":true,"href":"https:\/\/arantv.az\/index.php?rest_route=%2Fwp%2Fv2%2Fcategories&post=120306"},{"taxonomy":"post_tag","embeddable":true,"href":"https:\/\/arantv.az\/index.php?rest_route=%2Fwp%2Fv2%2Ftags&post=120306"}],"curies":[{"name":"wp","href":"https:\/\/api.w.org\/{rel}","templated":true}]}}