{"id":120310,"date":"2020-01-20T10:26:39","date_gmt":"2020-01-20T07:26:39","guid":{"rendered":"http:\/\/arantv.az\/?p=120310"},"modified":"2020-01-20T10:26:39","modified_gmt":"2020-01-20T07:26:39","slug":"evdar-qadinlara-muavin%c9%99t-verilm%c9%99si-mumkundur-r%c9%99smi","status":"publish","type":"post","link":"https:\/\/arantv.az\/?p=120310","title":{"rendered":"Evdar qad\u0131nlara m\u00fcavin\u0259t verilm\u0259si m\u00fcmk\u00fcnd\u00fcr &#8211; R\u018fSM\u0130"},"content":{"rendered":"<div><b>&#8220;Evdar xan\u0131mlar ail\u0259l\u0259rin m\u00f6hk\u0259ml\u0259ndirilm\u0259sind\u0259 m\u00fch\u00fcm rol oynay\u0131r. Onlar i\u015fsiz oldu\u011fu \u00fc\u00e7\u00fcn maddi-sosial t\u0259minatlar\u0131n\u0131n g\u00fccl\u0259ndirilm\u0259si vacibdir&#8221;.<\/b><\/p>\n<p>Bunu jurnalistl\u0259r\u0259 a\u00e7\u0131qlamas\u0131nda \u018fm\u0259k v\u0259 \u018fhalinin Sosial M\u00fcdafi\u0259si nazirinin m\u00fcavini Anar K\u0259rimov deyib.<\/p><\/div>\n<div>Onun s\u00f6zl\u0259rin\u0259 g\u00f6r\u0259, bu g\u00fcn\u0259 q\u0259d\u0259r m\u00fcavin\u0259tl\u0259rin 30 faizi birba\u015fa qad\u0131nlara olmasa da, u\u015faqlara d\u0259st\u0259k verm\u0259k \u00fc\u00e7\u00fcn \u00fcnvanlan\u0131b: &#8220;Az\u0259rbaycanda haz\u0131rda 14-\u0259 yax\u0131n bel\u0259 sosial m\u00fcavin\u0259t var. Haz\u0131rda n\u00f6vb\u0259ti ilin b\u00fcdc\u0259 m\u00fczakir\u0259l\u0259ri davam edir. Fikrimc\u0259, qurumlar t\u0259r\u0259find\u0259n evdar qad\u0131nlara d\u0259st\u0259k verilm\u0259si t\u0259klifi olsa, m\u0259s\u0259l\u0259y\u0259 bax\u0131la bil\u0259r. Nazirlik t\u0259klifl\u0259r\u0259 a\u00e7\u0131qd\u0131r&#8221;.<\/p>\n<p>Nazir m\u00fcavini qeyd edib ki, evdar qad\u0131nlara m\u00fcavin\u0259tin verilm\u0259sin\u0259 sistemli yana\u015f\u0131lmal\u0131d\u0131r: &#8220;M\u00fcavin\u0259t, t\u0259qa\u00fcd \u0259sas\u0259n h\u0259ssas qruplara, pensiya ala bilm\u0259y\u0259n i\u015fsiz insanlara verilir. Bu i\u015f\u0259 sistemli \u015f\u0259kild\u0259 yana\u015fmaq laz\u0131md\u0131r ki, dig\u0259r m\u00fcavin\u0259tl\u0259rl\u0259 uzla\u015fs\u0131n, m\u00fct\u0259nasiblik n\u0259z\u0259r\u0259 al\u0131ns\u0131n. Bundan ba\u015fqa qabaqc\u0131l t\u0259cr\u00fcb\u0259y\u0259 d\u0259 baxmaq laz\u0131md\u0131r&#8221;.<br \/>\nazvision.az<\/p><\/div>\n","protected":false},"excerpt":{"rendered":"<p>&#8220;Evdar xan\u0131mlar ail\u0259l\u0259rin m\u00f6hk\u0259ml\u0259ndirilm\u0259sind\u0259 m\u00fch\u00fcm rol oynay\u0131r. Onlar i\u015fsiz oldu\u011fu \u00fc\u00e7\u00fcn maddi-sosial t\u0259minatlar\u0131n\u0131n g\u00fccl\u0259ndirilm\u0259si vacibdir&#8221;. Bunu jurnalistl\u0259r\u0259 a\u00e7\u0131qlamas\u0131nda \u018fm\u0259k v\u0259 \u018fhalinin Sosial M\u00fcdafi\u0259si nazirinin m\u00fcavini Anar K\u0259rimov deyib. Onun s\u00f6zl\u0259rin\u0259 g\u00f6r\u0259, bu g\u00fcn\u0259 q\u0259d\u0259r m\u00fcavin\u0259tl\u0259rin 30 faizi birba\u015fa qad\u0131nlara olmasa da, u\u015faqlara d\u0259st\u0259k verm\u0259k \u00fc\u00e7\u00fcn \u00fcnvanlan\u0131b: &#8220;Az\u0259rbaycanda haz\u0131rda 14-\u0259 yax\u0131n bel\u0259 sosial m\u00fcavin\u0259t var. Haz\u0131rda n\u00f6vb\u0259ti ilin b\u00fcdc\u0259 m\u00fczakir\u0259l\u0259ri davam edir. Fikrimc\u0259, qurumlar t\u0259r\u0259find\u0259n evdar qad\u0131nlara d\u0259st\u0259k verilm\u0259si t\u0259klifi olsa, m\u0259s\u0259l\u0259y\u0259 bax\u0131la bil\u0259r. Nazirlik t\u0259klifl\u0259r\u0259 a\u00e7\u0131qd\u0131r&#8221;. Nazir m\u00fcavini qeyd edib ki, evdar qad\u0131nlara m\u00fcavin\u0259tin verilm\u0259sin\u0259 sistemli yana\u015f\u0131lmal\u0131d\u0131r: &#8220;M\u00fcavin\u0259t, t\u0259qa\u00fcd \u0259sas\u0259n&hellip;<\/p>\n","protected":false},"author":2,"featured_media":120311,"comment_status":"closed","ping_status":"closed","sticky":false,"template":"","format":"standard","meta":{"om_disable_all_campaigns":false,"_monsterinsights_skip_tracking":false,"_monsterinsights_sitenote_active":false,"_monsterinsights_sitenote_note":"","_monsterinsights_sitenote_category":0},"categories":[1],"tags":[],"aioseo_notices":[],"gutentor_comment":0,"rttpg_featured_image_url":{"full":["https:\/\/arantv.az\/wp-content\/uploads\/2020\/01\/1574847331_screenshot_2.jpg",653,494,false],"landscape":["https:\/\/arantv.az\/wp-content\/uploads\/2020\/01\/1574847331_screenshot_2.jpg",653,494,false],"portraits":["https:\/\/arantv.az\/wp-content\/uploads\/2020\/01\/1574847331_screenshot_2.jpg",653,494,false],"thumbnail":["https:\/\/arantv.az\/wp-content\/uploads\/2020\/01\/1574847331_screenshot_2-150x150.jpg",150,150,true],"medium":["https:\/\/arantv.az\/wp-content\/uploads\/2020\/01\/1574847331_screenshot_2-300x227.jpg",300,227,true],"large":["https:\/\/arantv.az\/wp-content\/uploads\/2020\/01\/1574847331_screenshot_2.jpg",640,484,false],"1536x1536":["https:\/\/arantv.az\/wp-content\/uploads\/2020\/01\/1574847331_screenshot_2.jpg",653,494,false],"2048x2048":["https:\/\/arantv.az\/wp-content\/uploads\/2020\/01\/1574847331_screenshot_2.jpg",653,494,false],"post-thumbnail":["https:\/\/arantv.az\/wp-content\/uploads\/2020\/01\/1574847331_screenshot_2-240x172.jpg",240,172,true],"advps-thumb-one":["https:\/\/arantv.az\/wp-content\/uploads\/2020\/01\/1574847331_screenshot_2.jpg",653,494,false]},"rttpg_author":{"display_name":"V\u00fcsal Rafiqo\u011flu","author_link":"https:\/\/arantv.az\/?author=2"},"rttpg_comment":0,"rttpg_category":"<a href=\"https:\/\/arantv.az\/?cat=1\" rel=\"category\">C\u0259miyy\u0259t<\/a>","rttpg_excerpt":"&#8220;Evdar xan\u0131mlar ail\u0259l\u0259rin m\u00f6hk\u0259ml\u0259ndirilm\u0259sind\u0259 m\u00fch\u00fcm rol oynay\u0131r. Onlar i\u015fsiz oldu\u011fu \u00fc\u00e7\u00fcn maddi-sosial t\u0259minatlar\u0131n\u0131n g\u00fccl\u0259ndirilm\u0259si vacibdir&#8221;. Bunu jurnalistl\u0259r\u0259 a\u00e7\u0131qlamas\u0131nda \u018fm\u0259k v\u0259 \u018fhalinin Sosial M\u00fcdafi\u0259si nazirinin m\u00fcavini Anar K\u0259rimov deyib. Onun s\u00f6zl\u0259rin\u0259 g\u00f6r\u0259, bu g\u00fcn\u0259 q\u0259d\u0259r m\u00fcavin\u0259tl\u0259rin 30 faizi birba\u015fa qad\u0131nlara olmasa da, u\u015faqlara d\u0259st\u0259k verm\u0259k \u00fc\u00e7\u00fcn \u00fcnvanlan\u0131b: &#8220;Az\u0259rbaycanda haz\u0131rda 14-\u0259 yax\u0131n bel\u0259 sosial m\u00fcavin\u0259t var. Haz\u0131rda&hellip;","_links":{"self":[{"href":"https:\/\/arantv.az\/index.php?rest_route=\/wp\/v2\/posts\/120310"}],"collection":[{"href":"https:\/\/arantv.az\/index.php?rest_route=\/wp\/v2\/posts"}],"about":[{"href":"https:\/\/arantv.az\/index.php?rest_route=\/wp\/v2\/types\/post"}],"author":[{"embeddable":true,"href":"https:\/\/arantv.az\/index.php?rest_route=\/wp\/v2\/users\/2"}],"replies":[{"embeddable":true,"href":"https:\/\/arantv.az\/index.php?rest_route=%2Fwp%2Fv2%2Fcomments&post=120310"}],"version-history":[{"count":0,"href":"https:\/\/arantv.az\/index.php?rest_route=\/wp\/v2\/posts\/120310\/revisions"}],"wp:featuredmedia":[{"embeddable":true,"href":"https:\/\/arantv.az\/index.php?rest_route=\/wp\/v2\/media\/120311"}],"wp:attachment":[{"href":"https:\/\/arantv.az\/index.php?rest_route=%2Fwp%2Fv2%2Fmedia&parent=120310"}],"wp:term":[{"taxonomy":"category","embeddable":true,"href":"https:\/\/arantv.az\/index.php?rest_route=%2Fwp%2Fv2%2Fcategories&post=120310"},{"taxonomy":"post_tag","embeddable":true,"href":"https:\/\/arantv.az\/index.php?rest_route=%2Fwp%2Fv2%2Ftags&post=120310"}],"curies":[{"name":"wp","href":"https:\/\/api.w.org\/{rel}","templated":true}]}}