{"id":120314,"date":"2020-01-20T10:35:27","date_gmt":"2020-01-20T07:35:27","guid":{"rendered":"http:\/\/arantv.az\/?p=120314"},"modified":"2020-01-20T10:35:27","modified_gmt":"2020-01-20T07:35:27","slug":"siyavus-novruzov-yap-in-butun-namiz%c9%99dl%c9%99rin%c9%99-yerl%c9%99rd%c9%99-b%c9%99rab%c9%99r-s%c9%99rait-yaradilib","status":"publish","type":"post","link":"https:\/\/arantv.az\/?p=120314","title":{"rendered":"Siyavu\u015f Novruzov: &#8220;YAP-\u0131n b\u00fct\u00fcn namiz\u0259dl\u0259rin\u0259 yerl\u0259rd\u0259 b\u0259rab\u0259r \u015f\u0259rait yarad\u0131l\u0131b&#8221;"},"content":{"rendered":"<blockquote><p><em><strong>N\u00f6vb\u0259d\u0259nk\u0259nar parlament se\u00e7kil\u0259ri il\u0259 \u0259laq\u0259dar Yeni Az\u0259rbaycan Partiyas\u0131n\u0131n (YAP) namiz\u0259dl\u0259rinin t\u0259bli\u011fat kampaniyas\u0131 normal davam etdirilir.<\/strong><\/em><\/p><\/blockquote>\n<p><strong>ARANTV.AZ\u00a0<\/strong>\u00a0<a href=\"http:\/\/az.trend.az\/\" target=\"_blank\" rel=\"noopener\">Trend<\/a>-\u0259 istinad\u0259n bildirir ki,\u00a0bunu jurnalistl\u0259r\u0259 a\u00e7\u0131qlamas\u0131nda YAP \u0130cra katibinin m\u00fcavini Siyavu\u015f Novruzov deyib. Onun s\u00f6zl\u0259rin\u0259 g\u00f6r\u0259, haz\u0131rda yerl\u0259rd\u0259 b\u00fct\u00fcn namiz\u0259dl\u0259r\u0259 eyni \u015f\u0259rait yarad\u0131l\u0131b:<\/p>\n<p>&#8220;Partiyadan 123 n\u0259f\u0259rin namiz\u0259dliyi qeyd\u0259 al\u0131n\u0131b. Yanvar\u0131n 17-d\u0259n t\u0259bli\u011fat t\u0259\u015fviqat kampaniyas\u0131na start verilib. Bu kampaniyada partiya \u00fczvl\u0259rimiz i\u015ftirak edirl\u0259r. H\u0259r yerd\u0259 h\u0259r bir namiz\u0259d \u00fc\u00e7\u00fcn b\u0259rab\u0259r \u015f\u0259rait yarad\u0131l\u0131b, qapal\u0131 v\u0259 a\u00e7\u0131q yerl\u0259r m\u00fc\u0259yy\u0259nl\u0259\u015fdirilib. Orada da g\u00f6r\u00fc\u015fl\u0259r ke\u00e7irilir. Biz insanlarla birba\u015fa ya\u015fad\u0131\u011f\u0131 \u00fcnvanlarda g\u00f6r\u00fc\u015fm\u0259y\u0259 \u00fcst\u00fcnl\u00fck veririk.<\/p>\n<p>Partiyan\u0131n, d\u00f6vl\u0259tin, Prezidentin apard\u0131\u011f\u0131 siyas\u0259t birba\u015fa insanlara \u00e7atd\u0131r\u0131l\u0131r. YAP-\u0131n namiz\u0259dl\u0259rinin bu bax\u0131mdan kifay\u0259t q\u0259d\u0259r \u00fcst\u00fcnl\u00fcy\u00fc var. Ona g\u00f6r\u0259 hesab edirik ki, partiya bu m\u0259rh\u0259l\u0259ni d\u0259 u\u011furla ba\u015fa \u00e7atd\u0131racaq&#8221;.<\/p>\n<p>Qeyd ed\u0259k ki, fevral\u0131n 9-da Az\u0259rbaycanda n\u00f6vb\u0259d\u0259nk\u0259nar parlament se\u00e7kil\u0259ri ke\u00e7iril\u0259c\u0259k.<\/p>\n","protected":false},"excerpt":{"rendered":"<p>N\u00f6vb\u0259d\u0259nk\u0259nar parlament se\u00e7kil\u0259ri il\u0259 \u0259laq\u0259dar Yeni Az\u0259rbaycan Partiyas\u0131n\u0131n (YAP) namiz\u0259dl\u0259rinin t\u0259bli\u011fat kampaniyas\u0131 normal davam etdirilir. ARANTV.AZ\u00a0\u00a0Trend-\u0259 istinad\u0259n bildirir ki,\u00a0bunu jurnalistl\u0259r\u0259 a\u00e7\u0131qlamas\u0131nda YAP \u0130cra katibinin m\u00fcavini Siyavu\u015f Novruzov deyib. Onun s\u00f6zl\u0259rin\u0259 g\u00f6r\u0259, haz\u0131rda yerl\u0259rd\u0259 b\u00fct\u00fcn namiz\u0259dl\u0259r\u0259 eyni \u015f\u0259rait yarad\u0131l\u0131b: &#8220;Partiyadan 123 n\u0259f\u0259rin namiz\u0259dliyi qeyd\u0259 al\u0131n\u0131b. Yanvar\u0131n 17-d\u0259n t\u0259bli\u011fat t\u0259\u015fviqat kampaniyas\u0131na start verilib. Bu kampaniyada partiya \u00fczvl\u0259rimiz i\u015ftirak edirl\u0259r. H\u0259r yerd\u0259 h\u0259r bir namiz\u0259d \u00fc\u00e7\u00fcn b\u0259rab\u0259r \u015f\u0259rait yarad\u0131l\u0131b, qapal\u0131 v\u0259 a\u00e7\u0131q yerl\u0259r m\u00fc\u0259yy\u0259nl\u0259\u015fdirilib. Orada da g\u00f6r\u00fc\u015fl\u0259r ke\u00e7irilir. Biz insanlarla birba\u015fa ya\u015fad\u0131\u011f\u0131 \u00fcnvanlarda g\u00f6r\u00fc\u015fm\u0259y\u0259 \u00fcst\u00fcnl\u00fck veririk. Partiyan\u0131n, d\u00f6vl\u0259tin, Prezidentin apard\u0131\u011f\u0131 siyas\u0259t birba\u015fa insanlara&hellip;<\/p>\n","protected":false},"author":2,"featured_media":120315,"comment_status":"closed","ping_status":"closed","sticky":false,"template":"","format":"standard","meta":{"om_disable_all_campaigns":false,"_monsterinsights_skip_tracking":false,"_monsterinsights_sitenote_active":false,"_monsterinsights_sitenote_note":"","_monsterinsights_sitenote_category":0},"categories":[4],"tags":[],"aioseo_notices":[],"gutentor_comment":0,"rttpg_featured_image_url":{"full":["https:\/\/arantv.az\/wp-content\/uploads\/2020\/01\/siyavus_novruzov_088-1.jpg",800,600,false],"landscape":["https:\/\/arantv.az\/wp-content\/uploads\/2020\/01\/siyavus_novruzov_088-1.jpg",800,600,false],"portraits":["https:\/\/arantv.az\/wp-content\/uploads\/2020\/01\/siyavus_novruzov_088-1.jpg",800,600,false],"thumbnail":["https:\/\/arantv.az\/wp-content\/uploads\/2020\/01\/siyavus_novruzov_088-1-150x150.jpg",150,150,true],"medium":["https:\/\/arantv.az\/wp-content\/uploads\/2020\/01\/siyavus_novruzov_088-1-300x225.jpg",300,225,true],"large":["https:\/\/arantv.az\/wp-content\/uploads\/2020\/01\/siyavus_novruzov_088-1.jpg",640,480,false],"1536x1536":["https:\/\/arantv.az\/wp-content\/uploads\/2020\/01\/siyavus_novruzov_088-1.jpg",800,600,false],"2048x2048":["https:\/\/arantv.az\/wp-content\/uploads\/2020\/01\/siyavus_novruzov_088-1.jpg",800,600,false],"post-thumbnail":["https:\/\/arantv.az\/wp-content\/uploads\/2020\/01\/siyavus_novruzov_088-1-240x172.jpg",240,172,true],"advps-thumb-one":["https:\/\/arantv.az\/wp-content\/uploads\/2020\/01\/siyavus_novruzov_088-1.jpg",800,600,false]},"rttpg_author":{"display_name":"V\u00fcsal Rafiqo\u011flu","author_link":"https:\/\/arantv.az\/?author=2"},"rttpg_comment":0,"rttpg_category":"<a href=\"https:\/\/arantv.az\/?cat=4\" rel=\"category\">Siyas\u0259t<\/a>","rttpg_excerpt":"N\u00f6vb\u0259d\u0259nk\u0259nar parlament se\u00e7kil\u0259ri il\u0259 \u0259laq\u0259dar Yeni Az\u0259rbaycan Partiyas\u0131n\u0131n (YAP) namiz\u0259dl\u0259rinin t\u0259bli\u011fat kampaniyas\u0131 normal davam etdirilir. ARANTV.AZ\u00a0\u00a0Trend-\u0259 istinad\u0259n bildirir ki,\u00a0bunu jurnalistl\u0259r\u0259 a\u00e7\u0131qlamas\u0131nda YAP \u0130cra katibinin m\u00fcavini Siyavu\u015f Novruzov deyib. Onun s\u00f6zl\u0259rin\u0259 g\u00f6r\u0259, haz\u0131rda yerl\u0259rd\u0259 b\u00fct\u00fcn namiz\u0259dl\u0259r\u0259 eyni \u015f\u0259rait yarad\u0131l\u0131b: &#8220;Partiyadan 123 n\u0259f\u0259rin namiz\u0259dliyi qeyd\u0259 al\u0131n\u0131b. Yanvar\u0131n 17-d\u0259n t\u0259bli\u011fat t\u0259\u015fviqat kampaniyas\u0131na start verilib. Bu kampaniyada partiya \u00fczvl\u0259rimiz&hellip;","_links":{"self":[{"href":"https:\/\/arantv.az\/index.php?rest_route=\/wp\/v2\/posts\/120314"}],"collection":[{"href":"https:\/\/arantv.az\/index.php?rest_route=\/wp\/v2\/posts"}],"about":[{"href":"https:\/\/arantv.az\/index.php?rest_route=\/wp\/v2\/types\/post"}],"author":[{"embeddable":true,"href":"https:\/\/arantv.az\/index.php?rest_route=\/wp\/v2\/users\/2"}],"replies":[{"embeddable":true,"href":"https:\/\/arantv.az\/index.php?rest_route=%2Fwp%2Fv2%2Fcomments&post=120314"}],"version-history":[{"count":0,"href":"https:\/\/arantv.az\/index.php?rest_route=\/wp\/v2\/posts\/120314\/revisions"}],"wp:featuredmedia":[{"embeddable":true,"href":"https:\/\/arantv.az\/index.php?rest_route=\/wp\/v2\/media\/120315"}],"wp:attachment":[{"href":"https:\/\/arantv.az\/index.php?rest_route=%2Fwp%2Fv2%2Fmedia&parent=120314"}],"wp:term":[{"taxonomy":"category","embeddable":true,"href":"https:\/\/arantv.az\/index.php?rest_route=%2Fwp%2Fv2%2Fcategories&post=120314"},{"taxonomy":"post_tag","embeddable":true,"href":"https:\/\/arantv.az\/index.php?rest_route=%2Fwp%2Fv2%2Ftags&post=120314"}],"curies":[{"name":"wp","href":"https:\/\/api.w.org\/{rel}","templated":true}]}}