{"id":120318,"date":"2020-01-20T10:36:36","date_gmt":"2020-01-20T07:36:36","guid":{"rendered":"http:\/\/arantv.az\/?p=120318"},"modified":"2020-01-20T10:36:36","modified_gmt":"2020-01-20T07:36:36","slug":"seckil%c9%99rl%c9%99-%c9%99laq%c9%99dar-msk-ya-sikay%c9%99tl%c9%99rin-sayinda-azalma-var-m%c9%99zahir-p%c9%99nahov","status":"publish","type":"post","link":"https:\/\/arantv.az\/?p=120318","title":{"rendered":"&#8220;Se\u00e7kil\u0259rl\u0259 \u0259laq\u0259dar MSK-ya \u015fikay\u0259tl\u0259rin say\u0131nda azalma var&#8221; &#8211; M\u0259zahir P\u0259nahov"},"content":{"rendered":"<blockquote><p><em><strong>Se\u00e7kil\u0259rl\u0259 \u0259laq\u0259dar M\u0259rk\u0259zi Se\u00e7ki Komissiyas\u0131na (MSK) edil\u0259n \u015fikay\u0259tl\u0259rin say\u0131 azd\u0131r.<\/strong><\/em><\/p><\/blockquote>\n<p><strong>ARANTV.AZ\u00a0<\/strong><a href=\"http:\/\/az.trend.az\/\" target=\"_blank\" rel=\"noopener\">Trend<\/a>-\u0259 istinad\u0259n bildirir ki,\u00a0bunu MSK s\u0259dri M\u0259zahir P\u0259nahov bildirib.<\/p>\n<p>Onun s\u00f6zl\u0259rin\u0259 g\u00f6r\u0259, yaln\u0131z Se\u00e7ki M\u0259c\u0259ll\u0259sinin t\u0259l\u0259bl\u0259rin\u0259 uy\u011fun olan \u015fikay\u0259tl\u0259rin say\u0131 deyil, \u00fcmumilikd\u0259 \u015fikay\u0259tl\u0259rin say\u0131nda azalma m\u00fc\u015fahid\u0259 olunur: &#8220;B\u0259zi \u015fikay\u0259tl\u0259r var ki, biz ist\u0259s\u0259k d\u0259, onlar Se\u00e7ki M\u0259c\u0259ll\u0259sinin t\u0259l\u0259bl\u0259rin\u0259 uy\u011fun olaraq MSK-n\u0131n iclas\u0131nda m\u00fczakir\u0259y\u0259 \u00e7\u0131xar\u0131la bilm\u0259z. Bel\u0259 \u015fikay\u0259tl\u0259r d\u0259 daxil olmaqla, MSK-ya daxil olan \u015fikay\u0259tl\u0259rin say\u0131 40-\u0131 ke\u00e7m\u0259yib&#8221;.<\/p>\n<p>M.P\u0259nahov bildirib ki, parlament se\u00e7kil\u0259rind\u0259 i\u015ftirak \u00fc\u00e7\u00fcn rekord sayda namiz\u0259dl\u0259rin qeyd\u0259 al\u0131nmas\u0131 m\u00fcsb\u0259t hald\u0131r:<\/p>\n<p>&#8220;G\u00f6r\u00fcn\u00fcr ki, art\u0131q insanlar c\u0259miyy\u0259td\u0259 ba\u015f ver\u0259n d\u0259yi\u015fiklikl\u0259r\u0259 bigan\u0259 yana\u015fm\u0131rlar. \u0130ctimaiyy\u0259t t\u0259r\u0259find\u0259n \u00f6lk\u0259d\u0259 ba\u015f ver\u0259n prosesl\u0259r\u0259 qar\u015f\u0131 f\u0259all\u0131q hiss olunur&#8221;.<\/p>\n","protected":false},"excerpt":{"rendered":"<p>Se\u00e7kil\u0259rl\u0259 \u0259laq\u0259dar M\u0259rk\u0259zi Se\u00e7ki Komissiyas\u0131na (MSK) edil\u0259n \u015fikay\u0259tl\u0259rin say\u0131 azd\u0131r. ARANTV.AZ\u00a0Trend-\u0259 istinad\u0259n bildirir ki,\u00a0bunu MSK s\u0259dri M\u0259zahir P\u0259nahov bildirib. Onun s\u00f6zl\u0259rin\u0259 g\u00f6r\u0259, yaln\u0131z Se\u00e7ki M\u0259c\u0259ll\u0259sinin t\u0259l\u0259bl\u0259rin\u0259 uy\u011fun olan \u015fikay\u0259tl\u0259rin say\u0131 deyil, \u00fcmumilikd\u0259 \u015fikay\u0259tl\u0259rin say\u0131nda azalma m\u00fc\u015fahid\u0259 olunur: &#8220;B\u0259zi \u015fikay\u0259tl\u0259r var ki, biz ist\u0259s\u0259k d\u0259, onlar Se\u00e7ki M\u0259c\u0259ll\u0259sinin t\u0259l\u0259bl\u0259rin\u0259 uy\u011fun olaraq MSK-n\u0131n iclas\u0131nda m\u00fczakir\u0259y\u0259 \u00e7\u0131xar\u0131la bilm\u0259z. Bel\u0259 \u015fikay\u0259tl\u0259r d\u0259 daxil olmaqla, MSK-ya daxil olan \u015fikay\u0259tl\u0259rin say\u0131 40-\u0131 ke\u00e7m\u0259yib&#8221;. M.P\u0259nahov bildirib ki, parlament se\u00e7kil\u0259rind\u0259 i\u015ftirak \u00fc\u00e7\u00fcn rekord sayda namiz\u0259dl\u0259rin qeyd\u0259 al\u0131nmas\u0131 m\u00fcsb\u0259t hald\u0131r: &#8220;G\u00f6r\u00fcn\u00fcr ki, art\u0131q insanlar c\u0259miyy\u0259td\u0259 ba\u015f ver\u0259n d\u0259yi\u015fiklikl\u0259r\u0259 bigan\u0259&hellip;<\/p>\n","protected":false},"author":2,"featured_media":120319,"comment_status":"closed","ping_status":"closed","sticky":false,"template":"","format":"standard","meta":{"om_disable_all_campaigns":false,"_monsterinsights_skip_tracking":false,"_monsterinsights_sitenote_active":false,"_monsterinsights_sitenote_note":"","_monsterinsights_sitenote_category":0},"categories":[4],"tags":[],"aioseo_notices":[],"gutentor_comment":0,"rttpg_featured_image_url":{"full":["https:\/\/arantv.az\/wp-content\/uploads\/2020\/01\/819337.jpg",800,600,false],"landscape":["https:\/\/arantv.az\/wp-content\/uploads\/2020\/01\/819337.jpg",800,600,false],"portraits":["https:\/\/arantv.az\/wp-content\/uploads\/2020\/01\/819337.jpg",800,600,false],"thumbnail":["https:\/\/arantv.az\/wp-content\/uploads\/2020\/01\/819337-150x150.jpg",150,150,true],"medium":["https:\/\/arantv.az\/wp-content\/uploads\/2020\/01\/819337-300x225.jpg",300,225,true],"large":["https:\/\/arantv.az\/wp-content\/uploads\/2020\/01\/819337.jpg",640,480,false],"1536x1536":["https:\/\/arantv.az\/wp-content\/uploads\/2020\/01\/819337.jpg",800,600,false],"2048x2048":["https:\/\/arantv.az\/wp-content\/uploads\/2020\/01\/819337.jpg",800,600,false],"post-thumbnail":["https:\/\/arantv.az\/wp-content\/uploads\/2020\/01\/819337-240x172.jpg",240,172,true],"advps-thumb-one":["https:\/\/arantv.az\/wp-content\/uploads\/2020\/01\/819337.jpg",800,600,false]},"rttpg_author":{"display_name":"V\u00fcsal Rafiqo\u011flu","author_link":"https:\/\/arantv.az\/?author=2"},"rttpg_comment":0,"rttpg_category":"<a href=\"https:\/\/arantv.az\/?cat=4\" rel=\"category\">Siyas\u0259t<\/a>","rttpg_excerpt":"Se\u00e7kil\u0259rl\u0259 \u0259laq\u0259dar M\u0259rk\u0259zi Se\u00e7ki Komissiyas\u0131na (MSK) edil\u0259n \u015fikay\u0259tl\u0259rin say\u0131 azd\u0131r. ARANTV.AZ\u00a0Trend-\u0259 istinad\u0259n bildirir ki,\u00a0bunu MSK s\u0259dri M\u0259zahir P\u0259nahov bildirib. Onun s\u00f6zl\u0259rin\u0259 g\u00f6r\u0259, yaln\u0131z Se\u00e7ki M\u0259c\u0259ll\u0259sinin t\u0259l\u0259bl\u0259rin\u0259 uy\u011fun olan \u015fikay\u0259tl\u0259rin say\u0131 deyil, \u00fcmumilikd\u0259 \u015fikay\u0259tl\u0259rin say\u0131nda azalma m\u00fc\u015fahid\u0259 olunur: &#8220;B\u0259zi \u015fikay\u0259tl\u0259r var ki, biz ist\u0259s\u0259k d\u0259, onlar Se\u00e7ki M\u0259c\u0259ll\u0259sinin t\u0259l\u0259bl\u0259rin\u0259 uy\u011fun olaraq MSK-n\u0131n iclas\u0131nda m\u00fczakir\u0259y\u0259 \u00e7\u0131xar\u0131la bilm\u0259z.&hellip;","_links":{"self":[{"href":"https:\/\/arantv.az\/index.php?rest_route=\/wp\/v2\/posts\/120318"}],"collection":[{"href":"https:\/\/arantv.az\/index.php?rest_route=\/wp\/v2\/posts"}],"about":[{"href":"https:\/\/arantv.az\/index.php?rest_route=\/wp\/v2\/types\/post"}],"author":[{"embeddable":true,"href":"https:\/\/arantv.az\/index.php?rest_route=\/wp\/v2\/users\/2"}],"replies":[{"embeddable":true,"href":"https:\/\/arantv.az\/index.php?rest_route=%2Fwp%2Fv2%2Fcomments&post=120318"}],"version-history":[{"count":0,"href":"https:\/\/arantv.az\/index.php?rest_route=\/wp\/v2\/posts\/120318\/revisions"}],"wp:featuredmedia":[{"embeddable":true,"href":"https:\/\/arantv.az\/index.php?rest_route=\/wp\/v2\/media\/120319"}],"wp:attachment":[{"href":"https:\/\/arantv.az\/index.php?rest_route=%2Fwp%2Fv2%2Fmedia&parent=120318"}],"wp:term":[{"taxonomy":"category","embeddable":true,"href":"https:\/\/arantv.az\/index.php?rest_route=%2Fwp%2Fv2%2Fcategories&post=120318"},{"taxonomy":"post_tag","embeddable":true,"href":"https:\/\/arantv.az\/index.php?rest_route=%2Fwp%2Fv2%2Ftags&post=120318"}],"curies":[{"name":"wp","href":"https:\/\/api.w.org\/{rel}","templated":true}]}}