{"id":120326,"date":"2020-01-20T11:09:47","date_gmt":"2020-01-20T08:09:47","guid":{"rendered":"http:\/\/arantv.az\/?p=120326"},"modified":"2020-01-20T11:09:47","modified_gmt":"2020-01-20T08:09:47","slug":"m%c9%99shurlar-qanli-gec%c9%99ni-bel%c9%99-andilartokuldul%c9%99r-ustun%c9%99-quduz-kimi-ac-kimi","status":"publish","type":"post","link":"https:\/\/arantv.az\/?p=120326","title":{"rendered":"M\u0259\u015fhurlar qanl\u0131 gec\u0259ni bel\u0259 and\u0131lar:&#8221;T\u00f6k\u00fcld\u00fcl\u0259r \u00fcst\u00fcn\u0259 quduz kimi, ac kimi&#8230;&#8221;"},"content":{"rendered":"<p>Bu g\u00fcn Az\u0259rbaycanda 20 Yanvar faci\u0259sinin otuzuncu ild\u00f6n\u00fcm\u00fcd\u00fcr. Xalq\u0131m\u0131z\u0131n qan yadda\u015f\u0131nda \u0259b\u0259di ya\u015fayacaq 20 Yanvar faci\u0259si respublikam\u0131zda h\u0259r il \u00dcmumxalq H\u00fczn G\u00fcn\u00fc kimi geni\u015f qeyd edilir.<\/p>\n<p><b>ARANTV.AZ\u00a0<\/b> x\u0259b\u0259r verir ki, h\u00fczn g\u00fcn\u00fc il\u0259 \u0259laq\u0259dar bir \u00e7ox m\u0259\u015fhurlar faci\u0259y\u0259 bigan\u0259 yana\u015fmay\u0131b sosial \u015f\u0259b\u0259k\u0259l\u0259rd\u0259 payla\u015f\u0131mlar edibl\u0259r.<\/p>\n<p><b>Xalq artisti Ayg\u00fcn Kaz\u0131mova<\/b>\u00a0:<br \/>\n&#8220;20 Yanvar t\u0259kc\u0259 mat\u0259m g\u00fcn\u00fc deyil, h\u0259m d\u0259 xalq\u0131m\u0131z\u0131n \u015f\u0259r\u0259f s\u0259hif\u0259sidir&#8230;Az\u0259rbaycan\u0131m\u0131z\u0131n azadl\u0131\u011f\u0131 u\u011frunda yolunda can\u0131ndan ke\u00e7\u0259nl\u0259ri d\u0259rin ehtiram v\u0259 minn\u0259tdarl\u0131qla an\u0131r\u0131q&#8230;&#8221;<br \/>\n<img class=\"imgbcodecent\" src=\"https:\/\/upload.az\/foto\/arxiv\/aygun_11579503381.png\" alt=\"M\u0259\u015fhurlar qanl\u0131 gec\u0259ni bel\u0259 and\u0131lar:&quot;T\u00f6k\u00fcld\u00fcl\u0259r \u00fcst\u00fcn\u0259 quduz kimi, ac kimi...&quot;\" \/><\/p>\n<p><b>\u018fm\u0259kdar artist M\u0259tan\u0259t \u0130sg\u0259nd\u0259rli:<\/b>:<br \/>\n&#8220;Allah \u015e\u0259hidl\u0259rimiz\u0259 r\u0259hm\u0259t el\u0259sin.&#8221;<br \/>\n<img class=\"imgbcodecent\" src=\"https:\/\/upload.az\/foto\/arxiv\/metanet_61579503551.png\" alt=\"M\u0259\u015fhurlar qanl\u0131 gec\u0259ni bel\u0259 and\u0131lar:&quot;T\u00f6k\u00fcld\u00fcl\u0259r \u00fcst\u00fcn\u0259 quduz kimi, ac kimi...&quot;\" \/><\/p>\n<p><b>\u018fm\u0259kdar artist N\u00fc\u015fab\u0259 \u018fl\u0259sg\u0259rli:<\/b><br \/>\n&#8220;Allah r\u0259hm\u0259t el\u0259sin b\u00fct\u00fcn \u015f\u0259hidl\u0259r\u0259.&#8221;<br \/>\n<img class=\"imgbcodecent\" src=\"https:\/\/upload.az\/foto\/arxiv\/nusabee.PNG\" alt=\"M\u0259\u015fhurlar qanl\u0131 gec\u0259ni bel\u0259 and\u0131lar:&quot;T\u00f6k\u00fcld\u00fcl\u0259r \u00fcst\u00fcn\u0259 quduz kimi, ac kimi...&quot;\" \/><\/p>\n<p><b>Apar\u0131c\u0131 Zaur Kamal:<\/b>:<br \/>\n&#8220;Qara Yanvar- b\u0259z\u0259n Qanl\u0131 Yanvar v\u0259 ya 20 Yanvar faci\u0259si kimi qeyd olunur \u2014 1990-c\u0131 il yanvar\u0131n 19-dan 20-n\u0259 ke\u00e7\u0259n gec\u0259, saat 23.30-da Bak\u0131 \u015f\u0259h\u0259rind\u0259 ba\u015f vermi\u015fdi bu faci\u0259.&#8221;<br \/>\n<img class=\"imgbcodecent\" src=\"https:\/\/upload.az\/foto\/arxiv\/zaurkamal.PNG\" alt=\"M\u0259\u015fhurlar qanl\u0131 gec\u0259ni bel\u0259 and\u0131lar:&quot;T\u00f6k\u00fcld\u00fcl\u0259r \u00fcst\u00fcn\u0259 quduz kimi, ac kimi...&quot;\" \/><\/p>\n<p><b>M\u00fc\u011f\u0259nni \u015e\u0259bn\u0259m Tovuzlu<\/b>:<\/p>\n<div id=\"AdviadNativeVideo0\" class=\"AdviadNativeVideo\">\n<div class=\"adviad-inboard\">\n<div>&#8220;20 Yanvar 30 il &#8230;Allah butun \u015f\u0259hidl\u0259rimiz\u0259 r\u0259hm\u0259t el\u0259sin.&#8221;<br \/>\n<img class=\"imgbcodecent\" src=\"https:\/\/upload.az\/foto\/arxiv\/sebnem_11579504021.png\" alt=\"M\u0259\u015fhurlar qanl\u0131 gec\u0259ni bel\u0259 and\u0131lar:&quot;T\u00f6k\u00fcld\u00fcl\u0259r \u00fcst\u00fcn\u0259 quduz kimi, ac kimi...&quot;\" \/><\/p>\n<p><b>Sevil,Sevinc bac\u0131lar\u0131<\/b>:<br \/>\n&#8220;\u015e\u0259hidl\u0259rimizi q\u00fcrur v\u0259 ehtiramla an\u0131r\u0131q.&#8221;<br \/>\n<img class=\"imgbcodecent\" src=\"https:\/\/upload.az\/foto\/arxiv\/sevilsevinc.PNG\" alt=\"M\u0259\u015fhurlar qanl\u0131 gec\u0259ni bel\u0259 and\u0131lar:&quot;T\u00f6k\u00fcld\u00fcl\u0259r \u00fcst\u00fcn\u0259 quduz kimi, ac kimi...&quot;\" \/><\/p>\n<p><b>\u018fm\u0259kdar artist Elnar\u0259 Abdullayeva<\/b>:<br \/>\n&#8220;\u015e\u0259hidl\u0259rimizi q\u00fcr\u00fcr v\u0259 ehtiramla an\u0131r\u0131q. 20 Yanvar 1990-20 Yanvar 2020&#8230;30il&#8230;Allah r\u0259hm\u0259t etsin. Amin.&#8221;<br \/>\n<img class=\"imgbcodecent\" src=\"https:\/\/upload.az\/foto\/arxiv\/elnare_11579504450.png\" alt=\"M\u0259\u015fhurlar qanl\u0131 gec\u0259ni bel\u0259 and\u0131lar:&quot;T\u00f6k\u00fcld\u00fcl\u0259r \u00fcst\u00fcn\u0259 quduz kimi, ac kimi...&quot;\" \/><\/p>\n<p><b>M\u00fc\u011f\u0259nni Ayan Babaki\u015fiyeva<\/b>:<br \/>\n&#8220;Ehtirmala an\u0131r\u0131q&#8221;<br \/>\n<img class=\"imgbcodecent\" src=\"https:\/\/upload.az\/foto\/arxiv\/ayan_91579504542.png\" alt=\"M\u0259\u015fhurlar qanl\u0131 gec\u0259ni bel\u0259 and\u0131lar:&quot;T\u00f6k\u00fcld\u00fcl\u0259r \u00fcst\u00fcn\u0259 quduz kimi, ac kimi...&quot;\" \/><\/p>\n<p><b>M\u00fc\u011f\u0259nni Xatun \u018fliyeva<\/b>:<br \/>\n&#8220;Ba\u015f\u0131n sa\u011f olsun Az\u0259rbaycan.&#8221;<br \/>\n<img class=\"imgbcodecent\" src=\"https:\/\/upload.az\/foto\/arxiv\/xatun_81579504700.png\" alt=\"M\u0259\u015fhurlar qanl\u0131 gec\u0259ni bel\u0259 and\u0131lar:&quot;T\u00f6k\u00fcld\u00fcl\u0259r \u00fcst\u00fcn\u0259 quduz kimi, ac kimi...&quot;\" \/><\/p>\n<p><b>M\u00fc\u011f\u0259nni Bahar L\u0259tifq\u0131z\u0131<\/b>:<br \/>\n&#8220;T\u00f6k\u00fcld\u00fcl\u0259r \u00fcst\u00fcn\u0259 quduz kimi, ac kimi&#8230;\u015eumlad\u0131lar yer kimi, q\u0131rd\u0131lar aqac kimi. Tarixin yadda\u015f\u0131nda s\u0259ni nec\u0259 ucald\u0131m.&#8221;<br \/>\n<img class=\"imgbcodecent\" src=\"https:\/\/upload.az\/foto\/arxiv\/bahar.PNG\" alt=\"M\u0259\u015fhurlar qanl\u0131 gec\u0259ni bel\u0259 and\u0131lar:&quot;T\u00f6k\u00fcld\u00fcl\u0259r \u00fcst\u00fcn\u0259 quduz kimi, ac kimi...&quot;\" \/><\/div>\n<\/div>\n<div>BiG.AZ<\/div>\n<\/div>\n","protected":false},"excerpt":{"rendered":"<p>Bu g\u00fcn Az\u0259rbaycanda 20 Yanvar faci\u0259sinin otuzuncu ild\u00f6n\u00fcm\u00fcd\u00fcr. Xalq\u0131m\u0131z\u0131n qan yadda\u015f\u0131nda \u0259b\u0259di ya\u015fayacaq 20 Yanvar faci\u0259si respublikam\u0131zda h\u0259r il \u00dcmumxalq H\u00fczn G\u00fcn\u00fc kimi geni\u015f qeyd edilir. ARANTV.AZ\u00a0 x\u0259b\u0259r verir ki, h\u00fczn g\u00fcn\u00fc il\u0259 \u0259laq\u0259dar bir \u00e7ox m\u0259\u015fhurlar faci\u0259y\u0259 bigan\u0259 yana\u015fmay\u0131b sosial \u015f\u0259b\u0259k\u0259l\u0259rd\u0259 payla\u015f\u0131mlar edibl\u0259r. Xalq artisti Ayg\u00fcn Kaz\u0131mova\u00a0: &#8220;20 Yanvar t\u0259kc\u0259 mat\u0259m g\u00fcn\u00fc deyil, h\u0259m d\u0259 xalq\u0131m\u0131z\u0131n \u015f\u0259r\u0259f s\u0259hif\u0259sidir&#8230;Az\u0259rbaycan\u0131m\u0131z\u0131n azadl\u0131\u011f\u0131 u\u011frunda yolunda can\u0131ndan ke\u00e7\u0259nl\u0259ri d\u0259rin ehtiram v\u0259 minn\u0259tdarl\u0131qla an\u0131r\u0131q&#8230;&#8221; \u018fm\u0259kdar artist M\u0259tan\u0259t \u0130sg\u0259nd\u0259rli:: &#8220;Allah \u015e\u0259hidl\u0259rimiz\u0259 r\u0259hm\u0259t el\u0259sin.&#8221; \u018fm\u0259kdar artist N\u00fc\u015fab\u0259 \u018fl\u0259sg\u0259rli: &#8220;Allah r\u0259hm\u0259t el\u0259sin b\u00fct\u00fcn \u015f\u0259hidl\u0259r\u0259.&#8221; Apar\u0131c\u0131 Zaur Kamal:: &#8220;Qara&hellip;<\/p>\n","protected":false},"author":2,"featured_media":120327,"comment_status":"closed","ping_status":"closed","sticky":false,"template":"","format":"standard","meta":{"om_disable_all_campaigns":false,"_monsterinsights_skip_tracking":false,"_monsterinsights_sitenote_active":false,"_monsterinsights_sitenote_note":"","_monsterinsights_sitenote_category":0},"categories":[1],"tags":[],"aioseo_notices":[],"gutentor_comment":0,"rttpg_featured_image_url":{"full":["https:\/\/arantv.az\/wp-content\/uploads\/2020\/01\/yanvar_31579505962.jpg",650,371,false],"landscape":["https:\/\/arantv.az\/wp-content\/uploads\/2020\/01\/yanvar_31579505962.jpg",650,371,false],"portraits":["https:\/\/arantv.az\/wp-content\/uploads\/2020\/01\/yanvar_31579505962.jpg",650,371,false],"thumbnail":["https:\/\/arantv.az\/wp-content\/uploads\/2020\/01\/yanvar_31579505962-150x150.jpg",150,150,true],"medium":["https:\/\/arantv.az\/wp-content\/uploads\/2020\/01\/yanvar_31579505962-300x171.jpg",300,171,true],"large":["https:\/\/arantv.az\/wp-content\/uploads\/2020\/01\/yanvar_31579505962.jpg",640,365,false],"1536x1536":["https:\/\/arantv.az\/wp-content\/uploads\/2020\/01\/yanvar_31579505962.jpg",650,371,false],"2048x2048":["https:\/\/arantv.az\/wp-content\/uploads\/2020\/01\/yanvar_31579505962.jpg",650,371,false],"post-thumbnail":["https:\/\/arantv.az\/wp-content\/uploads\/2020\/01\/yanvar_31579505962-240x172.jpg",240,172,true],"advps-thumb-one":["https:\/\/arantv.az\/wp-content\/uploads\/2020\/01\/yanvar_31579505962.jpg",650,371,false]},"rttpg_author":{"display_name":"V\u00fcsal Rafiqo\u011flu","author_link":"https:\/\/arantv.az\/?author=2"},"rttpg_comment":0,"rttpg_category":"<a href=\"https:\/\/arantv.az\/?cat=1\" rel=\"category\">C\u0259miyy\u0259t<\/a>","rttpg_excerpt":"Bu g\u00fcn Az\u0259rbaycanda 20 Yanvar faci\u0259sinin otuzuncu ild\u00f6n\u00fcm\u00fcd\u00fcr. Xalq\u0131m\u0131z\u0131n qan yadda\u015f\u0131nda \u0259b\u0259di ya\u015fayacaq 20 Yanvar faci\u0259si respublikam\u0131zda h\u0259r il \u00dcmumxalq H\u00fczn G\u00fcn\u00fc kimi geni\u015f qeyd edilir. ARANTV.AZ\u00a0 x\u0259b\u0259r verir ki, h\u00fczn g\u00fcn\u00fc il\u0259 \u0259laq\u0259dar bir \u00e7ox m\u0259\u015fhurlar faci\u0259y\u0259 bigan\u0259 yana\u015fmay\u0131b sosial \u015f\u0259b\u0259k\u0259l\u0259rd\u0259 payla\u015f\u0131mlar edibl\u0259r. Xalq artisti Ayg\u00fcn Kaz\u0131mova\u00a0: &#8220;20 Yanvar t\u0259kc\u0259 mat\u0259m g\u00fcn\u00fc deyil, h\u0259m&hellip;","_links":{"self":[{"href":"https:\/\/arantv.az\/index.php?rest_route=\/wp\/v2\/posts\/120326"}],"collection":[{"href":"https:\/\/arantv.az\/index.php?rest_route=\/wp\/v2\/posts"}],"about":[{"href":"https:\/\/arantv.az\/index.php?rest_route=\/wp\/v2\/types\/post"}],"author":[{"embeddable":true,"href":"https:\/\/arantv.az\/index.php?rest_route=\/wp\/v2\/users\/2"}],"replies":[{"embeddable":true,"href":"https:\/\/arantv.az\/index.php?rest_route=%2Fwp%2Fv2%2Fcomments&post=120326"}],"version-history":[{"count":0,"href":"https:\/\/arantv.az\/index.php?rest_route=\/wp\/v2\/posts\/120326\/revisions"}],"wp:featuredmedia":[{"embeddable":true,"href":"https:\/\/arantv.az\/index.php?rest_route=\/wp\/v2\/media\/120327"}],"wp:attachment":[{"href":"https:\/\/arantv.az\/index.php?rest_route=%2Fwp%2Fv2%2Fmedia&parent=120326"}],"wp:term":[{"taxonomy":"category","embeddable":true,"href":"https:\/\/arantv.az\/index.php?rest_route=%2Fwp%2Fv2%2Fcategories&post=120326"},{"taxonomy":"post_tag","embeddable":true,"href":"https:\/\/arantv.az\/index.php?rest_route=%2Fwp%2Fv2%2Ftags&post=120326"}],"curies":[{"name":"wp","href":"https:\/\/api.w.org\/{rel}","templated":true}]}}