{"id":120334,"date":"2020-01-20T11:12:14","date_gmt":"2020-01-20T08:12:14","guid":{"rendered":"http:\/\/arantv.az\/?p=120334"},"modified":"2020-01-20T11:12:14","modified_gmt":"2020-01-20T08:12:14","slug":"leyla-%c9%99liyeva-20-yanvar-faci%c9%99sind%c9%99n-yazdi-video","status":"publish","type":"post","link":"https:\/\/arantv.az\/?p=120334","title":{"rendered":"Leyla \u018fliyeva 20 Yanvar faci\u0259sind\u0259n yazd\u0131 &#8211; V\u0130DEO"},"content":{"rendered":"<div class=\"post_content page_margin_top_section clearfix\">\n<div class=\"content_box\">\n<div class=\"text\">\n<p><strong>Heyd\u0259r \u018fliyev Fondunun vitse-prezidenti Leyla \u018fliyeva \u00f6lk\u0259mizd\u0259 1990-c\u0131 il yanvar\u0131n 19-dan 20-n\u0259 ke\u00e7\u0259n gec\u0259 ba\u015f ver\u0259n qanl\u0131 20 Yanvar faci\u0259sind\u0259n yaz\u0131b.<\/strong><\/p>\n<p><strong>ARANTV.AZ<\/strong> x\u0259b\u0259r verir ki, Leyla \u018fliyeva \u0130nstaqramda 20 Yanvar faci\u0259sin\u0259 h\u0259sr edilmi\u015f video payla\u015f\u0131b.<\/p>\n<p>\u201cBaku\u201d jurnal\u0131n\u0131n ba\u015f redaktoru \u0130nstaqramda hekay\u0259 b\u00f6l\u00fcm\u00fcnd\u0259 is\u0259 foto payla\u015faraq \u201c20 Yanvar tariximizin \u015f\u0259r\u0259f v\u0259 q\u0259hr\u0259manl\u0131q s\u0259hif\u0259sidir\u201d \u015f\u0259rhini qeyd edib.<\/p>\n<p><iframe loading=\"lazy\" id=\"instagram-embed-0\" class=\"instagram-media instagram-media-rendered\" src=\"https:\/\/www.instagram.com\/p\/B7iA72hDdp_\/embed\/?cr=1&amp;v=12&amp;wp=699&amp;rd=https%3A%2F%2Fpublika.az&amp;rp=%2Fnews%2Fnida_xeber%2F302402.html#%7B%22ci%22%3A0%2C%22os%22%3A1343.510000000606%2C%22ls%22%3A620.375000000422%2C%22le%22%3A624.1950000003271%7D\" width=\"300\" height=\"389\" frameborder=\"0\" scrolling=\"no\" allowfullscreen=\"allowfullscreen\" data-instgrm-payload-id=\"instagram-media-payload-0\" data-mce-fragment=\"1\"><\/iframe><\/div>\n<\/div>\n<\/div>\n<div class=\"social_like\">\n<div>\n<div class=\"fb-like fb_iframe_widget\" data-href=\"\" data-layout=\"button_count\" data-action=\"recommend\" data-size=\"small\" data-show-faces=\"false\" data-share=\"false\">Teleqraf.com<\/div>\n<\/div>\n<\/div>\n","protected":false},"excerpt":{"rendered":"<p>Heyd\u0259r \u018fliyev Fondunun vitse-prezidenti Leyla \u018fliyeva \u00f6lk\u0259mizd\u0259 1990-c\u0131 il yanvar\u0131n 19-dan 20-n\u0259 ke\u00e7\u0259n gec\u0259 ba\u015f ver\u0259n qanl\u0131 20 Yanvar faci\u0259sind\u0259n yaz\u0131b. ARANTV.AZ x\u0259b\u0259r verir ki, Leyla \u018fliyeva \u0130nstaqramda 20 Yanvar faci\u0259sin\u0259 h\u0259sr edilmi\u015f video payla\u015f\u0131b. \u201cBaku\u201d jurnal\u0131n\u0131n ba\u015f redaktoru \u0130nstaqramda hekay\u0259 b\u00f6l\u00fcm\u00fcnd\u0259 is\u0259 foto payla\u015faraq \u201c20 Yanvar tariximizin \u015f\u0259r\u0259f v\u0259 q\u0259hr\u0259manl\u0131q s\u0259hif\u0259sidir\u201d \u015f\u0259rhini qeyd edib. Teleqraf.com<\/p>\n","protected":false},"author":2,"featured_media":120335,"comment_status":"closed","ping_status":"closed","sticky":false,"template":"","format":"standard","meta":{"om_disable_all_campaigns":false,"_monsterinsights_skip_tracking":false,"_monsterinsights_sitenote_active":false,"_monsterinsights_sitenote_note":"","_monsterinsights_sitenote_category":0},"categories":[4],"tags":[],"aioseo_notices":[],"gutentor_comment":0,"rttpg_featured_image_url":{"full":["https:\/\/arantv.az\/wp-content\/uploads\/2020\/01\/llllllllllll.jpg",800,450,false],"landscape":["https:\/\/arantv.az\/wp-content\/uploads\/2020\/01\/llllllllllll.jpg",800,450,false],"portraits":["https:\/\/arantv.az\/wp-content\/uploads\/2020\/01\/llllllllllll.jpg",800,450,false],"thumbnail":["https:\/\/arantv.az\/wp-content\/uploads\/2020\/01\/llllllllllll-150x150.jpg",150,150,true],"medium":["https:\/\/arantv.az\/wp-content\/uploads\/2020\/01\/llllllllllll-300x169.jpg",300,169,true],"large":["https:\/\/arantv.az\/wp-content\/uploads\/2020\/01\/llllllllllll.jpg",640,360,false],"1536x1536":["https:\/\/arantv.az\/wp-content\/uploads\/2020\/01\/llllllllllll.jpg",800,450,false],"2048x2048":["https:\/\/arantv.az\/wp-content\/uploads\/2020\/01\/llllllllllll.jpg",800,450,false],"post-thumbnail":["https:\/\/arantv.az\/wp-content\/uploads\/2020\/01\/llllllllllll-240x172.jpg",240,172,true],"advps-thumb-one":["https:\/\/arantv.az\/wp-content\/uploads\/2020\/01\/llllllllllll.jpg",800,450,false]},"rttpg_author":{"display_name":"V\u00fcsal Rafiqo\u011flu","author_link":"https:\/\/arantv.az\/?author=2"},"rttpg_comment":0,"rttpg_category":"<a href=\"https:\/\/arantv.az\/?cat=4\" rel=\"category\">Siyas\u0259t<\/a>","rttpg_excerpt":"Heyd\u0259r \u018fliyev Fondunun vitse-prezidenti Leyla \u018fliyeva \u00f6lk\u0259mizd\u0259 1990-c\u0131 il yanvar\u0131n 19-dan 20-n\u0259 ke\u00e7\u0259n gec\u0259 ba\u015f ver\u0259n qanl\u0131 20 Yanvar faci\u0259sind\u0259n yaz\u0131b. ARANTV.AZ x\u0259b\u0259r verir ki, Leyla \u018fliyeva \u0130nstaqramda 20 Yanvar faci\u0259sin\u0259 h\u0259sr edilmi\u015f video payla\u015f\u0131b. \u201cBaku\u201d jurnal\u0131n\u0131n ba\u015f redaktoru \u0130nstaqramda hekay\u0259 b\u00f6l\u00fcm\u00fcnd\u0259 is\u0259 foto payla\u015faraq \u201c20 Yanvar tariximizin \u015f\u0259r\u0259f v\u0259 q\u0259hr\u0259manl\u0131q s\u0259hif\u0259sidir\u201d \u015f\u0259rhini qeyd edib.&hellip;","_links":{"self":[{"href":"https:\/\/arantv.az\/index.php?rest_route=\/wp\/v2\/posts\/120334"}],"collection":[{"href":"https:\/\/arantv.az\/index.php?rest_route=\/wp\/v2\/posts"}],"about":[{"href":"https:\/\/arantv.az\/index.php?rest_route=\/wp\/v2\/types\/post"}],"author":[{"embeddable":true,"href":"https:\/\/arantv.az\/index.php?rest_route=\/wp\/v2\/users\/2"}],"replies":[{"embeddable":true,"href":"https:\/\/arantv.az\/index.php?rest_route=%2Fwp%2Fv2%2Fcomments&post=120334"}],"version-history":[{"count":0,"href":"https:\/\/arantv.az\/index.php?rest_route=\/wp\/v2\/posts\/120334\/revisions"}],"wp:featuredmedia":[{"embeddable":true,"href":"https:\/\/arantv.az\/index.php?rest_route=\/wp\/v2\/media\/120335"}],"wp:attachment":[{"href":"https:\/\/arantv.az\/index.php?rest_route=%2Fwp%2Fv2%2Fmedia&parent=120334"}],"wp:term":[{"taxonomy":"category","embeddable":true,"href":"https:\/\/arantv.az\/index.php?rest_route=%2Fwp%2Fv2%2Fcategories&post=120334"},{"taxonomy":"post_tag","embeddable":true,"href":"https:\/\/arantv.az\/index.php?rest_route=%2Fwp%2Fv2%2Ftags&post=120334"}],"curies":[{"name":"wp","href":"https:\/\/api.w.org\/{rel}","templated":true}]}}