{"id":120342,"date":"2020-01-20T11:26:53","date_gmt":"2020-01-20T08:26:53","guid":{"rendered":"http:\/\/arantv.az\/?p=120342"},"modified":"2020-01-20T11:26:53","modified_gmt":"2020-01-20T08:26:53","slug":"az%c9%99rbaycanda-mikroavtobus-q%c9%99zasindaki-yaralilarla-bagli-r%c9%99smi-aciqlama","status":"publish","type":"post","link":"https:\/\/arantv.az\/?p=120342","title":{"rendered":"Az\u0259rbaycanda mikroavtobus q\u0259zas\u0131ndak\u0131 yaral\u0131larla ba\u011fl\u0131 R\u018fSM\u0130 A\u00c7IQLAMA"},"content":{"rendered":"<p>G\u00f6y\u00e7ay-\u0130smay\u0131ll\u0131 avtomobil yolunda ba\u015f ver\u0259n yol-n\u0259qliyyat hadis\u0259si zaman\u0131 be\u015f n\u0259f\u0259r x\u0259st\u0259xanaya yerl\u0259\u015fdirilib.<\/p>\n<p>Bunu<strong>\u00a0<\/strong>Oxu.Az-a a\u00e7\u0131qlamas\u0131nda Tibbi \u018frazi B\u00f6lm\u0259l\u0259rini \u0130dar\u0259etm\u0259 Birliyinin (T\u018fB\u0130B) m\u0259tbuat katibi R\u0259van\u0259 \u018fliyeva bildirib.<\/p>\n<p>Onun s\u00f6zl\u0259rin\u0259 g\u00f6r\u0259,\u00a0 mikroavtobus il\u0259\u00a0minik avtomobili\u00a0toqqu\u015fub:<\/p>\n<p>\u201cHadis\u0259 zaman\u0131 bir n\u0259f\u0259r v\u0259fat edib. X\u0259sar\u0259t alan be\u015f n\u0259f\u0259r \u0130smay\u0131ll\u0131 Rayon X\u0259st\u0259xanas\u0131na g\u0259tirilib. \u0130kisinin v\u0259ziyy\u0259ti a\u011f\u0131rd\u0131r. Reanimasiya \u015f\u00f6b\u0259sin\u0259 yerl\u0259\u015fdiril\u0259c\u0259k\u201d.<\/p>\n<p>R.\u018fliyeva qeyd edib ki,\u00a0yaral\u0131lardan dig\u0259r \u00fc\u00e7\u00fcn\u0259 is\u0259 ambulator yard\u0131m g\u00f6st\u0259rilib.<\/p>\n","protected":false},"excerpt":{"rendered":"<p>G\u00f6y\u00e7ay-\u0130smay\u0131ll\u0131 avtomobil yolunda ba\u015f ver\u0259n yol-n\u0259qliyyat hadis\u0259si zaman\u0131 be\u015f n\u0259f\u0259r x\u0259st\u0259xanaya yerl\u0259\u015fdirilib. Bunu\u00a0Oxu.Az-a a\u00e7\u0131qlamas\u0131nda Tibbi \u018frazi B\u00f6lm\u0259l\u0259rini \u0130dar\u0259etm\u0259 Birliyinin (T\u018fB\u0130B) m\u0259tbuat katibi R\u0259van\u0259 \u018fliyeva bildirib. Onun s\u00f6zl\u0259rin\u0259 g\u00f6r\u0259,\u00a0 mikroavtobus il\u0259\u00a0minik avtomobili\u00a0toqqu\u015fub: \u201cHadis\u0259 zaman\u0131 bir n\u0259f\u0259r v\u0259fat edib. X\u0259sar\u0259t alan be\u015f n\u0259f\u0259r \u0130smay\u0131ll\u0131 Rayon X\u0259st\u0259xanas\u0131na g\u0259tirilib. \u0130kisinin v\u0259ziyy\u0259ti a\u011f\u0131rd\u0131r. Reanimasiya \u015f\u00f6b\u0259sin\u0259 yerl\u0259\u015fdiril\u0259c\u0259k\u201d. R.\u018fliyeva qeyd edib ki,\u00a0yaral\u0131lardan dig\u0259r \u00fc\u00e7\u00fcn\u0259 is\u0259 ambulator yard\u0131m g\u00f6st\u0259rilib.<\/p>\n","protected":false},"author":2,"featured_media":120343,"comment_status":"closed","ping_status":"closed","sticky":false,"template":"","format":"standard","meta":{"om_disable_all_campaigns":false,"_monsterinsights_skip_tracking":false,"_monsterinsights_sitenote_active":false,"_monsterinsights_sitenote_note":"","_monsterinsights_sitenote_category":0},"categories":[5],"tags":[],"aioseo_notices":[],"gutentor_comment":0,"rttpg_featured_image_url":{"full":["https:\/\/arantv.az\/wp-content\/uploads\/2020\/01\/q\u00c9_za-1.jpg",620,464,false],"landscape":["https:\/\/arantv.az\/wp-content\/uploads\/2020\/01\/q\u00c9_za-1.jpg",620,464,false],"portraits":["https:\/\/arantv.az\/wp-content\/uploads\/2020\/01\/q\u00c9_za-1.jpg",620,464,false],"thumbnail":["https:\/\/arantv.az\/wp-content\/uploads\/2020\/01\/q\u00c9_za-1-150x150.jpg",150,150,true],"medium":["https:\/\/arantv.az\/wp-content\/uploads\/2020\/01\/q\u00c9_za-1-300x225.jpg",300,225,true],"large":["https:\/\/arantv.az\/wp-content\/uploads\/2020\/01\/q\u00c9_za-1.jpg",620,464,false],"1536x1536":["https:\/\/arantv.az\/wp-content\/uploads\/2020\/01\/q\u00c9_za-1.jpg",620,464,false],"2048x2048":["https:\/\/arantv.az\/wp-content\/uploads\/2020\/01\/q\u00c9_za-1.jpg",620,464,false],"post-thumbnail":["https:\/\/arantv.az\/wp-content\/uploads\/2020\/01\/q\u00c9_za-1-240x172.jpg",240,172,true],"advps-thumb-one":["https:\/\/arantv.az\/wp-content\/uploads\/2020\/01\/q\u00c9_za-1.jpg",620,464,false]},"rttpg_author":{"display_name":"V\u00fcsal Rafiqo\u011flu","author_link":"https:\/\/arantv.az\/?author=2"},"rttpg_comment":0,"rttpg_category":"<a href=\"https:\/\/arantv.az\/?cat=5\" rel=\"category\">Hadis\u0259<\/a>","rttpg_excerpt":"G\u00f6y\u00e7ay-\u0130smay\u0131ll\u0131 avtomobil yolunda ba\u015f ver\u0259n yol-n\u0259qliyyat hadis\u0259si zaman\u0131 be\u015f n\u0259f\u0259r x\u0259st\u0259xanaya yerl\u0259\u015fdirilib. Bunu\u00a0Oxu.Az-a a\u00e7\u0131qlamas\u0131nda Tibbi \u018frazi B\u00f6lm\u0259l\u0259rini \u0130dar\u0259etm\u0259 Birliyinin (T\u018fB\u0130B) m\u0259tbuat katibi R\u0259van\u0259 \u018fliyeva bildirib. Onun s\u00f6zl\u0259rin\u0259 g\u00f6r\u0259,\u00a0 mikroavtobus il\u0259\u00a0minik avtomobili\u00a0toqqu\u015fub: \u201cHadis\u0259 zaman\u0131 bir n\u0259f\u0259r v\u0259fat edib. X\u0259sar\u0259t alan be\u015f n\u0259f\u0259r \u0130smay\u0131ll\u0131 Rayon X\u0259st\u0259xanas\u0131na g\u0259tirilib. \u0130kisinin v\u0259ziyy\u0259ti a\u011f\u0131rd\u0131r. Reanimasiya \u015f\u00f6b\u0259sin\u0259 yerl\u0259\u015fdiril\u0259c\u0259k\u201d. R.\u018fliyeva qeyd edib ki,\u00a0yaral\u0131lardan&hellip;","_links":{"self":[{"href":"https:\/\/arantv.az\/index.php?rest_route=\/wp\/v2\/posts\/120342"}],"collection":[{"href":"https:\/\/arantv.az\/index.php?rest_route=\/wp\/v2\/posts"}],"about":[{"href":"https:\/\/arantv.az\/index.php?rest_route=\/wp\/v2\/types\/post"}],"author":[{"embeddable":true,"href":"https:\/\/arantv.az\/index.php?rest_route=\/wp\/v2\/users\/2"}],"replies":[{"embeddable":true,"href":"https:\/\/arantv.az\/index.php?rest_route=%2Fwp%2Fv2%2Fcomments&post=120342"}],"version-history":[{"count":0,"href":"https:\/\/arantv.az\/index.php?rest_route=\/wp\/v2\/posts\/120342\/revisions"}],"wp:featuredmedia":[{"embeddable":true,"href":"https:\/\/arantv.az\/index.php?rest_route=\/wp\/v2\/media\/120343"}],"wp:attachment":[{"href":"https:\/\/arantv.az\/index.php?rest_route=%2Fwp%2Fv2%2Fmedia&parent=120342"}],"wp:term":[{"taxonomy":"category","embeddable":true,"href":"https:\/\/arantv.az\/index.php?rest_route=%2Fwp%2Fv2%2Fcategories&post=120342"},{"taxonomy":"post_tag","embeddable":true,"href":"https:\/\/arantv.az\/index.php?rest_route=%2Fwp%2Fv2%2Ftags&post=120342"}],"curies":[{"name":"wp","href":"https:\/\/api.w.org\/{rel}","templated":true}]}}