{"id":120354,"date":"2020-01-20T12:18:16","date_gmt":"2020-01-20T09:18:16","guid":{"rendered":"http:\/\/arantv.az\/?p=120354"},"modified":"2020-01-20T12:18:16","modified_gmt":"2020-01-20T09:18:16","slug":"artur-suleymanov-rusiya-il%c9%99-az%c9%99rbaycan-arasinda-qarsiliqli-faydali-t%c9%99r%c9%99fdasliq-munasib%c9%99tl%c9%99ri-qurulub","status":"publish","type":"post","link":"https:\/\/arantv.az\/?p=120354","title":{"rendered":"Artur S\u00fcleymanov: Rusiya il\u0259 Az\u0259rbaycan aras\u0131nda qar\u015f\u0131l\u0131ql\u0131 faydal\u0131 t\u0259r\u0259fda\u015fl\u0131q m\u00fcnasib\u0259tl\u0259ri qurulub"},"content":{"rendered":"<p>Az\u0259rbaycan-Rusiya m\u00fcnasib\u0259tl\u0259ri y\u00fcks\u0259k qar\u015f\u0131l\u0131ql\u0131 f\u0259aliyy\u0259t s\u0259viyy\u0259sind\u0259dir, t\u0259r\u0259fda\u015fl\u0131q\u00a0\u0259laq\u0259l\u0259ri inki\u015faf edir, h\u0259r iki d\u00f6vl\u0259tin xeyrin\u0259 m\u00f6hk\u0259ml\u0259nir. Az\u0259rbaycan v\u0259 Rusiya aras\u0131ndak\u0131 m\u00fcnasib\u0259tl\u0259r mehriban qon\u015fuluq, \u00e7ox\u0259srlik dostluq v\u0259 qar\u015f\u0131l\u0131ql\u0131 h\u00f6rm\u0259t prinsipl\u0259rin\u0259 \u0259saslan\u0131r.<\/p>\n<p>Bundan \u0259lav\u0259, \u00f6lk\u0259l\u0259r b\u00f6lg\u0259d\u0259 t\u0259hl\u00fck\u0259sizliyin m\u00f6hk\u0259ml\u0259nm\u0259si namin\u0259 f\u0259al \u0259m\u0259kda\u015fl\u0131q edirl\u0259r. Az\u0259rbaycan v\u0259 Rusiya aras\u0131nda uzun ill\u0259r davam ed\u0259n t\u0259r\u0259fda\u015fl\u0131q \u0259rzind\u0259 iqtisadi, h\u0259rbi-texniki v\u0259 humanitar \u0259m\u0259kda\u015fl\u0131q qurulub.<\/p>\n<p>Siyasi elml\u0259r namiz\u0259di, \u201cBerlek-Birlik\u201d geosiyasi ara\u015fd\u0131rmalar m\u0259rk\u0259zinin ekspert-politoloqu, Ufa D\u00f6vl\u0259t Neft Texniki Universitetinin \u201cBeyn\u0259lxalq m\u00fcnasib\u0259tl\u0259r, tarix v\u0259 \u015f\u0259rq\u015f\u00fcnasl\u0131q\u201d kafedras\u0131n\u0131n dosenti Artur S\u00fcleymanov\u00a0Media.Az-a \u00f6t\u0259n il Rusiya il\u0259 Az\u0259rbaycan aras\u0131ndak\u0131 \u0259m\u0259kda\u015fl\u0131\u011f\u0131n s\u0259viyy\u0259si, h\u0259m\u00e7inin, 2020-ci ild\u0259 \u00f6lk\u0259l\u0259r aras\u0131ndak\u0131 qar\u015f\u0131l\u0131ql\u0131 f\u0259aliyy\u0259t perspektivl\u0259rind\u0259n dan\u0131\u015f\u0131b.<\/p>\n<p><img src=\"https:\/\/assets.oxu.az\/uploads\/W1siZiIsIjIwMjAvMDEvMjAvMTIvNTUvNTgvY2U4ZjFhZGEtM2EyYy00MGU2LWIzYzQtNWM1ZTMzNWUyYjUwL3llc2thLmpwZyJdLFsicCIsImVuY29kZSIsImpwZyIsIi1xdWFsaXR5IDgwIl0sWyJwIiwidGh1bWIiLCI1OTB4NTkwXHUwMDNlIl1d?sha=823d39a7b2d71f8f\" alt=\"\" \/><\/p>\n<p>\u201cRusiya il\u0259 Az\u0259rbaycan aras\u0131nda dostluq v\u0259 h\u00f6rm\u0259t prinsipl\u0259ri \u0259sas\u0131nda qar\u015f\u0131l\u0131ql\u0131 faydal\u0131 t\u0259r\u0259fda\u015fl\u0131q m\u00fcnasib\u0259tl\u0259ri qurulub. \u00d6t\u0259n 2019-cu ild\u0259 cari ild\u0259 ikit\u0259r\u0259fli \u0259laq\u0259l\u0259r\u0259 nikbin v\u0259 m\u00fcsb\u0259t baxma\u011f\u0131m\u0131za imkan ver\u0259n \u0259h\u0259miyy\u0259tli r\u0259smi v\u0259 dig\u0259r ictimai t\u0259dbirl\u0259r ke\u00e7irildi\u201d, &#8211; ekspert deyib.<\/p>\n<p>Onun s\u00f6zl\u0259rin\u0259 g\u00f6r\u0259, strateji yax\u0131nla\u015fma kursu m\u00fc\u0259yy\u0259n edilib, iqtisadiyyat v\u0259 m\u0259d\u0259niyy\u0259t sah\u0259l\u0259rind\u0259n tutmu\u015f m\u00fcxt\u0259lif sah\u0259l\u0259r\u0259 aid 140 d\u00f6vl\u0259tl\u0259raras\u0131 v\u0259 h\u00f6kum\u0259tl\u0259raras\u0131 m\u00fcqavil\u0259l\u0259rl\u0259 (raz\u0131la\u015fma) m\u00f6hk\u0259ml\u0259ndirilib:<\/p>\n<p>\u201cOnlar\u0131n bir \u00e7oxu Rusiya-Az\u0259rbaycan \u0259m\u0259kda\u015fl\u0131\u011f\u0131n\u0131n ba\u015fl\u0131ca istiqam\u0259tl\u0259rinin inki\u015faf\u0131 \u00fczr\u0259 2024-c\u00fc il\u0259d\u0259k F\u0259aliyy\u0259t Plan\u0131nda \u00f6z \u0259ksini tap\u0131b\u201d.<\/p>\n<p>\u201cAz\u0259rbaycanla ticar\u0259t-iqtisadi \u0259laq\u0259l\u0259r Rusiya Federasiyas\u0131n\u0131n 72 subyekti t\u0259r\u0259find\u0259n qurulub v\u0259 d\u0259st\u0259kl\u0259nir. Bununla yana\u015f\u0131, Rusiya Az\u0259rbaycan \u00fc\u00e7\u00fcn qeyri-xammal qrupu m\u0259hsullar\u0131n\u0131n idxal\u0131 v\u0259 ixrac\u0131 bax\u0131m\u0131ndan \u0259sas t\u0259r\u0259fda\u015flardan biri kimi \u00e7\u0131x\u0131\u015f edir. Rusiya-Az\u0259rbaycan \u0259laq\u0259l\u0259ri \u00e7oxt\u0259r\u0259fli regional g\u00fcnd\u0259m mexanizml\u0259ri il\u0259 z\u0259nginl\u0259\u015fdirilir.<\/p>\n<p>Buraya X\u0259z\u0259r regionundak\u0131 qar\u015f\u0131l\u0131ql\u0131 f\u0259aliyy\u0259tl\u0259r v\u0259 \u201c\u015eimal-C\u0259nub\u201d beyn\u0259lxalq n\u0259qliyyat d\u0259hlizinin h\u0259yata ke\u00e7irilm\u0259si daxildir. Ekspert v\u0259 analitik dair\u0259l\u0259rd\u0259 Az\u0259rbaycan\u0131n Avrasiya \u0130qtisadi Birliyin\u0259 qo\u015fulma imkanlar\u0131 bar\u0259d\u0259 f\u0259al m\u00fczakir\u0259 gedir, bu prosesin \u00fcst\u00fcnl\u00fckl\u0259ri, mexanizml\u0259ri v\u0259 riskl\u0259ri hesablan\u0131r\u201d, &#8211; Artur S\u00fcleymanov qeyd edib.<\/p>\n<p>Rusiya il\u0259 Az\u0259rbaycan aras\u0131nda m\u0259d\u0259ni-humanitar \u0259laq\u0259l\u0259r\u0259 toxunan ekspert bildirib ki, bu \u0259laq\u0259l\u0259r iki d\u00f6vl\u0259tin d\u00fcnyadak\u0131 \u0259sas m\u0259s\u0259l\u0259l\u0259r\u0259 yax\u0131n bax\u0131\u015flar\u0131n\u0131n formala\u015fmas\u0131nda he\u00e7 d\u0259 az \u0259h\u0259miyy\u0259t k\u0259sb etmir.<\/p>\n<p>\u201cBu g\u00fcn Az\u0259rbaycanda d\u00fcnyadak\u0131 \u0259n b\u00f6y\u00fck rusdilli diasporlardan biri \u2013 130 min\u0259 yax\u0131n insan, Rusiya Federasiyas\u0131nda is\u0259 t\u0259xmin\u0259n 2.5 milyon az\u0259rbaycanl\u0131 ya\u015fay\u0131r. Xalqlar\u0131n yax\u0131nla\u015fmas\u0131na t\u0259hsil v\u0259 elmi layih\u0259l\u0259r, \u00fcmumtarixi tarixl\u0259r v\u0259 h\u0259r iki \u00f6lk\u0259nin tan\u0131nm\u0131\u015f xadiml\u0259ri k\u00f6m\u0259k edir\u201d, &#8211; Az\u0259rbaycanda rus dilind\u0259 t\u0259hsil ver\u0259n 340 m\u0259kt\u0259bin, M.V.Lomonosov ad\u0131na Moskva D\u00f6vl\u0259t Universitetinin Bak\u0131 filial\u0131n\u0131n, \u0130.M.Se\u00e7enov ad\u0131na Birinci Moskva D\u00f6vl\u0259t Tibb Universitetinin Bak\u0131 filial\u0131n\u0131n f\u0259aliyy\u0259t g\u00f6st\u0259rdiyini vur\u011fulayan ekspert bildirib.<\/p>\n<p>\u201cB\u00fct\u00fcn MDB-y\u0259 \u00fczv d\u00f6vl\u0259tl\u0259r kimi, Rusiya-Az\u0259rbaycan m\u0259d\u0259niyy\u0259tl\u0259raras\u0131 dialoqun m\u00f6hk\u0259ml\u0259nm\u0259si \u00fc\u00e7\u00fcn x\u00fcsusi \u0259h\u0259miyy\u0259t k\u0259sb ed\u0259n bir tarixdir &#8211; B\u00f6y\u00fck V\u0259t\u0259n M\u00fcharib\u0259sind\u0259 Q\u0259l\u0259b\u0259nin 75 illiyi. Bu g\u00fcn\u0259 bir h\u00f6rm\u0259t v\u0259 Birlik \u00f6lk\u0259l\u0259ri t\u0259r\u0259find\u0259n birlikd\u0259 qeyd edilm\u0259si, fa\u015fizm \u00fcz\u0259rind\u0259 Q\u0259l\u0259b\u0259d\u0259ki b\u00fct\u00fcn xalqlar qar\u015f\u0131s\u0131nda m\u0259n\u0259vi borcu yerin\u0259 yetirm\u0259kl\u0259 yana\u015f\u0131, ortaq tarixin yenid\u0259n yaz\u0131lmas\u0131 \u00fc\u00e7\u00fcn edil\u0259n h\u0259r hans\u0131 bir c\u0259hdl\u0259ri dayand\u0131rma\u011fa imkan verir.<\/p>\n<p>Buna g\u00f6r\u0259 d\u0259 hesab edir\u0259m ki, Rusiya il\u0259 Az\u0259rbaycan\u0131n ortaq bir tarix\u0259, dil\u0259, m\u0259d\u0259niyy\u0259t\u0259 qar\u015f\u0131l\u0131ql\u0131 mara\u011f\u0131 ikit\u0259r\u0259fli \u0259laq\u0259l\u0259rin inki\u015faf\u0131nda m\u00fch\u00fcm v\u0259 m\u0259d\u0259ni inteqrasiya ed\u0259n amil kimi xidm\u0259t edir.<\/p>\n<p>MBD-y\u0259 \u00fczv b\u00fct\u00fcn d\u00f6vl\u0259tl\u0259rl\u0259 oldu\u011fu kimi, B\u00f6y\u00fck V\u0259t\u0259n m\u00fcharib\u0259sind\u0259 Q\u0259l\u0259b\u0259nin 75 illiyi il\u0259 \u0259laq\u0259dar \u0259lam\u0259tdar tarix Rusiya-Az\u0259rbaycan m\u0259d\u0259niyy\u0259tl\u0259raras\u0131 dialoqunun m\u00f6hk\u0259ml\u0259nm\u0259sind\u0259 d\u0259 x\u00fcsusi \u0259h\u0259miyy\u0259t da\u015f\u0131y\u0131r.<\/p>\n<p>Bu g\u00fcn\u0259 veril\u0259n h\u00f6rm\u0259t v\u0259 onun birlik \u00f6lk\u0259l\u0259ri t\u0259r\u0259find\u0259n birlikd\u0259 qeyd edilm\u0259si, yaln\u0131z fa\u015fizm \u00fcz\u0259rind\u0259 Q\u0259l\u0259b\u0259d\u0259 i\u015ftirak etmi\u015f b\u00fct\u00fcn xalqlar qar\u015f\u0131s\u0131nda m\u0259n\u0259vi borcun yerin\u0259 yetirilm\u0259sin\u0259 deyil, h\u0259m\u00e7inin, ortaq tarixin t\u0259hrif olunaraq yenid\u0259n yaz\u0131lmas\u0131 \u00fc\u00e7\u00fcn edil\u0259n b\u00fct\u00fcn c\u0259hdl\u0259ri dayand\u0131rma\u011fa imkan verir. Buna g\u00f6r\u0259 d\u0259 hesab edir\u0259m ki, Rusiya il\u0259 Az\u0259rbaycan\u0131n ortaq tarix\u0259, dil\u0259, m\u0259d\u0259niyy\u0259t\u0259 olan qar\u015f\u0131l\u0131ql\u0131 mara\u011f\u0131 ikit\u0259r\u0259fli \u0259laq\u0259l\u0259rin inki\u015faf\u0131nda m\u00fch\u00fcm v\u0259 m\u0259d\u0259ni inteqrasiya amili kimi xidm\u0259t edir\u201d, &#8211; Artur S\u00fcleymanov qeyd edib.<\/p>\n","protected":false},"excerpt":{"rendered":"<p>Az\u0259rbaycan-Rusiya m\u00fcnasib\u0259tl\u0259ri y\u00fcks\u0259k qar\u015f\u0131l\u0131ql\u0131 f\u0259aliyy\u0259t s\u0259viyy\u0259sind\u0259dir, t\u0259r\u0259fda\u015fl\u0131q\u00a0\u0259laq\u0259l\u0259ri inki\u015faf edir, h\u0259r iki d\u00f6vl\u0259tin xeyrin\u0259 m\u00f6hk\u0259ml\u0259nir. Az\u0259rbaycan v\u0259 Rusiya aras\u0131ndak\u0131 m\u00fcnasib\u0259tl\u0259r mehriban qon\u015fuluq, \u00e7ox\u0259srlik dostluq v\u0259 qar\u015f\u0131l\u0131ql\u0131 h\u00f6rm\u0259t prinsipl\u0259rin\u0259 \u0259saslan\u0131r. Bundan \u0259lav\u0259, \u00f6lk\u0259l\u0259r b\u00f6lg\u0259d\u0259 t\u0259hl\u00fck\u0259sizliyin m\u00f6hk\u0259ml\u0259nm\u0259si namin\u0259 f\u0259al \u0259m\u0259kda\u015fl\u0131q edirl\u0259r. Az\u0259rbaycan v\u0259 Rusiya aras\u0131nda uzun ill\u0259r davam ed\u0259n t\u0259r\u0259fda\u015fl\u0131q \u0259rzind\u0259 iqtisadi, h\u0259rbi-texniki v\u0259 humanitar \u0259m\u0259kda\u015fl\u0131q qurulub. Siyasi elml\u0259r namiz\u0259di, \u201cBerlek-Birlik\u201d geosiyasi ara\u015fd\u0131rmalar m\u0259rk\u0259zinin ekspert-politoloqu, Ufa D\u00f6vl\u0259t Neft Texniki Universitetinin \u201cBeyn\u0259lxalq m\u00fcnasib\u0259tl\u0259r, tarix v\u0259 \u015f\u0259rq\u015f\u00fcnasl\u0131q\u201d kafedras\u0131n\u0131n dosenti Artur S\u00fcleymanov\u00a0Media.Az-a \u00f6t\u0259n il Rusiya il\u0259 Az\u0259rbaycan aras\u0131ndak\u0131 \u0259m\u0259kda\u015fl\u0131\u011f\u0131n s\u0259viyy\u0259si, h\u0259m\u00e7inin, 2020-ci ild\u0259 \u00f6lk\u0259l\u0259r aras\u0131ndak\u0131 qar\u015f\u0131l\u0131ql\u0131&hellip;<\/p>\n","protected":false},"author":2,"featured_media":120355,"comment_status":"closed","ping_status":"closed","sticky":false,"template":"","format":"standard","meta":{"om_disable_all_campaigns":false,"_monsterinsights_skip_tracking":false,"_monsterinsights_sitenote_active":false,"_monsterinsights_sitenote_note":"","_monsterinsights_sitenote_category":0},"categories":[4],"tags":[],"aioseo_notices":[],"gutentor_comment":0,"rttpg_featured_image_url":{"full":["https:\/\/arantv.az\/wp-content\/uploads\/2020\/01\/bas.jpg",620,331,false],"landscape":["https:\/\/arantv.az\/wp-content\/uploads\/2020\/01\/bas.jpg",620,331,false],"portraits":["https:\/\/arantv.az\/wp-content\/uploads\/2020\/01\/bas.jpg",620,331,false],"thumbnail":["https:\/\/arantv.az\/wp-content\/uploads\/2020\/01\/bas-150x150.jpg",150,150,true],"medium":["https:\/\/arantv.az\/wp-content\/uploads\/2020\/01\/bas-300x160.jpg",300,160,true],"large":["https:\/\/arantv.az\/wp-content\/uploads\/2020\/01\/bas.jpg",620,331,false],"1536x1536":["https:\/\/arantv.az\/wp-content\/uploads\/2020\/01\/bas.jpg",620,331,false],"2048x2048":["https:\/\/arantv.az\/wp-content\/uploads\/2020\/01\/bas.jpg",620,331,false],"post-thumbnail":["https:\/\/arantv.az\/wp-content\/uploads\/2020\/01\/bas-240x172.jpg",240,172,true],"advps-thumb-one":["https:\/\/arantv.az\/wp-content\/uploads\/2020\/01\/bas.jpg",620,331,false]},"rttpg_author":{"display_name":"V\u00fcsal Rafiqo\u011flu","author_link":"https:\/\/arantv.az\/?author=2"},"rttpg_comment":0,"rttpg_category":"<a href=\"https:\/\/arantv.az\/?cat=4\" rel=\"category\">Siyas\u0259t<\/a>","rttpg_excerpt":"Az\u0259rbaycan-Rusiya m\u00fcnasib\u0259tl\u0259ri y\u00fcks\u0259k qar\u015f\u0131l\u0131ql\u0131 f\u0259aliyy\u0259t s\u0259viyy\u0259sind\u0259dir, t\u0259r\u0259fda\u015fl\u0131q\u00a0\u0259laq\u0259l\u0259ri inki\u015faf edir, h\u0259r iki d\u00f6vl\u0259tin xeyrin\u0259 m\u00f6hk\u0259ml\u0259nir. Az\u0259rbaycan v\u0259 Rusiya aras\u0131ndak\u0131 m\u00fcnasib\u0259tl\u0259r mehriban qon\u015fuluq, \u00e7ox\u0259srlik dostluq v\u0259 qar\u015f\u0131l\u0131ql\u0131 h\u00f6rm\u0259t prinsipl\u0259rin\u0259 \u0259saslan\u0131r. Bundan \u0259lav\u0259, \u00f6lk\u0259l\u0259r b\u00f6lg\u0259d\u0259 t\u0259hl\u00fck\u0259sizliyin m\u00f6hk\u0259ml\u0259nm\u0259si namin\u0259 f\u0259al \u0259m\u0259kda\u015fl\u0131q edirl\u0259r. Az\u0259rbaycan v\u0259 Rusiya aras\u0131nda uzun ill\u0259r davam ed\u0259n t\u0259r\u0259fda\u015fl\u0131q \u0259rzind\u0259 iqtisadi, h\u0259rbi-texniki v\u0259 humanitar \u0259m\u0259kda\u015fl\u0131q qurulub. Siyasi&hellip;","_links":{"self":[{"href":"https:\/\/arantv.az\/index.php?rest_route=\/wp\/v2\/posts\/120354"}],"collection":[{"href":"https:\/\/arantv.az\/index.php?rest_route=\/wp\/v2\/posts"}],"about":[{"href":"https:\/\/arantv.az\/index.php?rest_route=\/wp\/v2\/types\/post"}],"author":[{"embeddable":true,"href":"https:\/\/arantv.az\/index.php?rest_route=\/wp\/v2\/users\/2"}],"replies":[{"embeddable":true,"href":"https:\/\/arantv.az\/index.php?rest_route=%2Fwp%2Fv2%2Fcomments&post=120354"}],"version-history":[{"count":0,"href":"https:\/\/arantv.az\/index.php?rest_route=\/wp\/v2\/posts\/120354\/revisions"}],"wp:featuredmedia":[{"embeddable":true,"href":"https:\/\/arantv.az\/index.php?rest_route=\/wp\/v2\/media\/120355"}],"wp:attachment":[{"href":"https:\/\/arantv.az\/index.php?rest_route=%2Fwp%2Fv2%2Fmedia&parent=120354"}],"wp:term":[{"taxonomy":"category","embeddable":true,"href":"https:\/\/arantv.az\/index.php?rest_route=%2Fwp%2Fv2%2Fcategories&post=120354"},{"taxonomy":"post_tag","embeddable":true,"href":"https:\/\/arantv.az\/index.php?rest_route=%2Fwp%2Fv2%2Ftags&post=120354"}],"curies":[{"name":"wp","href":"https:\/\/api.w.org\/{rel}","templated":true}]}}